{"id":287820,"date":"2025-08-01T00:10:24","date_gmt":"2025-08-01T00:10:24","guid":{"rendered":"https:\/\/www.europesays.com\/fr\/287820\/"},"modified":"2025-08-01T00:10:24","modified_gmt":"2025-08-01T00:10:24","slug":"aux-heures-dete-400-spectateurs-aux-contes-musicaux-de-la-chezine-a-nantes","status":"publish","type":"post","link":"https:\/\/www.europesays.com\/fr\/287820\/","title":{"rendered":"Aux heures d\u2019\u00e9t\u00e9 : 400\u00a0spectateurs aux contes musicaux de la Ch\u00e9zine, \u00e0 Nantes"},"content":{"rendered":"<p><strong>\u00ab\u00a0Cet \u00e9t\u00e9, nous avons mis en lumi\u00e8re les cr\u00e9ations d\u2019artistes confirm\u00e9s et de groupes en formation, <\/strong>remarque Cecilia Gu\u00e9n\u00e9go, chef de projet du festival <a href=\"https:\/\/nantes.maville.com\/actu\/actudet_-ouste-on-sort-cette-semaine-avec-le-festival-aux-heures-d-ete-_52716-6891036_actu.Htm\" target=\"_blank\" rel=\"noopener\">Aux heures d\u2019\u00e9t\u00e9<\/a>, \u00e0 Nantes. <strong>La programmation a toujours comport\u00e9 des rencontres familiales dans la vall\u00e9e de la Ch\u00e9zine, \u00e0 quelques pas du pont Jules-C\u00e9sar et du boulevard des Anglais, dans un remarquable th\u00e9\u00e2tre de verdure.\u00a0\u00bb <\/strong>Du moins par beau temps\u00a0: mercredi 23\u00a0juillet, un orage a impos\u00e9 un repli strat\u00e9gique \u00e0 la maison de quartier des Dervalli\u00e8res.<\/p>\n<p>Une semaine plus tard, la narratrice Nehza Chev\u00e9 et le musicien Florent Gateau ont racont\u00e9 l\u2019histoire de deux voyageurs qui assument leurs diff\u00e9rences, cheminant \u00e0 dos de dromadaire jusqu\u2019au d\u00e9sert, o\u00f9 aura lieu une f\u00eate cont\u00e9e en fran\u00e7ais et en arabe, \u00e0 la d\u00e9couverte joyeuse et rythm\u00e9e de la culture marocaine.<\/p>\n<p>Dans le public, enfants et adultes ont chant\u00e9, scand\u00e9 des airs entra\u00eenants, r\u00eav\u00e9, anticip\u00e9 des r\u00e9ponses habilement esp\u00e9r\u00e9es, voire m\u00eame une suie du r\u00e9cit\u00a0: <strong>\u00ab\u00a0Ils vont se marier\u00a0\u00bb,<\/strong> sugg\u00e8re ainsi une petite fille \u00e0 sa m\u00e8re.<\/p>\n<p>Dernier rendez-vous le 6\u00a0ao\u00fbt<\/p>\n<p>Mercredi 6\u00a0ao\u00fbt, ce sera le dernier rendez-vous de la saison, qui a vu environ 400\u00a0spectateurs affluer chaque mercredi.<\/p>\n<p>Val\u00e9rie Donet et Cl\u00e9mence Proyez invitent leur public dans Un jardin merveilleux, m\u00e9lange d\u2019univers po\u00e9tiques et fantasques, \u00e0 la crois\u00e9e du r\u00e9el et de l\u2019imaginaire, o\u00f9 se m\u00ealent conte, musique et gestuelle inspir\u00e9e de la langue des signes, pour faire parler les arbres et donne la parole \u00e0 des objets.<\/p>\n<p><strong>Mercredi 6\u00a0ao\u00fbt,<\/strong> \u00e0 16\u00a0h, au bord de la Ch\u00e9zine, \u00e0 300\u00a0m\u00e8tres du pont Jules-C\u00e9sar et du boulevard des Anglais, \u00e0 Nantes. Gratuit.<\/p>\n<p>\u00a0<\/p>\n","protected":false},"excerpt":{"rendered":"\u00ab\u00a0Cet \u00e9t\u00e9, nous avons mis en lumi\u00e8re les cr\u00e9ations d\u2019artistes confirm\u00e9s et de groupes en formation, remarque Cecilia&hellip;\n","protected":false},"author":2,"featured_media":287821,"comment_status":"","ping_status":"","sticky":false,"template":"","format":"standard","meta":{"footnotes":""},"categories":[2818],"tags":[10851,1111,11,42651,13435,2883,1777,674,1011,27,6203,22790,766,12,2636,25,15322],"class_list":{"0":"post-287820","1":"post","2":"type-post","3":"status-publish","4":"format-standard","5":"has-post-thumbnail","7":"category-nantes","8":"tag-10851","9":"tag-actu","10":"tag-actualites","11":"tag-chezine","12":"tag-contes","13":"tag-ete","14":"tag-eu","15":"tag-europe","16":"tag-fr","17":"tag-france","18":"tag-heures","19":"tag-musicaux","20":"tag-nantes","21":"tag-news","22":"tag-pays-de-la-loire","23":"tag-republique-francaise","24":"tag-spectateurs"},"share_on_mastodon":{"url":"https:\/\/pubeurope.com\/@fr\/114950610944422599","error":""},"_links":{"self":[{"href":"https:\/\/www.europesays.com\/fr\/wp-json\/wp\/v2\/posts\/287820","targetHints":{"allow":["GET"]}}],"collection":[{"href":"https:\/\/www.europesays.com\/fr\/wp-json\/wp\/v2\/posts"}],"about":[{"href":"https:\/\/www.europesays.com\/fr\/wp-json\/wp\/v2\/types\/post"}],"author":[{"embeddable":true,"href":"https:\/\/www.europesays.com\/fr\/wp-json\/wp\/v2\/users\/2"}],"replies":[{"embeddable":true,"href":"https:\/\/www.europesays.com\/fr\/wp-json\/wp\/v2\/comments?post=287820"}],"version-history":[{"count":0,"href":"https:\/\/www.europesays.com\/fr\/wp-json\/wp\/v2\/posts\/287820\/revisions"}],"wp:featuredmedia":[{"embeddable":true,"href":"https:\/\/www.europesays.com\/fr\/wp-json\/wp\/v2\/media\/287821"}],"wp:attachment":[{"href":"https:\/\/www.europesays.com\/fr\/wp-json\/wp\/v2\/media?parent=287820"}],"wp:term":[{"taxonomy":"category","embeddable":true,"href":"https:\/\/www.europesays.com\/fr\/wp-json\/wp\/v2\/categories?post=287820"},{"taxonomy":"post_tag","embeddable":true,"href":"https:\/\/www.europesays.com\/fr\/wp-json\/wp\/v2\/tags?post=287820"}],"curies":[{"name":"wp","href":"https:\/\/api.w.org\/{rel}","templated":true}]}}