{"id":287834,"date":"2025-08-01T00:18:10","date_gmt":"2025-08-01T00:18:10","guid":{"rendered":"https:\/\/www.europesays.com\/fr\/287834\/"},"modified":"2025-08-01T00:18:10","modified_gmt":"2025-08-01T00:18:10","slug":"un-homme-recherche-arrete-par-la-police-municipale-de-marseille-apres-une-course-poursuite","status":"publish","type":"post","link":"https:\/\/www.europesays.com\/fr\/287834\/","title":{"rendered":"Un homme recherch\u00e9 arr\u00eat\u00e9 par la police municipale de Marseille apr\u00e8s une course-poursuite"},"content":{"rendered":"<p>Il \u00e9tait un peu plus de 6h30, ce jeudi matin du 31 juillet 2025, lorsqu&rsquo;une <strong>Renault Captur lanc\u00e9e \u00e0 tombeau ouvert sur l&rsquo;avenue des Chutes-Lavie<\/strong>, dans le 4e arrondissement de Marseille, a \u00e9t\u00e9 rep\u00e9r\u00e9e par une patrouille de la brigade nord de la police municipale. Mais alors que les agents activaient le deux-tons et le gyrophare pour la contr\u00f4ler, la Renault a encore acc\u00e9l\u00e9r\u00e9 pour tenter de semer les policiers.<\/p>\n<p>Lanc\u00e9 sur le boulevard Guigou, zigzaguant entre les voitures, le chauffard s&rsquo;est engouffr\u00e9 sous la passerelle de Plombi\u00e8res afin de tenter de rejoindre l&rsquo;autoroute, toujours poursuivi par les policiers municipaux, mais il a soudain percut\u00e9 un utilitaire en stationnement et perdu le contr\u00f4le de son v\u00e9hicule, qui, s\u00e9rieusement endommag\u00e9, <strong>a tir\u00e9 tout droit sous l&rsquo;autoroute A7<\/strong>, jusqu&rsquo;\u00e0 s&rsquo;immobiliser hors des voies, sous la passerelle. Bloqu\u00e9s par les voitures de patrouille, le conducteur et son passager ont \u00e9t\u00e9 sortis de l&rsquo;habitacle et menott\u00e9s au sol par les fonctionnaires, revenus \u00e0 quelques dizaines de m\u00e8tres de la base de la police municipale.<\/p>\n<p>Si la voiture n&rsquo;\u00e9tait pas signal\u00e9e vol\u00e9e, <strong>son conducteur, un homme \u00e2g\u00e9 de 23 ans, faisait l&rsquo;objet d&rsquo;une fiche de recherches<\/strong>. Son passager, \u00e2g\u00e9 de 23 ans lui aussi, \u00e9tait \u00e9galement d\u00e9favorablement connu des services de police, notamment pour des faits de violence sur personnes d\u00e9positaires de l&rsquo;autorit\u00e9 publique. Les deux hommes avaient pass\u00e9 la nuit \u00e0 consommer du protoxyde d&rsquo;azote lorsqu&rsquo;ils ont crois\u00e9 la route de la patrouille au petit matin. Ils ont \u00e9t\u00e9 plac\u00e9s en garde \u00e0 vue.<\/p>\n","protected":false},"excerpt":{"rendered":"Il \u00e9tait un peu plus de 6h30, ce jeudi matin du 31 juillet 2025, lorsqu&rsquo;une Renault Captur lanc\u00e9e&hellip;\n","protected":false},"author":2,"featured_media":287835,"comment_status":"","ping_status":"","sticky":false,"template":"","format":"standard","meta":{"footnotes":""},"categories":[2814],"tags":[17,1111,11,11354,1777,674,274,1011,27,4933,884,16009,12,5912,1072,882,959,25],"class_list":{"0":"post-287834","1":"post","2":"type-post","3":"status-publish","4":"format-standard","5":"has-post-thumbnail","7":"category-marseille","8":"tag-17","9":"tag-actu","10":"tag-actualites","11":"tag-arrete","12":"tag-eu","13":"tag-europe","14":"tag-faits-divers-justice","15":"tag-fr","16":"tag-france","17":"tag-homme","18":"tag-marseille","19":"tag-municipale","20":"tag-news","21":"tag-par","22":"tag-police","23":"tag-provence-alpes-cote-dazur","24":"tag-recherche","25":"tag-republique-francaise"},"share_on_mastodon":{"url":"https:\/\/pubeurope.com\/@fr\/114950642285756225","error":""},"_links":{"self":[{"href":"https:\/\/www.europesays.com\/fr\/wp-json\/wp\/v2\/posts\/287834","targetHints":{"allow":["GET"]}}],"collection":[{"href":"https:\/\/www.europesays.com\/fr\/wp-json\/wp\/v2\/posts"}],"about":[{"href":"https:\/\/www.europesays.com\/fr\/wp-json\/wp\/v2\/types\/post"}],"author":[{"embeddable":true,"href":"https:\/\/www.europesays.com\/fr\/wp-json\/wp\/v2\/users\/2"}],"replies":[{"embeddable":true,"href":"https:\/\/www.europesays.com\/fr\/wp-json\/wp\/v2\/comments?post=287834"}],"version-history":[{"count":0,"href":"https:\/\/www.europesays.com\/fr\/wp-json\/wp\/v2\/posts\/287834\/revisions"}],"wp:featuredmedia":[{"embeddable":true,"href":"https:\/\/www.europesays.com\/fr\/wp-json\/wp\/v2\/media\/287835"}],"wp:attachment":[{"href":"https:\/\/www.europesays.com\/fr\/wp-json\/wp\/v2\/media?parent=287834"}],"wp:term":[{"taxonomy":"category","embeddable":true,"href":"https:\/\/www.europesays.com\/fr\/wp-json\/wp\/v2\/categories?post=287834"},{"taxonomy":"post_tag","embeddable":true,"href":"https:\/\/www.europesays.com\/fr\/wp-json\/wp\/v2\/tags?post=287834"}],"curies":[{"name":"wp","href":"https:\/\/api.w.org\/{rel}","templated":true}]}}