{"id":287836,"date":"2025-08-01T00:19:10","date_gmt":"2025-08-01T00:19:10","guid":{"rendered":"https:\/\/www.europesays.com\/fr\/287836\/"},"modified":"2025-08-01T00:19:10","modified_gmt":"2025-08-01T00:19:10","slug":"plus-de-150-kg-de-cocaine-interceptes-quatre-arrestations-a-barcelone","status":"publish","type":"post","link":"https:\/\/www.europesays.com\/fr\/287836\/","title":{"rendered":"plus de 150 kg de coca\u00efne intercept\u00e9s, quatre arrestations \u00e0 Barcelone"},"content":{"rendered":"\n<p>Un butin estim\u00e9 \u00e0 pr\u00e8s de 9\u00a0millions d\u2019euros \u00e0 la revente. Au d\u00e9but du mois de juillet, les douanes fran\u00e7aises ont saisi sur le Grand port maritime de Marseille-Fos (GPMM) quelque 138,5 kg de coca\u00efne dans un conteneur \u00e0 destination de Barcelone, ont-elles annonc\u00e9 ce jeudi par communiqu\u00e9. En lien avec les douanes espagnoles et la juridiction interr\u00e9gionale sp\u00e9cialis\u00e9e (Jirs) de Marseille, cette saisie a aussi permis d\u2019interpeller quatre personnes en Espagne.<\/p>\n<p>En provenance du Chili, le navire \u00e9tait arriv\u00e9 \u00e0 la fin du mois de juin dans les bassins ouest du grand port maritime pour une escale prolong\u00e9e, apr\u00e8s un passage par l\u2019\u00c9quateur, racontent les douanes, qui ont alors d\u00e9cid\u00e9 de r\u00e9aliser un contr\u00f4le renforc\u00e9 sur les conteneurs d\u00e9barqu\u00e9s. \u00ab\u00a0180 des 1\u00a0820\u00a0conteneurs d\u00e9charg\u00e9s sont identifi\u00e9s comme prioritaires lors des op\u00e9rations de ciblage r\u00e9alis\u00e9es par les douaniers, d\u00e9taille le communiqu\u00e9. Ils sont imm\u00e9diatement bloqu\u00e9s et inspect\u00e9s \u00e0 l\u2019aide du scanner mobile sp\u00e9cial, mobilis\u00e9 pour l\u2019occasion.\u00a0\u00bb Ce n\u2019est qu\u2019apr\u00e8s plusieurs jours que la cargaison est d\u00e9couverte, dans un conteneur transportant des rouleaux de cartons. \u00ab\u00a0\u00c0 l\u2019ouverture, les douaniers de la brigade des douanes de Port-Saint-Louis d\u00e9couvrent, dissimul\u00e9s au milieu de la cargaison licite, plusieurs sacs en toile synth\u00e9tique contenant des pains de coca\u00efne, camoufl\u00e9s entre les bobines de carton\u00a0\u00bb, narrent les douanes. Une technique dite du \u00ab\u00a0ripp-off\u00a0\u00bb, dans laquelle la drogue est gliss\u00e9e dans le fret commercial licite.<\/p>\n<p> Un r\u00e9seau ancr\u00e9 dans la logistique maritime\n              <\/p>\n<p>Le conteneur, lui, a suivi sa route d\u00e8s le 10\u00a0juillet, plac\u00e9 sous \u00e9troite surveillance, la Jirs se saisissant de la proc\u00e9dure le 4\u00a0juillet. Il est stock\u00e9 dans un entrep\u00f4t situ\u00e9 \u00e0 30\u00a0km de Barcelone quand les autorit\u00e9s espagnoles interviennent et interpellent deux personnes sur place, pour apr\u00e8s des perquisitions qui permettent \u00ab\u00a0de r\u00e9v\u00e9ler l\u2019existence de complicit\u00e9s portuaires\u00a0\u00bb, de deux autres individus. \u00ab\u00a0Cette op\u00e9ration illustre la coop\u00e9ration \u00e9troite et efficace entre les douanes fran\u00e7aises et espagnoles\u00a0\u00bb, applaudissent-elles aujourd\u2019hui. En poursuivant leur travail\u00a0: un nouveau chargement de 16 kg de coca\u00efne cette fois a \u00e9t\u00e9 rep\u00e9r\u00e9 par le scanner au chargement, le 10 juillet dernier. Une nouvelle fois au milieu de marchandises licites, sans qu\u2019aucun lien ne soit \u00e9tabli entre les deux affaires.<\/p>\n","protected":false},"excerpt":{"rendered":"Un butin estim\u00e9 \u00e0 pr\u00e8s de 9\u00a0millions d\u2019euros \u00e0 la revente. Au d\u00e9but du mois de juillet, les&hellip;\n","protected":false},"author":2,"featured_media":287837,"comment_status":"","ping_status":"","sticky":false,"template":"","format":"standard","meta":{"footnotes":""},"categories":[2814],"tags":[1111,11,1777,674,1011,27,884,8721,12,882,25],"class_list":{"0":"post-287836","1":"post","2":"type-post","3":"status-publish","4":"format-standard","5":"has-post-thumbnail","7":"category-marseille","8":"tag-actu","9":"tag-actualites","10":"tag-eu","11":"tag-europe","12":"tag-fr","13":"tag-france","14":"tag-marseille","15":"tag-narcotrafic","16":"tag-news","17":"tag-provence-alpes-cote-dazur","18":"tag-republique-francaise"},"share_on_mastodon":{"url":"https:\/\/pubeurope.com\/@fr\/114950646240107713","error":""},"_links":{"self":[{"href":"https:\/\/www.europesays.com\/fr\/wp-json\/wp\/v2\/posts\/287836","targetHints":{"allow":["GET"]}}],"collection":[{"href":"https:\/\/www.europesays.com\/fr\/wp-json\/wp\/v2\/posts"}],"about":[{"href":"https:\/\/www.europesays.com\/fr\/wp-json\/wp\/v2\/types\/post"}],"author":[{"embeddable":true,"href":"https:\/\/www.europesays.com\/fr\/wp-json\/wp\/v2\/users\/2"}],"replies":[{"embeddable":true,"href":"https:\/\/www.europesays.com\/fr\/wp-json\/wp\/v2\/comments?post=287836"}],"version-history":[{"count":0,"href":"https:\/\/www.europesays.com\/fr\/wp-json\/wp\/v2\/posts\/287836\/revisions"}],"wp:featuredmedia":[{"embeddable":true,"href":"https:\/\/www.europesays.com\/fr\/wp-json\/wp\/v2\/media\/287837"}],"wp:attachment":[{"href":"https:\/\/www.europesays.com\/fr\/wp-json\/wp\/v2\/media?parent=287836"}],"wp:term":[{"taxonomy":"category","embeddable":true,"href":"https:\/\/www.europesays.com\/fr\/wp-json\/wp\/v2\/categories?post=287836"},{"taxonomy":"post_tag","embeddable":true,"href":"https:\/\/www.europesays.com\/fr\/wp-json\/wp\/v2\/tags?post=287836"}],"curies":[{"name":"wp","href":"https:\/\/api.w.org\/{rel}","templated":true}]}}