{"id":287844,"date":"2025-08-01T00:24:14","date_gmt":"2025-08-01T00:24:14","guid":{"rendered":"https:\/\/www.europesays.com\/fr\/287844\/"},"modified":"2025-08-01T00:24:14","modified_gmt":"2025-08-01T00:24:14","slug":"suspecte-faits-incrimines-ce-que-lon-sait-des-viols-et-agressions-sexuelles-dans-une-ecole-maternelle-de-lherault","status":"publish","type":"post","link":"https:\/\/www.europesays.com\/fr\/287844\/","title":{"rendered":"Suspecte, faits incrimin\u00e9s\u2026 Ce que l\u2019on sait des viols et agressions sexuelles dans une \u00e9cole maternelle de l\u2019H\u00e9rault"},"content":{"rendered":"<p class=\"paragraph text_align_left lp-f-body-02\">Elle est soup\u00e7onn\u00e9e d\u2019avoir agress\u00e9 des enfants sur son lieu de travail en l\u2019espace de quelques mois. Jeudi, <a href=\"https:\/\/www.leparisien.fr\/faits-divers\/herault-une-assistante-decole-maternelle-ecrouee-pour-viols-et-agressions-sexuelles-sur-9-enfants-31-07-2025-7FY4JHRUQJFSZCFFZJM6RYEAQE.php\" target=\"_self\" rel=\"nofollow noopener\">une assistante maternelle h\u00e9raultaise a \u00e9t\u00e9 pr\u00e9sent\u00e9e \u00e0 un juge d\u2019instruction puis mise en examen et \u00e9crou\u00e9e<\/a> dans le cadre d\u2019une enqu\u00eate pour viols et agressions sexuelles.<\/p>\n<p>Quels sont les faits incrimin\u00e9s ?<\/p>\n<p class=\"paragraph text_align_left lp-f-body-02\">La suspecte est soup\u00e7onn\u00e9e d\u2019avoir commis \u00ab des actes de p\u00e9n\u00e9tration digitale et de masturbation \u00bb, selon un communiqu\u00e9 du procureur de la R\u00e9publique de Montpellier rendu public ce jeudi.<\/p>\n<p class=\"paragraph text_align_left lp-f-body-02\">Les faits sont \u00ab susceptibles d\u2019avoir \u00e9t\u00e9 commis sur neuf enfants \u00e2g\u00e9s de 3 \u00e0 4 ans \u00bb, entre le 1er octobre 2024 et le 2 juillet 2025, au sein de l\u2019\u00e9cole maternelle Les Aresquiers, \u00e0 Vic-la-Gardiole.<\/p>\n<p>Qui est la suspecte ?<\/p>\n<p class=\"paragraph text_align_left lp-f-body-02\">\u00c2g\u00e9e de 59 ans, cette femme est un agent territorial sp\u00e9cialis\u00e9 des \u00e9coles maternelles (ATSEM). Elle \u00e9tait employ\u00e9e au sein de l\u2019\u00e9cole maternelle depuis le 1er octobre 2024, soit le jour de la premi\u00e8re agression pr\u00e9sum\u00e9e.<\/p>\n<p class=\"lp-card-podcast-highlighting__title  lp-f-subtitle-05\">[1\/4] C\u00e9cile Vallin, les secrets d\u2019une disparition<\/p>\n<p class=\"lp-card-podcast-highlighting__description lp-f-ui-05\">Crime story raconte chaque semaine les grandes affaires criminelles.<\/p>\n<p><a class=\"lp-card-podcast-highlighting__call-to-action\" data-page-type=\"HP\" data-block-name=\"podcast-highlight\">\u00c9couter<\/a><\/p>\n<p class=\"paragraph text_align_left lp-f-body-02\">La quinquag\u00e9naire a fait l\u2019objet d\u2019une suspension administrative \u00e0 titre conservatoire le 3 juillet 2025 par son employeur en raison des suspicions qui pesaient sur elle.<\/p>\n<p>O\u00f9 en est l\u2019enqu\u00eate ?<\/p>\n<p class=\"paragraph text_align_left lp-f-body-02\">C\u2019est une plainte d\u00e9pos\u00e9e en gendarmerie par deux familles d\u00e9but juillet, selon <a href=\"https:\/\/www.francebleu.fr\/infos\/faits-divers-justice\/une-femme-mise-en-examen-apres-des-viols-et-des-agressions-sexuelles-a-l-ecole-maternelle-de-vic-la-gardiole-8795689\" target=\"_self\" rel=\"nofollow noopener\">Ici H\u00e9rault<\/a>, qui a tout d\u00e9clench\u00e9. Le 29, une information judiciaire a \u00e9t\u00e9 ouverte au tribunal judiciaire de Montpellier pour des faits de \u00ab viols sur mineurs de 15 ans et d\u2019agression sexuelle sur mineurs de 15 ans par personne ayant autorit\u00e9 \u00bb.<\/p>\n<p class=\"paragraph text_align_left lp-f-body-02\">Aujourd\u2019hui, les investigations se poursuivent sous la direction du magistrat instructeur et ont \u00e9t\u00e9 confi\u00e9es \u00e0 la Brigade de recherche de Castelnau-le-Lez.<\/p>\n","protected":false},"excerpt":{"rendered":"Elle est soup\u00e7onn\u00e9e d\u2019avoir agress\u00e9 des enfants sur son lieu de travail en l\u2019espace de quelques mois. Jeudi,&hellip;\n","protected":false},"author":2,"featured_media":287845,"comment_status":"","ping_status":"","sticky":false,"template":"","format":"standard","meta":{"footnotes":""},"categories":[1888],"tags":[1111,1928,11,1927,459,1777,674,118,1011,27,12,1926,626,1925,25],"class_list":{"0":"post-287844","1":"post","2":"type-post","3":"status-publish","4":"format-standard","5":"has-post-thumbnail","7":"category-paris","8":"tag-actu","9":"tag-actu-paris","10":"tag-actualites","11":"tag-actualites-paris","12":"tag-departements-horsidfo","13":"tag-eu","14":"tag-europe","15":"tag-faits-divers","16":"tag-fr","17":"tag-france","18":"tag-news","19":"tag-news-paris","20":"tag-paris","21":"tag-paris-news","22":"tag-republique-francaise"},"share_on_mastodon":{"url":"https:\/\/pubeurope.com\/@fr\/114950666051411755","error":""},"_links":{"self":[{"href":"https:\/\/www.europesays.com\/fr\/wp-json\/wp\/v2\/posts\/287844","targetHints":{"allow":["GET"]}}],"collection":[{"href":"https:\/\/www.europesays.com\/fr\/wp-json\/wp\/v2\/posts"}],"about":[{"href":"https:\/\/www.europesays.com\/fr\/wp-json\/wp\/v2\/types\/post"}],"author":[{"embeddable":true,"href":"https:\/\/www.europesays.com\/fr\/wp-json\/wp\/v2\/users\/2"}],"replies":[{"embeddable":true,"href":"https:\/\/www.europesays.com\/fr\/wp-json\/wp\/v2\/comments?post=287844"}],"version-history":[{"count":0,"href":"https:\/\/www.europesays.com\/fr\/wp-json\/wp\/v2\/posts\/287844\/revisions"}],"wp:featuredmedia":[{"embeddable":true,"href":"https:\/\/www.europesays.com\/fr\/wp-json\/wp\/v2\/media\/287845"}],"wp:attachment":[{"href":"https:\/\/www.europesays.com\/fr\/wp-json\/wp\/v2\/media?parent=287844"}],"wp:term":[{"taxonomy":"category","embeddable":true,"href":"https:\/\/www.europesays.com\/fr\/wp-json\/wp\/v2\/categories?post=287844"},{"taxonomy":"post_tag","embeddable":true,"href":"https:\/\/www.europesays.com\/fr\/wp-json\/wp\/v2\/tags?post=287844"}],"curies":[{"name":"wp","href":"https:\/\/api.w.org\/{rel}","templated":true}]}}