{"id":28785,"date":"2025-04-16T08:05:27","date_gmt":"2025-04-16T08:05:27","guid":{"rendered":"https:\/\/www.europesays.com\/fr\/28785\/"},"modified":"2025-04-16T08:05:27","modified_gmt":"2025-04-16T08:05:27","slug":"saint-etienne-80-policiers-mobilises-pour-demanteler-un-point-de-deal","status":"publish","type":"post","link":"https:\/\/www.europesays.com\/fr\/28785\/","title":{"rendered":"Saint-\u00c9tienne : 80 policiers mobilis\u00e9s pour d\u00e9manteler un point de deal"},"content":{"rendered":"<p>Dix personnes ont \u00e9t\u00e9 interpell\u00e9es, ce lundi 14 avril, lors d&rsquo;une vaste op\u00e9ration des forces de l&rsquo;ordre dans plusieurs quartiers de Saint-\u00c9tienne. Objectif : d\u00e9manteler le point de deal de Montreynaud.<\/p>\n<p>Il est install\u00e9 depuis des ann\u00e9es sur les hauteurs du quartier.<\/p>\n<p>Le point de deal de <b>Montreynaud<\/b> est d\u00e9sormais ferm\u00e9. C&rsquo;est ce qu&rsquo;affirme le directeur interd\u00e9partemental de la police nationale, <b>Yves Cellier<\/b>, dans les colonnes du <a class=\"url\" href=\"https:\/\/c.leprogres.fr\/faits-divers-justice\/2025\/04\/14\/80-policiers-mobilises-10-interpellations-un-point-de-deal-demantele-a-saint-etienne\" target=\"_blank\" rel=\"noopener\">Progr\u00e8s<\/a>.<\/p>\n<p>Une pr\u00e9sence polici\u00e8re renforc\u00e9e<\/p>\n<p>Apr\u00e8s s&rsquo;\u00eatre attaqu\u00e9 aux trafiquants de <b>Firminy<\/b> ces derni\u00e8res semaines, le patron des policiers de la Loire revient sur cette op\u00e9ration coup de poing men\u00e9e, ce lundi 14 avril, dans plusieurs quartiers de <b>Saint-\u00c9tienne<\/b>.\u00a0<\/p>\n<p><b>Pr\u00e8s de 80 fonctionnaires<\/b> ont \u00e9t\u00e9 mobilis\u00e9s d\u00e8s 6h. Avec, \u00e0 la clef, <b>l&rsquo;interpellation d&rsquo;au moins dix individus<\/b>, identifi\u00e9s et cibl\u00e9s par les forces de l&rsquo;ordre.<\/p>\n<p>D&rsquo;apr\u00e8s le quotidien, un dispositif de <b>s\u00e9curisation renforc\u00e9e<\/b> a \u00e9galement \u00e9t\u00e9 mis en place dans le quartier pour \u00e9viter tout retour des dealers dans le secteur. Nouvelle preuve de ce <b>bras de fer<\/b> engag\u00e9 contre les trafiquants dans le d\u00e9partement.<\/p>\n<p><img loading=\"lazy\" decoding=\"async\" src=\"https:\/\/www.europesays.com\/fr\/wp-content\/uploads\/2025\/04\/1744790727_907_img\" width=\"350\" height=\"200\" border=\"0\" title=\"Une op\u00c3\u00a9ration de contr\u00c3\u00b4le des sacs au coll\u00c3\u00a8ge Jules Vall\u00c3\u00a8s, \u00c3\u00a0 Saint-\u00c3\u0089tienne\"\/><\/p>\n<p>\u25baFaits divers<\/p>\n<p style=\"font-size: 22px;\"><b>Saint-\u00c9tienne : une centaine d&rsquo;\u00e9l\u00e8ves contr\u00f4l\u00e9s au coll\u00e8ge Jules Vall\u00e8s<\/b><\/p>\n<p>Une op\u00e9ration de contr\u00f4le a \u00e9t\u00e9 men\u00e9e, ce mardi&#8230;<\/p>\n<p><\/p>\n","protected":false},"excerpt":{"rendered":"Dix personnes ont \u00e9t\u00e9 interpell\u00e9es, ce lundi 14 avril, lors d&rsquo;une vaste op\u00e9ration des forces de l&rsquo;ordre dans&hellip;\n","protected":false},"author":2,"featured_media":28786,"comment_status":"","ping_status":"","sticky":false,"template":"","format":"standard","meta":{"footnotes":""},"categories":[9653],"tags":[1111,11,2430,10083,1777,674,1011,27,10085,10086,12,1072,25,9920,4001,10084,1097],"class_list":{"0":"post-28785","1":"post","2":"type-post","3":"status-publish","4":"format-standard","5":"has-post-thumbnail","7":"category-saint-etienne","8":"tag-actu","9":"tag-actualites","10":"tag-auvergne-rhone-alpes","11":"tag-deal","12":"tag-eu","13":"tag-europe","14":"tag-fr","15":"tag-france","16":"tag-garde-vue","17":"tag-montreynaud","18":"tag-news","19":"tag-police","20":"tag-republique-francaise","21":"tag-saint-tienne","22":"tag-saint-etienne","23":"tag-stupfiants","24":"tag-trafic"},"share_on_mastodon":{"url":"https:\/\/pubeurope.com\/@fr\/114346611625040785","error":""},"_links":{"self":[{"href":"https:\/\/www.europesays.com\/fr\/wp-json\/wp\/v2\/posts\/28785","targetHints":{"allow":["GET"]}}],"collection":[{"href":"https:\/\/www.europesays.com\/fr\/wp-json\/wp\/v2\/posts"}],"about":[{"href":"https:\/\/www.europesays.com\/fr\/wp-json\/wp\/v2\/types\/post"}],"author":[{"embeddable":true,"href":"https:\/\/www.europesays.com\/fr\/wp-json\/wp\/v2\/users\/2"}],"replies":[{"embeddable":true,"href":"https:\/\/www.europesays.com\/fr\/wp-json\/wp\/v2\/comments?post=28785"}],"version-history":[{"count":0,"href":"https:\/\/www.europesays.com\/fr\/wp-json\/wp\/v2\/posts\/28785\/revisions"}],"wp:featuredmedia":[{"embeddable":true,"href":"https:\/\/www.europesays.com\/fr\/wp-json\/wp\/v2\/media\/28786"}],"wp:attachment":[{"href":"https:\/\/www.europesays.com\/fr\/wp-json\/wp\/v2\/media?parent=28785"}],"wp:term":[{"taxonomy":"category","embeddable":true,"href":"https:\/\/www.europesays.com\/fr\/wp-json\/wp\/v2\/categories?post=28785"},{"taxonomy":"post_tag","embeddable":true,"href":"https:\/\/www.europesays.com\/fr\/wp-json\/wp\/v2\/tags?post=28785"}],"curies":[{"name":"wp","href":"https:\/\/api.w.org\/{rel}","templated":true}]}}