{"id":287859,"date":"2025-08-01T00:32:16","date_gmt":"2025-08-01T00:32:16","guid":{"rendered":"https:\/\/www.europesays.com\/fr\/287859\/"},"modified":"2025-08-01T00:32:16","modified_gmt":"2025-08-01T00:32:16","slug":"vol-dor-celtique-en-allemagne-les-accuses-condamnes-le-tresor-disparu","status":"publish","type":"post","link":"https:\/\/www.europesays.com\/fr\/287859\/","title":{"rendered":"Vol d\u2019or celtique en Allemagne\u00a0: les accus\u00e9s condamn\u00e9s, le tr\u00e9sor disparu"},"content":{"rendered":"<p>Le tribunal a estim\u00e9 prouv\u00e9 que trois des quatre accus\u00e9s, \u00e2g\u00e9s de 44 \u00e0 52 ans, s\u2019\u00e9taient introduits par effraction dans le mus\u00e9e. Le quatri\u00e8me accus\u00e9 n\u2019a pas \u00e9t\u00e9 reconnu coupable pour ce cas, mais pour d\u2019autres cambriolages.<\/p>\n<p>Le sort de cette collection, plus grande d\u00e9couverte d\u2019or celtique du XXe\u00a0si\u00e8cle et dont la valeur marchande s\u2019\u00e9l\u00e8ve \u00e0 environ 1,3\u00a0million d\u2019euros, \u00ab\u00a0n\u2019a pas pu \u00eatre \u00e9lucid\u00e9 lors de la proc\u00e9dure\u00a0\u00bb.<\/p>\n<p><strong>Une partie du butin a \u00e9t\u00e9 irr\u00e9m\u00e9diablement d\u00e9truite<\/strong>\u00a0: sur environ 3,7\u00a0kg de poids total, environ 500 grammes de pi\u00e8ces ont \u00e9t\u00e9 retrouv\u00e9s fondues \u2013 peut-\u00eatre pour \u00eatre plus facilement \u00e9coul\u00e9es \u2013 chez l\u2019un des accus\u00e9s.<\/p>\n<p>Le reste du tr\u00e9sor n\u2019a pas \u00e9t\u00e9 retrouv\u00e9.<\/p>\n","protected":false},"excerpt":{"rendered":"Le tribunal a estim\u00e9 prouv\u00e9 que trois des quatre accus\u00e9s, \u00e2g\u00e9s de 44 \u00e0 52 ans, s\u2019\u00e9taient introduits&hellip;\n","protected":false},"author":2,"featured_media":287860,"comment_status":"","ping_status":"","sticky":false,"template":"","format":"standard","meta":{"footnotes":""},"categories":[1587],"tags":[11,672,1804,1805,1803,1777,674,1801,12,1802],"class_list":{"0":"post-287859","1":"post","2":"type-post","3":"status-publish","4":"format-standard","5":"has-post-thumbnail","7":"category-allemagne","8":"tag-actualites","9":"tag-allemagne","10":"tag-bundesrepublik-deutschland","11":"tag-de","12":"tag-deutschland","13":"tag-eu","14":"tag-europe","15":"tag-germany","16":"tag-news","17":"tag-republique-federale-dallemagne"},"share_on_mastodon":{"url":"https:\/\/pubeurope.com\/@fr\/114950697442345926","error":""},"_links":{"self":[{"href":"https:\/\/www.europesays.com\/fr\/wp-json\/wp\/v2\/posts\/287859","targetHints":{"allow":["GET"]}}],"collection":[{"href":"https:\/\/www.europesays.com\/fr\/wp-json\/wp\/v2\/posts"}],"about":[{"href":"https:\/\/www.europesays.com\/fr\/wp-json\/wp\/v2\/types\/post"}],"author":[{"embeddable":true,"href":"https:\/\/www.europesays.com\/fr\/wp-json\/wp\/v2\/users\/2"}],"replies":[{"embeddable":true,"href":"https:\/\/www.europesays.com\/fr\/wp-json\/wp\/v2\/comments?post=287859"}],"version-history":[{"count":0,"href":"https:\/\/www.europesays.com\/fr\/wp-json\/wp\/v2\/posts\/287859\/revisions"}],"wp:featuredmedia":[{"embeddable":true,"href":"https:\/\/www.europesays.com\/fr\/wp-json\/wp\/v2\/media\/287860"}],"wp:attachment":[{"href":"https:\/\/www.europesays.com\/fr\/wp-json\/wp\/v2\/media?parent=287859"}],"wp:term":[{"taxonomy":"category","embeddable":true,"href":"https:\/\/www.europesays.com\/fr\/wp-json\/wp\/v2\/categories?post=287859"},{"taxonomy":"post_tag","embeddable":true,"href":"https:\/\/www.europesays.com\/fr\/wp-json\/wp\/v2\/tags?post=287859"}],"curies":[{"name":"wp","href":"https:\/\/api.w.org\/{rel}","templated":true}]}}