{"id":287861,"date":"2025-08-01T00:33:11","date_gmt":"2025-08-01T00:33:11","guid":{"rendered":"https:\/\/www.europesays.com\/fr\/287861\/"},"modified":"2025-08-01T00:33:11","modified_gmt":"2025-08-01T00:33:11","slug":"collette-annonce-un-nouveau-circuit-hivernal-axe-sur-les-marches-de-noel-en-europe","status":"publish","type":"post","link":"https:\/\/www.europesays.com\/fr\/287861\/","title":{"rendered":"Collette annonce un nouveau circuit hivernal ax\u00e9 sur les march\u00e9s de No\u00ebl en Europe"},"content":{"rendered":"<p>                    <a href=\"https:\/\/www.travelpulsequebec.ca\/bio\/natasha-lair-mckenty\" title=\"Natasha Lair-McKenty\" target=\"_blank\" rel=\"noopener\"><img decoding=\"async\" src=\"https:\/\/www.europesays.com\/fr\/wp-content\/uploads\/2025\/08\/Natasha-Lair-McKenty.jpg\" alt=\"Natasha Lair-McKenty\" title=\"Natasha Lair-McKenty\" loading=\"lazy\" class=\"author-image w-80 w-48\"\/><\/a><a href=\"https:\/\/www.travelpulsequebec.ca\/bio\/bert-archer\" title=\"Bert Archer\" target=\"_blank\" rel=\"noopener\"><img decoding=\"async\" src=\"https:\/\/www.europesays.com\/fr\/wp-content\/uploads\/2025\/06\/Bert-Archer.png\" alt=\"Bert Archer\" title=\"Bert Archer\" loading=\"lazy\" class=\"author-image w-80 w-48\"\/><\/a><\/p>\n<p>Collette lance un nouveau circuit de neuf jours \u00e0 travers l\u2019Allemagne, la Suisse et la France, centr\u00e9 sur les march\u00e9s de No\u00ebl et les traditions hivernales europ\u00e9ennes.<\/p>\n<p>\u00a0<\/p>\n<p>L\u2019itin\u00e9raire passe par plusieurs villes reconnues pour leur d\u00e9cor saisonnier, comme les rues m\u00e9di\u00e9vales de Ratisbonne, le centre historique de Colmar et les abords du lac de Lucerne.<\/p>\n<p>\u00a0<\/p>\n<p>Les participants visiteront des march\u00e9s de No\u00ebl, d\u00e9couvriront des quartiers anciens et go\u00fbteront \u00e0 des sp\u00e9cialit\u00e9s r\u00e9gionales telles que des plats bavarois, alsaciens et suisses.<\/p>\n<p>\u00a0<\/p>\n<p>\u00ab Ce circuit met en lumi\u00e8re les march\u00e9s de No\u00ebl les plus connus d\u2019Europe, leurs traditions et leur ambiance festive \u00bb, indique Diana Ditto, vice-pr\u00e9sidente \u00e0 la strat\u00e9gie de croissance et au marketing des produits chez Collette.<\/p>\n<p>\u00a0<\/p>\n<p>Des arr\u00eats sont \u00e9galement pr\u00e9vus \u00e0 Strasbourg et Fribourg, avec des visites guid\u00e9es pour mieux comprendre les coutumes et pratiques culturelles de la saison.<\/p>\n<p>R\u00e9dig\u00e9 par Bert Archer<\/p>\n<p>&#13;<br \/>\n        Sujets de cet article \u00e0 explorer&#13;<\/p>\n","protected":false},"excerpt":{"rendered":"Collette lance un nouveau circuit de neuf jours \u00e0 travers l\u2019Allemagne, la Suisse et la France, centr\u00e9 sur&hellip;\n","protected":false},"author":2,"featured_media":287862,"comment_status":"","ping_status":"","sticky":false,"template":"","format":"standard","meta":{"footnotes":""},"categories":[1586],"tags":[11,42656,18304,1777,674,1011,27,34058,12,25,6419,34056],"class_list":{"0":"post-287861","1":"post","2":"type-post","3":"status-publish","4":"format-standard","5":"has-post-thumbnail","7":"category-europe","8":"tag-actualites","9":"tag-collette","10":"tag-destinations","11":"tag-eu","12":"tag-europe","13":"tag-fr","14":"tag-france","15":"tag-homepage-top-stories","16":"tag-news","17":"tag-republique-francaise","18":"tag-tour-operateurs","19":"tag-travelpulse-quebec"},"share_on_mastodon":{"url":"https:\/\/pubeurope.com\/@fr\/114950701406611544","error":""},"_links":{"self":[{"href":"https:\/\/www.europesays.com\/fr\/wp-json\/wp\/v2\/posts\/287861","targetHints":{"allow":["GET"]}}],"collection":[{"href":"https:\/\/www.europesays.com\/fr\/wp-json\/wp\/v2\/posts"}],"about":[{"href":"https:\/\/www.europesays.com\/fr\/wp-json\/wp\/v2\/types\/post"}],"author":[{"embeddable":true,"href":"https:\/\/www.europesays.com\/fr\/wp-json\/wp\/v2\/users\/2"}],"replies":[{"embeddable":true,"href":"https:\/\/www.europesays.com\/fr\/wp-json\/wp\/v2\/comments?post=287861"}],"version-history":[{"count":0,"href":"https:\/\/www.europesays.com\/fr\/wp-json\/wp\/v2\/posts\/287861\/revisions"}],"wp:featuredmedia":[{"embeddable":true,"href":"https:\/\/www.europesays.com\/fr\/wp-json\/wp\/v2\/media\/287862"}],"wp:attachment":[{"href":"https:\/\/www.europesays.com\/fr\/wp-json\/wp\/v2\/media?parent=287861"}],"wp:term":[{"taxonomy":"category","embeddable":true,"href":"https:\/\/www.europesays.com\/fr\/wp-json\/wp\/v2\/categories?post=287861"},{"taxonomy":"post_tag","embeddable":true,"href":"https:\/\/www.europesays.com\/fr\/wp-json\/wp\/v2\/tags?post=287861"}],"curies":[{"name":"wp","href":"https:\/\/api.w.org\/{rel}","templated":true}]}}