{"id":287863,"date":"2025-08-01T00:34:11","date_gmt":"2025-08-01T00:34:11","guid":{"rendered":"https:\/\/www.europesays.com\/fr\/287863\/"},"modified":"2025-08-01T00:34:11","modified_gmt":"2025-08-01T00:34:11","slug":"deux-arnaques-du-moment","status":"publish","type":"post","link":"https:\/\/www.europesays.com\/fr\/287863\/","title":{"rendered":"Deux arnaques du moment !"},"content":{"rendered":"<p><strong>La France masque-t-elle sa r\u00e9cession ?\u00a0 L\u2019\u00e9conomiste Marc Touati fait une analyse critique des chiffres du PIB. Et d\u00e9nonce les deux grosses arnaques du moment : la croissance fran\u00e7aise et l\u2019accord commercial entre Trump et von der Leyen.<\/strong><\/p>\n<p><img loading=\"lazy\" decoding=\"async\" class=\"size-full wp-image-81418\" src=\"https:\/\/www.europesays.com\/fr\/wp-content\/uploads\/2025\/08\/Marc-Touati-4.jpg\" alt=\"Marc-Touati\" width=\"1200\" height=\"800\"  \/><\/p>\n<p>Des statistiques officielles remises en question<\/p>\n<p>Selon une analyse critique des derniers chiffres \u00e9conomiques fran\u00e7ais, la croissance officielle du PIB de +0,3% au deuxi\u00e8me trimestre 2025 cacherait une r\u00e9alit\u00e9 bien plus sombre. Marc Touati d\u00e9nonce ce qu\u2019il consid\u00e8re comme une manipulation statistique majeure.<\/p>\n<p>Une r\u00e9cession masqu\u00e9e par les variations de stocks<\/p>\n<p>Le point central de cette critique porte sur la diff\u00e9rence entre le PIB officiel et le PIB \u00ab\u00a0hors stocks\u00a0\u00bb. Selon les calculs pr\u00e9sent\u00e9s, si l\u2019on retire l\u2019effet des variations de stocks \u2013 consid\u00e9r\u00e9es comme une \u00ab\u00a0variable d\u2019ajustement\u00a0\u00bb \u2014 la France conna\u00eetrait en r\u00e9alit\u00e9 deux trimestres cons\u00e9cutifs de baisse :<\/p>\n<ul>\n<li>Premier trimestre 2025 : -0,6%<\/li>\n<li>Deuxi\u00e8me trimestre 2025 : -0,2%<\/li>\n<\/ul>\n<p>Cette situation correspondrait techniquement \u00e0 une r\u00e9cession, d\u00e9finie par deux trimestres cons\u00e9cutifs de d\u00e9croissance.<\/p>\n<p>L\u2019investissement des entreprises en chute libre<\/p>\n<p>L\u2019analyse r\u00e9v\u00e8le des signaux particuli\u00e8rement alarmants concernant l\u2019investissement priv\u00e9. Sur sept trimestres cons\u00e9cutifs, l\u2019investissement des entreprises aurait chut\u00e9 de 4,1%, <strong>un niveau comparable \u00e0 la r\u00e9cession de 2008-2009<\/strong>. Au deuxi\u00e8me trimestre 2025, cette baisse s\u2019\u00e9tablirait \u00e0 -0,4%.<\/p>\n<p>L\u2019investissement logement des m\u00e9nages ne serait pas \u00e9pargn\u00e9, accusant <strong>une baisse de 16,1% sur 16 trimestres<\/strong>, malgr\u00e9 une l\u00e9g\u00e8re reprise r\u00e9cente (+0,4% au T2 2025).<\/p>\n<p>Des indicateurs contradictoires<\/p>\n<p>Marc Touati souligne plusieurs paradoxes dans les statistiques officielles :<\/p>\n<ul>\n<li>Les indicateurs de confiance des entreprises et des m\u00e9nages restent d\u00e9prim\u00e9s<\/li>\n<li>L\u2019indicateur des directeurs d\u2019achat signale une contraction depuis 26 mois (hors p\u00e9riode olympique)<\/li>\n<li>La confiance des m\u00e9nages se situe \u00e0 des niveaux inf\u00e9rieurs \u00e0 ceux du Covid-19.<\/li>\n<\/ul>\n<p>Un contraste avec les partenaires europ\u00e9ens<\/p>\n<p>La situation fran\u00e7aise contraste avec celle d\u2019autres pays europ\u00e9ens qui affichent des baisses de PIB malgr\u00e9 de meilleurs indicateurs avanc\u00e9s. L\u2019Allemagne et l\u2019Italie ont ainsi enregistr\u00e9 une contraction de -0,1% au deuxi\u00e8me trimestre, tandis que la France annonce +0,3%.<\/p>\n<p>L\u2019accord commercial UE\/\u00c9tats-Unis critiqu\u00e9<\/p>\n<p>Marc Touati aborde \u00e9galement les r\u00e9cents accords commerciaux entre l\u2019Union europ\u00e9enne et les \u00c9tats-Unis, imposant des <strong>droits de douane de 15% sur les produits europ\u00e9ens<\/strong> (contre 4,8% pr\u00e9c\u00e9demment). Cet accord, pr\u00e9sent\u00e9 comme \u00ab\u00a0le mieux qu\u2019on pouvait obtenir\u00a0\u00bb par les dirigeants europ\u00e9ens, r\u00e9v\u00e9lerait selon l\u2019auteur la faiblesse de la position europ\u00e9enne.<\/p>\n<p>L\u2019accord pr\u00e9voit notamment :<\/p>\n<ul>\n<li>750 milliards de dollars d\u2019achats \u00e9nerg\u00e9tiques sur trois ans<\/li>\n<li>600 milliards d\u2019investissements europ\u00e9ens vers les \u00c9tats-Unis<\/li>\n<li>Maintien des importations am\u00e9ricaines sans droits de douane<\/li>\n<\/ul>\n<p>Les enjeux pour l\u2019\u00e9conomie fran\u00e7aise<\/p>\n<p>Cette situation soul\u00e8ve des questions importantes sur la capacit\u00e9 de la France \u00e0 maintenir sa comp\u00e9titivit\u00e9 face \u00e0 la concurrence am\u00e9ricaine et chinoise. Avec 20% des exportations europ\u00e9ennes dirig\u00e9es vers les \u00c9tats-Unis (repr\u00e9sentant 7% du PIB de l\u2019UE), l\u2019impact de ces mesures pourrait \u00eatre significatif.<\/p>\n<p>Pour la France sp\u00e9cifiquement, <strong>les exportations vers les \u00c9tats-Unis repr\u00e9sentent 7% du total national<\/strong> et environ 2% du PIB, limitant l\u2019impact direct, mais n\u2019\u00e9liminant pas les risques sectoriels, notamment pour l\u2019agriculture.<\/p><\/p>\n","protected":false},"excerpt":{"rendered":"La France masque-t-elle sa r\u00e9cession ?\u00a0 L\u2019\u00e9conomiste Marc Touati fait une analyse critique des chiffres du PIB. Et&hellip;\n","protected":false},"author":2,"featured_media":287864,"comment_status":"","ping_status":"","sticky":false,"template":"","format":"standard","meta":{"footnotes":""},"categories":[1586],"tags":[328,11,913,1777,674,1779,1011,27,42657,12,25,1778,364],"class_list":{"0":"post-287863","1":"post","2":"type-post","3":"status-publish","4":"format-standard","5":"has-post-thumbnail","7":"category-europe","8":"tag-a-la-une","9":"tag-actualites","10":"tag-croissance","11":"tag-eu","12":"tag-europe","13":"tag-european-union","14":"tag-fr","15":"tag-france","16":"tag-marc-touati","17":"tag-news","18":"tag-republique-francaise","19":"tag-ue","20":"tag-union-europeenne"},"share_on_mastodon":{"url":"https:\/\/pubeurope.com\/@fr\/114950705292224335","error":""},"_links":{"self":[{"href":"https:\/\/www.europesays.com\/fr\/wp-json\/wp\/v2\/posts\/287863","targetHints":{"allow":["GET"]}}],"collection":[{"href":"https:\/\/www.europesays.com\/fr\/wp-json\/wp\/v2\/posts"}],"about":[{"href":"https:\/\/www.europesays.com\/fr\/wp-json\/wp\/v2\/types\/post"}],"author":[{"embeddable":true,"href":"https:\/\/www.europesays.com\/fr\/wp-json\/wp\/v2\/users\/2"}],"replies":[{"embeddable":true,"href":"https:\/\/www.europesays.com\/fr\/wp-json\/wp\/v2\/comments?post=287863"}],"version-history":[{"count":0,"href":"https:\/\/www.europesays.com\/fr\/wp-json\/wp\/v2\/posts\/287863\/revisions"}],"wp:featuredmedia":[{"embeddable":true,"href":"https:\/\/www.europesays.com\/fr\/wp-json\/wp\/v2\/media\/287864"}],"wp:attachment":[{"href":"https:\/\/www.europesays.com\/fr\/wp-json\/wp\/v2\/media?parent=287863"}],"wp:term":[{"taxonomy":"category","embeddable":true,"href":"https:\/\/www.europesays.com\/fr\/wp-json\/wp\/v2\/categories?post=287863"},{"taxonomy":"post_tag","embeddable":true,"href":"https:\/\/www.europesays.com\/fr\/wp-json\/wp\/v2\/tags?post=287863"}],"curies":[{"name":"wp","href":"https:\/\/api.w.org\/{rel}","templated":true}]}}