{"id":287867,"date":"2025-08-01T00:36:17","date_gmt":"2025-08-01T00:36:17","guid":{"rendered":"https:\/\/www.europesays.com\/fr\/287867\/"},"modified":"2025-08-01T00:36:17","modified_gmt":"2025-08-01T00:36:17","slug":"leon-marchand-lor-apres-le-fabuleux-record","status":"publish","type":"post","link":"https:\/\/www.europesays.com\/fr\/287867\/","title":{"rendered":"L\u00e9on Marchand, l\u2019or apr\u00e8s le fabuleux record"},"content":{"rendered":"<p>Du titre attendu pour la star sur le 200\u00a0m 4\u00a0nages aux 7es\u00a0places de Maxime Grousset et Analia Pigr\u00e9e, la journ\u00e9e de jeudi a \u00e9t\u00e9 contrast\u00e9e pour l\u2019\u00e9quipe de France.<\/p>\n<p class=\"fig-paragraph\">Alors que les Championnats du monde de natation entrent dans leur derni\u00e8re ligne droite \u00e0 Singapour, l\u2019\u00e9quipe de France a d\u00e9croch\u00e9, ce jeudi, une troisi\u00e8me m\u00e9daille apr\u00e8s le titre de\u00a0<a href=\"http:\/\/www.lefigaro.fr\/sports\/autres-sports\/ca-donne-de-l-appetit-deja-en-or-aux-mondiaux-de-natation-maxime-grousset-reve-d-une-semaine-historique-20250728\" target=\"_blank\" data-fig-type=\"Article\" rel=\"noopener\" data-gtm-custom-categorie=\"navigation\" data-gtm-custom-action=\"crossclick\" data-gtm-custom-label=\"Contextuel\" data-gtm-event=\"customEventSPE\" data-fig-domain=\"LEFIGARO\">Maxime Grousset<\/a>\u00a0lundi sur le 50\u00a0m papillon et le bronze de\u00a0<a href=\"http:\/\/www.lefigaro.fr\/sports\/autres-sports\/natation-des-l-age-de-trois-ans-maladie-degenerative-etudes-de-kine-yohann-ndoye-brouard-l-eloge-de-la-patience-20250731\" target=\"_blank\" data-fig-type=\"Article\" rel=\"noopener\" data-gtm-custom-categorie=\"navigation\" data-gtm-custom-action=\"crossclick\" data-gtm-custom-label=\"Contextuel\" data-gtm-event=\"customEventSPE\" data-fig-domain=\"LEFIGARO\">Yohann Ndoye-Brouard<\/a>\u00a0sur le 100\u00a0m dos mardi. Une troisi\u00e8me r\u00e9compense en or, comme attendu, pour un L\u00e9on Marchand intouchable sur le 200\u00a0m 4\u00a0nages. Les deux autres finales au programme du clan hexagonal &#8211;\u00a0le 100\u00a0m nage libre et le 50\u00a0m dos\u00a0&#8211; n\u2019ont pas souri \u00e0 Maxime Grousset et Analia Pigr\u00e9e.<\/p>\n<ul class=\"fig-list\">\n<li><strong>Chronique d\u2019un sacre annonc\u00e9<\/strong><\/li>\n<\/ul>\n<p class=\"fig-paragraph\">L\u00e9on Marchand a d\u00e9croch\u00e9 l\u2019or sur le 200\u00a0m 4\u00a0nages. Comment aurait-il pu en \u00eatre autrement,\u00a0<a href=\"http:\/\/www.lefigaro.fr\/sports\/autres-sports\/leon-marchand-un-fabuleux-record-du-monde-en-attendant-les-medailles-20250730\" target=\"_blank\" data-fig-type=\"Article\" rel=\"noopener\" data-gtm-custom-categorie=\"navigation\" data-gtm-custom-action=\"crossclick\" data-gtm-custom-label=\"Contextuel\" data-gtm-event=\"customEventSPE\" data-fig-domain=\"LEFIGARO\">au lendemain de son fabuleux record du monde sur la distance<\/a>, \u00e9tabli lors d\u2019une demi-finale destin\u00e9e \u00e0 rester dans la l\u00e9gende (1\u201952\u2019\u201969)\u00a0? Une performance qui, cependant, avait laiss\u00e9 des traces, comme le principal int\u00e9ress\u00e9 en convenait lui-m\u00eame une fois la m\u00e9daille autour du cou. \u00ab\u00a0J\u2019ai tr\u00e8s mal dormi la nuit derni\u00e8re. J\u2019avais trop d\u2019adr\u00e9naline dans les veines, j\u2019\u00e9tais\u2026<\/p>\n<p class=\"fig-premium-paywall__infos\">\n        Cet article est r\u00e9serv\u00e9 aux abonn\u00e9s.        Il vous reste 84% \u00e0 d\u00e9couvrir.\n    <\/p>\n<p>                <img  data- alt=\"Le Figaro\" class=\"fig-img--complete fig-img\"\/><\/p>\n<p class=\"fig-premium-paywall__title\">Vous avez envie de lire la suite ?<\/p>\n<p class=\"fig-premium-paywall__subtitle\">D\u00e9bloquez tous les articles imm\u00e9diatement.<\/p>\n<p class=\"fig-premium-paywall__connect\">\n                D\u00e9j\u00e0 abonn\u00e9\u00a0?                <a class=\"fig-premium-paywall__connect-link\" href=\"https:\/\/connect.lefigaro.fr\/login?client=horizon_web&amp;type=main&amp;redirect_uri=https%3A%2F%2Fwww.lefigaro.fr%2Fsports%2Fautres-sports%2Fmondiaux-de-natation-leon-marchand-l-or-apres-le-fabuleux-record-20250731\" data-js-gtm=\"{&quot;customCategorie&quot;: &quot;conversion&quot;, &quot;customAction&quot;: &quot;before_Landing_Connexion_paywall_auto&quot;, &quot;customLabel&quot;: &quot;bGVmaWdhcm8uZnJfXzFmMDZlMjA0LWIyMzgtNmM3YS1iZWNjLTIzM2ZmNzQ2Y2FmZl9fQXJ0aWNsZQ==_Mondiaux de natation\u00a0: L\u00e9on Marchand, l\u2019or apr\u00e8s le fabuleux record_465&quot;, &quot;customIDSPE&quot;: &quot;bGVmaWdhcm8uZnJfXzFmMDZlMjA0LWIyMzgtNmM3YS1iZWNjLTIzM2ZmNzQ2Y2FmZl9fQXJ0aWNsZQ==&quot;, &quot;event&quot;: &quot;customEventSPE&quot;}\" target=\"_blank\" rel=\"noopener\"><br \/>\n                    Connectez-vous<br \/>\n                <\/a>\n            <\/p>\n","protected":false},"excerpt":{"rendered":"Du titre attendu pour la star sur le 200\u00a0m 4\u00a0nages aux 7es\u00a0places de Maxime Grousset et Analia Pigr\u00e9e,&hellip;\n","protected":false},"author":2,"featured_media":287868,"comment_status":"","ping_status":"","sticky":false,"template":"","format":"standard","meta":{"footnotes":""},"categories":[2],"tags":[11,1011,27,13283,32778,5216,12,25],"class_list":{"0":"post-287867","1":"post","2":"type-post","3":"status-publish","4":"format-standard","5":"has-post-thumbnail","7":"category-actualites","8":"tag-actualites","9":"tag-fr","10":"tag-france","11":"tag-leon-marchand","12":"tag-maxime-grousset","13":"tag-natation","14":"tag-news","15":"tag-republique-francaise"},"share_on_mastodon":{"url":"https:\/\/pubeurope.com\/@fr\/114950713084085469","error":""},"_links":{"self":[{"href":"https:\/\/www.europesays.com\/fr\/wp-json\/wp\/v2\/posts\/287867","targetHints":{"allow":["GET"]}}],"collection":[{"href":"https:\/\/www.europesays.com\/fr\/wp-json\/wp\/v2\/posts"}],"about":[{"href":"https:\/\/www.europesays.com\/fr\/wp-json\/wp\/v2\/types\/post"}],"author":[{"embeddable":true,"href":"https:\/\/www.europesays.com\/fr\/wp-json\/wp\/v2\/users\/2"}],"replies":[{"embeddable":true,"href":"https:\/\/www.europesays.com\/fr\/wp-json\/wp\/v2\/comments?post=287867"}],"version-history":[{"count":0,"href":"https:\/\/www.europesays.com\/fr\/wp-json\/wp\/v2\/posts\/287867\/revisions"}],"wp:featuredmedia":[{"embeddable":true,"href":"https:\/\/www.europesays.com\/fr\/wp-json\/wp\/v2\/media\/287868"}],"wp:attachment":[{"href":"https:\/\/www.europesays.com\/fr\/wp-json\/wp\/v2\/media?parent=287867"}],"wp:term":[{"taxonomy":"category","embeddable":true,"href":"https:\/\/www.europesays.com\/fr\/wp-json\/wp\/v2\/categories?post=287867"},{"taxonomy":"post_tag","embeddable":true,"href":"https:\/\/www.europesays.com\/fr\/wp-json\/wp\/v2\/tags?post=287867"}],"curies":[{"name":"wp","href":"https:\/\/api.w.org\/{rel}","templated":true}]}}