{"id":287869,"date":"2025-08-01T00:37:25","date_gmt":"2025-08-01T00:37:25","guid":{"rendered":"https:\/\/www.europesays.com\/fr\/287869\/"},"modified":"2025-08-01T00:37:25","modified_gmt":"2025-08-01T00:37:25","slug":"maeva-squiban-cree-la-surprise-et-obtient-la-premiere-victoire-francaise","status":"publish","type":"post","link":"https:\/\/www.europesays.com\/fr\/287869\/","title":{"rendered":"Ma\u00ebva Squiban cr\u00e9e la surprise et obtient la premi\u00e8re victoire fran\u00e7aise"},"content":{"rendered":"<p><a href=\"https:\/\/www.laprovence.com\/article\/sports\/2088133109160815\/tour-de-france-femmes-trois-regionales-au-depart-mais-aucune-provencale\" target=\"_blank\" rel=\"noopener\">La Varoise Maeva Squiban<\/a> (originaire de Bretagne, install\u00e9e depuis septembre dernier \u00e0 Trans-en-Provence) a remport\u00e9 en solitaire la sixi\u00e8me \u00e9tape du Tour de France f\u00e9minin en devan\u00e7ant d&rsquo;un peu plus d&rsquo;une minute sa compatriote Juliette Labous, hier \u00e0 Ambert dans le Puy-de-D\u00f4me.<\/p>\n<p>Troisi\u00e8me de l&rsquo;\u00e9tape, la Mauricienne Kim Le Court, qui a r\u00e9gl\u00e9 le sprint d&rsquo;un groupe o\u00f9 figuraient les favorites pour le classement g\u00e9n\u00e9ral, a conserv\u00e9 le maillot jaune.<\/p>\n<p>Squiban, 23\u00a0ans, devient la deuxi\u00e8me Fran\u00e7aise victorieuse d&rsquo;une \u00e9tape de la Grande Boucle un an apr\u00e8s une autre Bretonne, <a href=\"https:\/\/www.laprovence.com\/article\/sports\/62009353206523\/cyclisme-tour-de-france-femmes-la-francaise-cedrine-kerbaol-remporte-la-6e-etape\" target=\"_blank\" rel=\"noopener\">C\u00e9drine Kerbaol<\/a> qui fait cette ann\u00e9e partie des candidates au podium.<\/p>\n<p>La Brestoise a attaqu\u00e9 dans les derniers hectom\u00e8tres de l&rsquo;ascension du Col du Chansert \u00e0 30\u00a0km de la ligne alors qu&rsquo;elle faisait partie d&rsquo;un groupe d&rsquo;une douzaine de coureuses avec les principales candidates \u00e0 la victoire finale dimanche \u00e0 Ch\u00e2tel dans les Alpes.<\/p>\n<p>Excellente descendeuse, elle a rapidement pris une minute d&rsquo;avance pour ne pas \u00eatre reprise.<\/p>\n<p>Au classement g\u00e9n\u00e9ral, Kim Le Court reste en t\u00eate. Elle poss\u00e8de 26 secondes d&rsquo;avance sur la Fran\u00e7aise Pauline-Ferrand-Pr\u00e9vot, 30 secondes sur la Polonaise Katarzyna Niewiadoma, vainqueure sortante, et 31 secondes sur la N\u00e9erlandaise Demi Vollering, consid\u00e9r\u00e9e par beaucoup de suiveurs comme la grande favorite du Tour.<\/p>\n<p>Ce vendredi, le peloton arrive dans les Alpes, \u00e0 Chamb\u00e9ry, avec un final prometteur, le sommet du Col du Granier (8,9 km \u00e0 5,4% de pente moyenne) \u00e9tant situ\u00e9 \u00e0 17 kilom\u00e8tres seulement de l&rsquo;arriv\u00e9e.<\/p>\n","protected":false},"excerpt":{"rendered":"La Varoise Maeva Squiban (originaire de Bretagne, install\u00e9e depuis septembre dernier \u00e0 Trans-en-Provence) a remport\u00e9 en solitaire la&hellip;\n","protected":false},"author":2,"featured_media":287870,"comment_status":"","ping_status":"","sticky":false,"template":"","format":"standard","meta":{"footnotes":""},"categories":[4],"tags":[17,11,11803,207,4651,1011,27,42658,12,25,60,42659,3584],"class_list":{"0":"post-287869","1":"post","2":"type-post","3":"status-publish","4":"format-standard","5":"has-post-thumbnail","7":"category-france","8":"tag-17","9":"tag-actualites","10":"tag-cree","11":"tag-cyclisme","12":"tag-femmes","13":"tag-fr","14":"tag-france","15":"tag-maeva","16":"tag-news","17":"tag-republique-francaise","18":"tag-sports","19":"tag-squiban","20":"tag-tour"},"share_on_mastodon":{"url":"https:\/\/pubeurope.com\/@fr\/114950717041546465","error":""},"_links":{"self":[{"href":"https:\/\/www.europesays.com\/fr\/wp-json\/wp\/v2\/posts\/287869","targetHints":{"allow":["GET"]}}],"collection":[{"href":"https:\/\/www.europesays.com\/fr\/wp-json\/wp\/v2\/posts"}],"about":[{"href":"https:\/\/www.europesays.com\/fr\/wp-json\/wp\/v2\/types\/post"}],"author":[{"embeddable":true,"href":"https:\/\/www.europesays.com\/fr\/wp-json\/wp\/v2\/users\/2"}],"replies":[{"embeddable":true,"href":"https:\/\/www.europesays.com\/fr\/wp-json\/wp\/v2\/comments?post=287869"}],"version-history":[{"count":0,"href":"https:\/\/www.europesays.com\/fr\/wp-json\/wp\/v2\/posts\/287869\/revisions"}],"wp:featuredmedia":[{"embeddable":true,"href":"https:\/\/www.europesays.com\/fr\/wp-json\/wp\/v2\/media\/287870"}],"wp:attachment":[{"href":"https:\/\/www.europesays.com\/fr\/wp-json\/wp\/v2\/media?parent=287869"}],"wp:term":[{"taxonomy":"category","embeddable":true,"href":"https:\/\/www.europesays.com\/fr\/wp-json\/wp\/v2\/categories?post=287869"},{"taxonomy":"post_tag","embeddable":true,"href":"https:\/\/www.europesays.com\/fr\/wp-json\/wp\/v2\/tags?post=287869"}],"curies":[{"name":"wp","href":"https:\/\/api.w.org\/{rel}","templated":true}]}}