{"id":287871,"date":"2025-08-01T00:38:20","date_gmt":"2025-08-01T00:38:20","guid":{"rendered":"https:\/\/www.europesays.com\/fr\/287871\/"},"modified":"2025-08-01T00:38:20","modified_gmt":"2025-08-01T00:38:20","slug":"un-debut-de-saison-difficile-pour-les-clubs-de-golf-au-quebec-2","status":"publish","type":"post","link":"https:\/\/www.europesays.com\/fr\/287871\/","title":{"rendered":"Un d\u00e9but de saison difficile pour les clubs de golf au Qu\u00e9bec"},"content":{"rendered":"<p><strong>Malgr\u00e9 un engouement toujours aussi fort pour le golf, les clubs du Qu\u00e9bec ont v\u00e9cu un d\u00e9but de saison difficile en raison de la m\u00e9t\u00e9o capricieuse marqu\u00e9e par un printemps plut\u00f4t frais et les pr\u00e9cipitations.<\/strong><\/p>\n<p>\u00ab\u00c7a fait 35 ans que je suis ici et je n\u2019ai jamais vu un \u00e9t\u00e9 aussi terrible que \u00e7a\u00bb, a confi\u00e9 Marie-France Carrier, directrice g\u00e9n\u00e9rale de Golf M\u00e9tropolitain Qu\u00e9bec, en entrevue \u00e0 LCN, dimanche.<\/p>\n<p>Le temps froid et la pluie expliquent notamment ce d\u00e9but de saison difficile et ont des cons\u00e9quences pour les employ\u00e9s ainsi que pour les golfeurs qui peuvent \u00eatre d\u00e9\u00e7us.<\/p>\n<p>Au club de golf m\u00e9tropolitain \u00e0 Qu\u00e9bec, des pluies diluviennes ont m\u00eame emport\u00e9 un pont reliant le premier et le deuxi\u00e8me trou, vendredi. Ce dernier est en train d\u2019\u00eatre reb\u00e2ti.<\/p>\n<p>\u00abIl y a beaucoup d\u2019endroits o\u00f9 des arbres sont tomb\u00e9s, o\u00f9 il y a eu des inondations. Par contre, les surintendants et les \u00e9quipes de terrain font un excellent travail pour remettre le parcours en fonction\u00bb, a indiqu\u00e9 Martin Ducharme, pr\u00e9sent de l\u2019Association des clubs de golf.<\/p>\n<p>Le club de golf du Lac-Saint-Joseph a pour sa part d\u00fb annuler six jours depuis le d\u00e9but de la saison \u2013 qui n\u2019est pas encore termin\u00e9e \u2014 , comparativement \u00e0 trois lors de toute la saison de 2024.<\/p>\n<p>Malgr\u00e9 tout, l\u2019attrait pour le golf ne semble pas faiblir, surtout depuis la pand\u00e9mie: \u00abPendant la COVID, c\u2019\u00e9tait l\u2019un des seuls sports qu\u2019on avait le droit de jouer\u00bb, a d\u2019ailleurs confi\u00e9 un amateur.<\/p>\n<p>\u00abIl y a eu beaucoup d\u2019adeptes du golf qui se sont mis au golf durant la COVID. Maintenant, il faut garder 30 a 40% de cette client\u00e8le-l\u00e0 [ce qu\u2019on] a r\u00e9ussi tr\u00e8s bien et c\u2019est m\u00eame au-del\u00e0 de \u00e7a\u00bb, a affirm\u00e9 Dany Poulin, directeur du Club de golf Lac St-Joseph.<\/p>\n<p>Le Club de golf Lac St-Joseph est pass\u00e9 de 200 membres il y a cinq ans, \u00e0 plus de 400 membres actuellement.<\/p>\n<p>Voyez le reportage complet dans la vid\u00e9o ci-dessus.<\/p>\n","protected":false},"excerpt":{"rendered":"Malgr\u00e9 un engouement toujours aussi fort pour le golf, les clubs du Qu\u00e9bec ont v\u00e9cu un d\u00e9but de&hellip;\n","protected":false},"author":2,"featured_media":278586,"comment_status":"","ping_status":"","sticky":false,"template":"","format":"standard","meta":{"footnotes":""},"categories":[1418],"tags":[1011,27,1472,60],"class_list":{"0":"post-287871","1":"post","2":"type-post","3":"status-publish","4":"format-standard","5":"has-post-thumbnail","7":"category-golf","8":"tag-fr","9":"tag-france","10":"tag-golf","11":"tag-sports"},"share_on_mastodon":{"url":"https:\/\/pubeurope.com\/@fr\/114950720923463099","error":""},"_links":{"self":[{"href":"https:\/\/www.europesays.com\/fr\/wp-json\/wp\/v2\/posts\/287871","targetHints":{"allow":["GET"]}}],"collection":[{"href":"https:\/\/www.europesays.com\/fr\/wp-json\/wp\/v2\/posts"}],"about":[{"href":"https:\/\/www.europesays.com\/fr\/wp-json\/wp\/v2\/types\/post"}],"author":[{"embeddable":true,"href":"https:\/\/www.europesays.com\/fr\/wp-json\/wp\/v2\/users\/2"}],"replies":[{"embeddable":true,"href":"https:\/\/www.europesays.com\/fr\/wp-json\/wp\/v2\/comments?post=287871"}],"version-history":[{"count":0,"href":"https:\/\/www.europesays.com\/fr\/wp-json\/wp\/v2\/posts\/287871\/revisions"}],"wp:featuredmedia":[{"embeddable":true,"href":"https:\/\/www.europesays.com\/fr\/wp-json\/wp\/v2\/media\/278586"}],"wp:attachment":[{"href":"https:\/\/www.europesays.com\/fr\/wp-json\/wp\/v2\/media?parent=287871"}],"wp:term":[{"taxonomy":"category","embeddable":true,"href":"https:\/\/www.europesays.com\/fr\/wp-json\/wp\/v2\/categories?post=287871"},{"taxonomy":"post_tag","embeddable":true,"href":"https:\/\/www.europesays.com\/fr\/wp-json\/wp\/v2\/tags?post=287871"}],"curies":[{"name":"wp","href":"https:\/\/api.w.org\/{rel}","templated":true}]}}