{"id":287872,"date":"2025-08-01T00:40:18","date_gmt":"2025-08-01T00:40:18","guid":{"rendered":"https:\/\/www.europesays.com\/fr\/287872\/"},"modified":"2025-08-01T00:40:18","modified_gmt":"2025-08-01T00:40:18","slug":"top-14-il-avait-besoin-de-se-relancer-collazo-revient-sur-le-depart-de-woki-a-lubb","status":"publish","type":"post","link":"https:\/\/www.europesays.com\/fr\/287872\/","title":{"rendered":"TOP 14. \u00a0\u00bbIl avait besoin de se relancer\u00a0\u00bb, Collazo revient sur le d\u00e9part de Woki \u00e0 l&rsquo;UBB"},"content":{"rendered":"<p data-start=\"1438\" data-end=\"1764\">C\u2019est un retour qui en dit long. <strong data-start=\"1471\" data-end=\"1487\"><a href=\"https:\/\/www.lerugbynistere.fr\/fiches-joueurs\/cameron-woki.php\" ui-sref=\"app.player({playerId: 3385})\" alt=\"Cameron Woki\" data-route=\"app.player\" data-param=\"playerId\" data-id=\"3385\" rel=\"nofollow noopener\" target=\"_blank\">Cameron Woki<\/a><\/strong>, 25 ans, pose de nouveau ses valises \u00e0 <a href=\"https:\/\/www.lerugbynistere.fr\/clubs\/ubb-bordeaux-begles.php\" ui-sref=\"app.team({teamId: 32})\" alt=\"Bordeaux\" data-route=\"app.team\" data-param=\"teamId\" data-id=\"32\" rel=\"nofollow noopener\" target=\"_blank\">Bordeaux<\/a>, trois ans apr\u00e8s un d\u00e9part houleux vers le <a href=\"https:\/\/www.lerugbynistere.fr\/clubs\/racing-metro-92.php\" ui-sref=\"app.team({teamId: 29})\" alt=\"Racing 92\" data-route=\"app.team\" data-param=\"teamId\" data-id=\"29\" rel=\"nofollow noopener\" target=\"_blank\">Racing 92<\/a>. Mais cette fois, <strong data-start=\"1611\" data-end=\"1643\">pas de clash, pas de tension<\/strong>. Seulement un joueur qui revient l\u00e0 o\u00f9 il a explos\u00e9, apr\u00e8s avoir travers\u00e9 une p\u00e9riode de doute et retrouv\u00e9 des couleurs.<\/p>\n<p data-start=\"1438\" data-end=\"1764\"><a class=\"inserer_lien_article\" href=\"https:\/\/www.lerugbynistere.fr\/news\/vers-un-retour-en-france-des-superstars-du-7-marcos-moneta-et-luciano-gonzalez-pour-illuminer-lete-de-lubb-3007251614.php\" data-id=\"45697\" data-route=\"app.article\" data-param=\"articleId\" ui-sref=\"app.article({articleId: 45697})\" alt=\"Vers un retour en France des superstars du 7 Marcos Moneta et Luciano Gonzalez pour illuminer l\u2019\u00e9t\u00e9 de l\u2019UBB ?\" title=\"Vers un retour en France des superstars du 7 Marcos Moneta et Luciano Gonzalez pour illuminer l\u2019\u00e9t\u00e9 de l\u2019UBB ?\" rel=\"nofollow noopener\" target=\"_blank\"><img decoding=\"async\" src=\"https:\/\/www.europesays.com\/fr\/wp-content\/uploads\/2025\/08\/yt-30-07-25-2159.jpg\" alt=\"Vers un retour en France des superstars du 7 Marcos Moneta et Luciano Gonzalez pour illuminer l\u2019\u00e9t\u00e9 de l\u2019UBB ?\"\/>Vers un retour en France des superstars du 7 Marcos Moneta et Luciano Gonzalez pour illuminer l\u2019\u00e9t\u00e9 de l\u2019UBB ?<\/a><\/p>\n<p>Un retour assum\u00e9<\/p>\n<p data-start=\"1808\" data-end=\"2167\">Il y a trois ans, Woki quittait l\u2019UBB sur fond de m\u00e9sentente avec Christophe Urios. Aujourd\u2019hui, il revient dans un club sacr\u00e9 champion d\u2019Europe sans lui, mais pr\u00eat \u00e0 lui offrir un nouveau cadre. Patrice Collazo, qui l\u2019a relanc\u00e9 \u00e0 <a href=\"https:\/\/www.lerugbynistere.fr\/clubs\/stade-francais.php\" ui-sref=\"app.team({teamId: 40})\" alt=\"Paris\" data-route=\"app.team\" data-param=\"teamId\" data-id=\"40\" rel=\"nofollow noopener\" target=\"_blank\">Paris<\/a>, a tenu \u00e0 clarifier les choses : <strong>\u00ab Ce d\u00e9part, c\u2019est un choix personnel. Il n\u2019y avait aucun probl\u00e8me de comportement. \u00bb<\/strong><\/p>\n<p data-start=\"2169\" data-end=\"2387\">Woki, en fin de cycle francilien, voulait simplement <strong data-start=\"2222\" data-end=\"2284\">retrouver ses rep\u00e8res, son environnement, ses automatismes<\/strong>. Et quand bien m\u00eame son passage au Racing ne restera pas dans les annales, il n\u2019a pas \u00e9t\u00e9 inutile.<\/p>\n<p>Collazo, le d\u00e9clic<\/p>\n<p data-start=\"2413\" data-end=\"2773\">L\u2019arriv\u00e9e de Patrice Collazo \u00e0 la t\u00eate du Racing 92 a \u00e9t\u00e9 un tournant. Entre les deux hommes, \u00ab \u00e7a a match\u00e9 \u00bb, dit le manager (Rugbyrama). Woki a repris confiance, s\u2019est remis \u00e0 l\u2019endroit dans son jeu. \u00ab Il avait juste besoin de se recentrer sur <strong>des choses qu\u2019il aime faire et qu\u2019il ma\u00eetrise.<\/strong> C\u2019est ce qu\u2019on a fait \u00bb, r\u00e9sume Collazo.<\/p>\n<p data-start=\"2413\" data-end=\"2773\"><a class=\"inserer_lien_article\" href=\"https:\/\/www.lerugbynistere.fr\/news\/top-14-ubb-une-saison-historique-mais-terminee-rince-le-dilemme-de-louis-bielle-biarrey-pour-la-suite-2207251649.php\" data-id=\"45631\" data-route=\"app.article\" data-param=\"articleId\" ui-sref=\"app.article({articleId: 45631})\" alt=\"TOP 14. UBB. Une saison historique mais termin\u00e9e &#039;&#039;rinc\u00e9&#039;&#039; : le dilemme de Louis Bielle-Biarrey pour la suite\" title=\"TOP 14. UBB. Une saison historique mais termin\u00e9e &#039;&#039;rinc\u00e9&#039;&#039; : le dilemme de Louis Bielle-Biarrey pour la suite\" rel=\"nofollow noopener\" target=\"_blank\"><img decoding=\"async\" src=\"https:\/\/www.europesays.com\/fr\/wp-content\/uploads\/2025\/08\/louis-bielle-biarrey-22-07-25-6096.jpg\" alt=\"TOP 14. UBB. Une saison historique mais termin\u00e9e ''rinc\u00e9'' : le dilemme de Louis Bielle-Biarrey pour la suite\"\/>TOP 14. UBB. Une saison historique mais termin\u00e9e \u00a0\u00bbrinc\u00e9\u00a0\u00bb : le dilemme de Louis Bielle-Biarrey pour la suite<\/a><\/p>\n<p data-start=\"2775\" data-end=\"2937\">Le joueur a retrouv\u00e9 sa dynamique, \u00e0 l\u2019image de ses derni\u00e8res sorties, plus tranchantes, plus impliqu\u00e9es, plus constantes. Assez pour envisager un nouveau d\u00e9part.<\/p>\n<p>Une maturit\u00e9 salu\u00e9e chez les Bleus<\/p>\n<p data-start=\"2979\" data-end=\"3272\">Cette progression n\u2019a pas \u00e9chapp\u00e9 au staff de l\u2019\u00e9quipe de France. M\u00eame bless\u00e9, <strong data-start=\"3058\" data-end=\"3137\">Woki s\u2019est investi \u00e0 fond dans la pr\u00e9paration du test contre les <a href=\"https:\/\/www.lerugbynistere.fr\/equipes-nationales\/all-blacks.php\" ui-sref=\"app.team({teamId: 24})\" alt=\"All Blacks\" data-route=\"app.team\" data-param=\"teamId\" data-id=\"24\" rel=\"nofollow noopener\" target=\"_blank\">All Blacks<\/a><\/strong>, comme l\u2019a racont\u00e9 <strong data-start=\"3157\" data-end=\"3175\">William Servat<\/strong> : \u00ab Il a particip\u00e9 \u00e0 la strat\u00e9gie, il a boss\u00e9 sur la touche. C\u2019est un signe de vraie maturit\u00e9. \u00bb<\/p>\n<blockquote class=\"twitter-tweet\"><p>&#13;<\/p>\n<p lang=\"fr\" dir=\"ltr\">\ud83c\uddeb\ud83c\uddf7 William Servat : \u00ab\u00a0Cameron Woki a \u00e9volu\u00e9 dans sa fa\u00e7on de voir et appr\u00e9hender les choses. Il faut le souligner car il a r\u00e9pondu \u00e0 nos attentes. Je pense que le fait de travailler avec Patrice Collazo a d\u00fb beaucoup l&rsquo;aider. Son apport a \u00e9t\u00e9 tr\u00e8s positif.\u00a0\u00bb<br \/>Midol<a href=\"https:\/\/twitter.com\/hashtag\/XVdeFrance?src=hash&amp;ref_src=twsrc%5Etfw\" rel=\"nofollow noopener\" target=\"_blank\">#XVdeFrance<\/a> <a href=\"https:\/\/twitter.com\/hashtag\/UBB?src=hash&amp;ref_src=twsrc%5Etfw\" rel=\"nofollow noopener\" target=\"_blank\">#UBB<\/a> <a href=\"https:\/\/t.co\/xhuOXiTVLn\" rel=\"nofollow\">pic.twitter.com\/xhuOXiTVLn<\/a><\/p>\n<p>&#13;<br \/>\n\u2014 catourneovale (@catourneovale) <a href=\"https:\/\/twitter.com\/catourneovale\/status\/1948825457044193291?ref_src=twsrc%5Etfw\" rel=\"nofollow noopener\" target=\"_blank\">July 25, 2025<\/a><\/p><\/blockquote>\n<p data-start=\"3274\" data-end=\"3460\">Un compliment rare et lourd de sens, venant d\u2019un technicien r\u00e9put\u00e9 exigeant. <strong data-start=\"3351\" data-end=\"3392\">Ce genre de d\u00e9tail fait la diff\u00e9rence<\/strong> quand il s\u2019agit de figurer dans le groupe France sur le long terme.<\/p>\n<p>Un leader en devenir<\/p>\n<p data-start=\"3488\" data-end=\"3750\">Son retour \u00e0 Bordeaux s\u2019inscrit donc dans une logique plus globale.\u00a0Woki, qu\u2019on a parfois caricatur\u00e9 comme un joueur dou\u00e9 mais inconstant, semble avoir franchi un cap.<\/p>\n<blockquote class=\"twitter-tweet\"><p>&#13;<\/p>\n<p lang=\"fr\" dir=\"ltr\">L&rsquo;UBB officialise le retour de Cameron Woki pour les 3 prochaines saisons\u270d\ufe0f <a href=\"https:\/\/t.co\/5mtZFC82py\" rel=\"nofollow\">pic.twitter.com\/5mtZFC82py<\/a><\/p>\n<p>&#13;<br \/>\n\u2014 CANAL+ Rugby (@CanalplusRugby) <a href=\"https:\/\/twitter.com\/CanalplusRugby\/status\/1940792585628602790?ref_src=twsrc%5Etfw\" rel=\"nofollow noopener\" target=\"_blank\">July 3, 2025<\/a><\/p><\/blockquote>\n<p data-start=\"3752\" data-end=\"4061\">L\u2019UBB ne r\u00e9cup\u00e8re pas seulement un joueur qu\u2019elle conna\u00eet. Elle accueille <strong data-start=\"3826\" data-end=\"3923\">un international, qui sait ce qu\u2019il vient chercher<\/strong>. Dans un vestiaire d\u00e9sormais orphelin de certains cadres (Petti, Tatafu, Samu), son leadership naturel pourrait lui permettre de rapidement s\u2019imposer.<\/p>\n<p>Bordeaux, acte II<\/p>\n<p data-start=\"4086\" data-end=\"4387\">Woki ne revient pas pour faire\u00a0de la figuration.\u00a0Il revient pour <strong data-start=\"4162\" data-end=\"4218\">gagner sa place dans un effectif de tr\u00e8s haut niveau<\/strong>, dans un club qui vise d\u00e9sormais le Brennus. \u00c0 lui de prouver qu\u2019il peut redevenir l\u2019un des meilleurs deuxi\u00e8mes (troisi\u00e8me ?) lignes fran\u00e7ais. En tout cas, tout semble r\u00e9uni pour \u00e7a.<\/p>\n<p>                            <script async src=\"https:\/\/platform.twitter.com\/widgets.js\" charset=\"utf-8\"><\/script><\/p>\n","protected":false},"excerpt":{"rendered":"C\u2019est un retour qui en dit long. Cameron Woki, 25 ans, pose de nouveau ses valises \u00e0 Bordeaux,&hellip;\n","protected":false},"author":2,"featured_media":287873,"comment_status":"","ping_status":"","sticky":false,"template":"","format":"standard","meta":{"footnotes":""},"categories":[1416],"tags":[1011,27,479,1468,60],"class_list":{"0":"post-287872","1":"post","2":"type-post","3":"status-publish","4":"format-standard","5":"has-post-thumbnail","7":"category-rugby","8":"tag-fr","9":"tag-france","10":"tag-rugby","11":"tag-rugby-football","12":"tag-sports"},"share_on_mastodon":{"url":"https:\/\/pubeurope.com\/@fr\/114950729044029621","error":""},"_links":{"self":[{"href":"https:\/\/www.europesays.com\/fr\/wp-json\/wp\/v2\/posts\/287872","targetHints":{"allow":["GET"]}}],"collection":[{"href":"https:\/\/www.europesays.com\/fr\/wp-json\/wp\/v2\/posts"}],"about":[{"href":"https:\/\/www.europesays.com\/fr\/wp-json\/wp\/v2\/types\/post"}],"author":[{"embeddable":true,"href":"https:\/\/www.europesays.com\/fr\/wp-json\/wp\/v2\/users\/2"}],"replies":[{"embeddable":true,"href":"https:\/\/www.europesays.com\/fr\/wp-json\/wp\/v2\/comments?post=287872"}],"version-history":[{"count":0,"href":"https:\/\/www.europesays.com\/fr\/wp-json\/wp\/v2\/posts\/287872\/revisions"}],"wp:featuredmedia":[{"embeddable":true,"href":"https:\/\/www.europesays.com\/fr\/wp-json\/wp\/v2\/media\/287873"}],"wp:attachment":[{"href":"https:\/\/www.europesays.com\/fr\/wp-json\/wp\/v2\/media?parent=287872"}],"wp:term":[{"taxonomy":"category","embeddable":true,"href":"https:\/\/www.europesays.com\/fr\/wp-json\/wp\/v2\/categories?post=287872"},{"taxonomy":"post_tag","embeddable":true,"href":"https:\/\/www.europesays.com\/fr\/wp-json\/wp\/v2\/tags?post=287872"}],"curies":[{"name":"wp","href":"https:\/\/api.w.org\/{rel}","templated":true}]}}