{"id":287875,"date":"2025-08-01T00:43:24","date_gmt":"2025-08-01T00:43:24","guid":{"rendered":"https:\/\/www.europesays.com\/fr\/287875\/"},"modified":"2025-08-01T00:43:24","modified_gmt":"2025-08-01T00:43:24","slug":"marc-marquez-prend-le-large","status":"publish","type":"post","link":"https:\/\/www.europesays.com\/fr\/287875\/","title":{"rendered":"Marc Marquez prend le large"},"content":{"rendered":"<p>L\u2019Espagnol Marc Marquez (Ducati) a remport\u00e9 le Grand Prix d\u2019Italie dimanche sur le circuit du Mugello pour consolider son statut de leader du Championnat du monde MotoGP.<\/p>\n<p>Marquez, vainqueur de la course sprint samedi, a devanc\u00e9 au terme des 23 tours du majestueux Mugello (5,250 km) deux autres pilotes Ducati, son fr\u00e8re cadet Alex Marquez, 2e \u00e0 1 sec 942\/1000e, et l\u2019Italien Fabio Di Giannantonio (Ducati-VR46), 3e \u00e0 2 sec 136\/1000e.<\/p>\n<p>Co\u00e9quipier de Marc Marquez, l\u2019Italien Francesco Bagnaia qui avait remport\u00e9 les trois derniers GP d\u2019Italie, a d\u00fb se contenter de la 4e place, \u00e0 5 sec 081\/1000e malgr\u00e9 le soutien de 160.000 spectateurs survolt\u00e9s durant tout le week-end.<\/p>\n<p>Marquez, dont la seule victoire au Mugello en MotoGP remontait \u00e0 2014, a d\u00e9croch\u00e9 son cinqui\u00e8me succ\u00e8s de la saison en GP, la 67e de sa carri\u00e8re dans la cat\u00e9gorie reine, la 93e toutes cat\u00e9gories confondues.<\/p>\n<p>Le Catalan a admirablement g\u00e9r\u00e9 sa course, laissant Bagnaia, tr\u00e8s agressif, dicter le rythme dans les premiers tours, avant de passer en t\u00eate lors du neuvi\u00e8me tour et de ne plus \u00eatre inqui\u00e9t\u00e9.<\/p>\n<p>Le sextuple champion du monde qui avait abandonn\u00e9 la traditionnelle livr\u00e9e rouge des Ducati pour un \u00e9l\u00e9gant bordeaux, a accru son avance au championnat du monde : apr\u00e8s neuf des ving-deux manches, il devance avec ses 270 points son fr\u00e8re cadet de 40 points et Bagnaia de 110 points.<\/p>\n<p>\u00ab\u00a0C\u2019est quelque chose d\u2019incroyable de remporter cette course [\u2026] On a bien g\u00e9r\u00e9 la course, + Pecco + et Alex m\u2019ont vraiment pouss\u00e9 dans mes derniers retranchements, j\u2019ai du tout donner pour passer devant\u00a0\u00bb, a soulign\u00e9 l\u2019Espagnol qui a sign\u00e9 ce week-end la 100e pole position de sa carri\u00e8re.<\/p>\n<p>\u00ab\u00a0J\u2019esp\u00e9rais pouvoir prendre quelques points \u00e0 Marc, j\u2019ai tout essay\u00e9, je suis pass\u00e9 en t\u00eate, mais Marc a \u00e9t\u00e9 encore plus fort que nous\u00a0\u00bb, a constat\u00e9 Alex Marquez, qui semble \u00eatre le seul pilote \u00e0 pouvoir stopper son fr\u00e8re.<\/p>\n<p>Parti de la deuxi\u00e8me ligne (4e) et victime d\u2019une luxation d\u2019une \u00e9paule vendredi, le Fran\u00e7ais Fabio Quartararo (Yamaha) a termin\u00e9 \u00e0 la 14e place.<\/p>\n<p>Le second Fran\u00e7ais du paddock, Johann Zarco (Honda-LCR), 14e chrono des qualifications, a \u00e9t\u00e9 rapidement contraint \u00e0 l\u2019abandon sur chute.<\/p>\n<p>Le prochain Grand Prix aura lieu le week-end prochain \u00e0 Assen, aux Pays-Bas.<\/p>\n","protected":false},"excerpt":{"rendered":"L\u2019Espagnol Marc Marquez (Ducati) a remport\u00e9 le Grand Prix d\u2019Italie dimanche sur le circuit du Mugello pour consolider&hellip;\n","protected":false},"author":2,"featured_media":287876,"comment_status":"","ping_status":"","sticky":false,"template":"","format":"standard","meta":{"footnotes":""},"categories":[1413],"tags":[1011,27,1457,1456,60],"class_list":{"0":"post-287875","1":"post","2":"type-post","3":"status-publish","4":"format-standard","5":"has-post-thumbnail","7":"category-moto","8":"tag-fr","9":"tag-france","10":"tag-moto","11":"tag-motocycle","12":"tag-sports"},"share_on_mastodon":{"url":"https:\/\/pubeurope.com\/@fr\/114950740651871747","error":""},"_links":{"self":[{"href":"https:\/\/www.europesays.com\/fr\/wp-json\/wp\/v2\/posts\/287875","targetHints":{"allow":["GET"]}}],"collection":[{"href":"https:\/\/www.europesays.com\/fr\/wp-json\/wp\/v2\/posts"}],"about":[{"href":"https:\/\/www.europesays.com\/fr\/wp-json\/wp\/v2\/types\/post"}],"author":[{"embeddable":true,"href":"https:\/\/www.europesays.com\/fr\/wp-json\/wp\/v2\/users\/2"}],"replies":[{"embeddable":true,"href":"https:\/\/www.europesays.com\/fr\/wp-json\/wp\/v2\/comments?post=287875"}],"version-history":[{"count":0,"href":"https:\/\/www.europesays.com\/fr\/wp-json\/wp\/v2\/posts\/287875\/revisions"}],"wp:featuredmedia":[{"embeddable":true,"href":"https:\/\/www.europesays.com\/fr\/wp-json\/wp\/v2\/media\/287876"}],"wp:attachment":[{"href":"https:\/\/www.europesays.com\/fr\/wp-json\/wp\/v2\/media?parent=287875"}],"wp:term":[{"taxonomy":"category","embeddable":true,"href":"https:\/\/www.europesays.com\/fr\/wp-json\/wp\/v2\/categories?post=287875"},{"taxonomy":"post_tag","embeddable":true,"href":"https:\/\/www.europesays.com\/fr\/wp-json\/wp\/v2\/tags?post=287875"}],"curies":[{"name":"wp","href":"https:\/\/api.w.org\/{rel}","templated":true}]}}