{"id":287877,"date":"2025-08-01T00:44:10","date_gmt":"2025-08-01T00:44:10","guid":{"rendered":"https:\/\/www.europesays.com\/fr\/287877\/"},"modified":"2025-08-01T00:44:10","modified_gmt":"2025-08-01T00:44:10","slug":"bonjour-benoit-saint-denis-deja-chambre-par-mauricio-ruffy-son-prochain-adversaire-a-lufc-paris-2025-lequipe","status":"publish","type":"post","link":"https:\/\/www.europesays.com\/fr\/287877\/","title":{"rendered":"\u00ab Bonjour \u00bb : Beno\u00eet Saint Denis d\u00e9j\u00e0 chambr\u00e9 par Mauricio Ruffy, son prochain adversaire \u00e0 l&#039;UFC Paris 2025 &#8211; L&#039;\u00c9quipe"},"content":{"rendered":"<ol>\n<li><a href=\"https:\/\/news.google.com\/rss\/articles\/CBMi4gFBVV95cUxOU2Y5cVJ6Q19CUUFQQ1lmSG54LVRPWlEtN01tUnoybFBiVmxPZF9DeFpUQ1pXMkJhY0ZXUUJZdE1sTEtVOTNJRjdoUGVTS3BZYUtqTV9PSTV0YXNQY2NMQWlIaEtNVXVVX0p0RGVqelZyRnpNNEUyazFyNVRTYy1rcEVvWWptMll1U2YxWW90VDdyOE9iY1RNVnIwOFRsbXdOZTJ3VGJELUhEZ2F0Z0w3TXRTUDNTZ29naFdRODNySFF3S1lrS3BuZmgtQ3VPaEZCazFVMlM2X09uZ1dyT19MOTlB?oc=5\" target=\"_blank\" rel=\"nofollow noopener\">\u00ab Bonjour \u00bb : Beno\u00eet Saint Denis d\u00e9j\u00e0 chambr\u00e9 par Mauricio Ruffy, son prochain adversaire \u00e0 l&rsquo;UFC Paris 2025<\/a>&nbsp;&nbsp;L&rsquo;\u00c9quipe<\/li>\n<li><a href=\"https:\/\/news.google.com\/rss\/articles\/CBMi2AFBVV95cUxOZHlQcEJaN21SbVJMenlqZkRDT1hzVlAxbjZEN0dOcktQc0tONVZhZEFCcjhLVkxYWGVHejhzWFd2RmdYdTg2UUdldUdfTjFXMFlJTWRKNE03TGdQQ1FPVEVaaThRSEJEdzRCYW5BMTNzN2h1N2RnZjE2bEhPaTd3UVp6eE0weVdTYjUzTDYyajgyZWd1NURzNThFdWo0YTFOQVYtZFVNTlRTUXJIUHIyNmVGeEdPNENfSFdMLTUyYll5TFVqQ3Y5V1BXcVBINEFkZW0zbnp1N03SAdcBQVVfeXFMTnQyWXNuQUVrQmNVTjJyMHlJbnliczJ2bUNGSVJKR2o4c21mc0Y5b0tlOXJNZFJGMXd4RXBVRUNFbUQta0xQalV1QVNCVXV5c3laOVpsdTF1bDBEVTY1cHhfVjBTRmhIR2c3MDlaaFV5MDlCV2Nyb1M5YzZPZ1hLSjhJWjJ4eC1USFB2NWpLcG84Q0hKQV9wR3QwSXBLVE5COElpUk1nd0FQckgtYVAyLWtrWXBldUdCS3l4ZnJPd3kzRjhGWEw4X3RXQV9LX09yZUJ3eEZaR3M?oc=5\" target=\"_blank\" rel=\"nofollow noopener\">MMA &#8211; UFC Paris 4 : Saint-Denis affrontera le Br\u00e9silien Ruffy<\/a>&nbsp;&nbsp;Orange Actualit\u00e9s | Sports<\/li>\n<li><a href=\"https:\/\/news.google.com\/rss\/articles\/CBMi5wFBVV95cUxPN0JlN0lsZ216QXRWRzN6YThGclEySjNCZDY2U2xwSXF2VnEtWnJjck1zRkJJNlFsTUg0MlVBNU92akZ3RUtrZFY3aXhDZld3VHZmaGpqZEJsZExkRWxhY0xqTHBMMkpadV82N3VNZGo0bnJibnV2Q3U0QlVRZjBlbGw1MmVEYVgtREVDSzR4WU00VG8zcWRUcW9zekFfRmFaajh3ZzlIakx3V0N2Y0RVeUxHYjZ6cUp4RWhHNEZ6aEg5dHB6b29rRVROMkF1WXZZNDgtZjJFcUxtTlRxV1NfT0ZlSEoyVFU?oc=5\" target=\"_blank\" rel=\"nofollow noopener\">UFC Paris 4: c&rsquo;est sign\u00e9, Beno\u00eet Saint Denis affrontera le Br\u00e9silien Mauricio Ruffy<\/a>&nbsp;&nbsp;RMC Sport<\/li>\n<li><a href=\"https:\/\/news.google.com\/rss\/articles\/CBMi4gFBVV95cUxOdV9qbFVyTGpUNjhRQlQ3SkJrOFZiMUpISVR4NE9yMG5BMWJ4ejhrV2NobXJHZGlsaThheE5GRDJrLWRWWlRMY1lkTFdBal81UlRzZFlKTVhZMTYyd0x2TGt4MXY3TWwtUGpHUUxJRkZTcmRmcGV4M0tjcDNtZTU4QkVGT3UzRWZYbVhkSEdCTWZzVFZzUFhUWGNuSnA2X0JvdUdMckpOY3RhajZDNkdER0JkbWIxRHlUTVV3TDFuRjJLWExxSHdKREoya3pNTHRzQTB2MnE4WlFYU21pOGlxYjJn?oc=5\" target=\"_blank\" rel=\"nofollow noopener\">MMA. Beno\u00eet Saint Denis conna\u00eet le nom de son adversaire pour l\u2019UFC Paris 4<\/a>&nbsp;&nbsp;Ouest-France<\/li>\n<li><a href=\"https:\/\/news.google.com\/rss\/articles\/CBMi-gFBVV95cUxOdlk1VzNxQ20wVkRwZWVsZm5vRmdPbUIzNTF6cVFubXdHckJKU1BqUUhhc3VnVFF4MTVuSjlmV1V3dkw5dml6WWpERWtZZWRZRHM3SHFTa3ZNRGJMcGlSTWlKa093NmVjT1AwT2NwWFVub1JwbVNYNkFHNFhJc1JHWGNQbHAxVzE5amtzNFNkU2E2ZFJrazNMWjRkLVQ1eDMwNksxN0cwTUl2Y3ZBczVPQmxSU2pIMDRJMU1DNWhxOWFWaVVYOFVweUZTRmFfaGJZcjQ0bWVIVXJ0WEVISUp5RDAyUTdQOXprc0R3eVNRbkhRVVZUOHppMXRn?oc=5\" target=\"_blank\" rel=\"nofollow noopener\">MMA : Beno\u00eet Saint Denis conna\u00eet enfin son adversaire \u00e0 l\u2019UFC Paris, qui le provoque d\u00e9j\u00e0<\/a>&nbsp;&nbsp;MSN<\/li>\n<\/ol>\n","protected":false},"excerpt":{"rendered":"\u00ab Bonjour \u00bb : Beno\u00eet Saint Denis d\u00e9j\u00e0 chambr\u00e9 par Mauricio Ruffy, son prochain adversaire \u00e0 l&rsquo;UFC Paris&hellip;\n","protected":false},"author":2,"featured_media":287878,"comment_status":"","ping_status":"","sticky":false,"template":"","format":"standard","meta":{"footnotes":""},"categories":[1412],"tags":[1451,1452,1453,1454,1455,1011,27,60],"class_list":{"0":"post-287877","1":"post","2":"type-post","3":"status-publish","4":"format-standard","5":"has-post-thumbnail","7":"category-f1","8":"tag-f1","9":"tag-formula-1","10":"tag-formula1","11":"tag-formule-1","12":"tag-formule1","13":"tag-fr","14":"tag-france","15":"tag-sports"},"share_on_mastodon":{"url":"https:\/\/pubeurope.com\/@fr\/114950744540856098","error":""},"_links":{"self":[{"href":"https:\/\/www.europesays.com\/fr\/wp-json\/wp\/v2\/posts\/287877","targetHints":{"allow":["GET"]}}],"collection":[{"href":"https:\/\/www.europesays.com\/fr\/wp-json\/wp\/v2\/posts"}],"about":[{"href":"https:\/\/www.europesays.com\/fr\/wp-json\/wp\/v2\/types\/post"}],"author":[{"embeddable":true,"href":"https:\/\/www.europesays.com\/fr\/wp-json\/wp\/v2\/users\/2"}],"replies":[{"embeddable":true,"href":"https:\/\/www.europesays.com\/fr\/wp-json\/wp\/v2\/comments?post=287877"}],"version-history":[{"count":0,"href":"https:\/\/www.europesays.com\/fr\/wp-json\/wp\/v2\/posts\/287877\/revisions"}],"wp:featuredmedia":[{"embeddable":true,"href":"https:\/\/www.europesays.com\/fr\/wp-json\/wp\/v2\/media\/287878"}],"wp:attachment":[{"href":"https:\/\/www.europesays.com\/fr\/wp-json\/wp\/v2\/media?parent=287877"}],"wp:term":[{"taxonomy":"category","embeddable":true,"href":"https:\/\/www.europesays.com\/fr\/wp-json\/wp\/v2\/categories?post=287877"},{"taxonomy":"post_tag","embeddable":true,"href":"https:\/\/www.europesays.com\/fr\/wp-json\/wp\/v2\/tags?post=287877"}],"curies":[{"name":"wp","href":"https:\/\/api.w.org\/{rel}","templated":true}]}}