{"id":287880,"date":"2025-08-01T00:46:15","date_gmt":"2025-08-01T00:46:15","guid":{"rendered":"https:\/\/www.europesays.com\/fr\/287880\/"},"modified":"2025-08-01T00:46:15","modified_gmt":"2025-08-01T00:46:15","slug":"les-canaris-sont-ils-dans-de-sales-draps-pour-la-saison-a-venir","status":"publish","type":"post","link":"https:\/\/www.europesays.com\/fr\/287880\/","title":{"rendered":"les Canaris sont-ils dans de sales draps pour la saison \u00e0 venir ?"},"content":{"rendered":"<p><strong>Depuis plusieurs saisons, le FC Nantes joue avec le feu et flirte souvent avec la zone de rel\u00e9gation. Faut-il s\u2019inqui\u00e9ter pour les Canaris et leur avenir en Ligue 1 ? C\u2019est le d\u00e9bat de nos journalistes.<\/strong><\/p>\n<p>\u00ab\u00a0Des changements \u00e0 double tranchant\u00a0\u00bb<\/p>\n<p>\u00ab\u00a0Il est vrai que le FC Nantes est d\u00e9sormais habitu\u00e9 \u00e0 devoir jouer son maintien d\u00e8s le commencement du championnat de Ligue 1. Pour cette saison, le club est reparti d\u2019une page blanche avec la nomination de Luis Castro, qui a fait forte impression avec Dunkerque. Mais le nouveau coach nantais a vu un grand nombre de joueurs quitter le club. Des joueurs qui \u00e9taient capables de faire la diff\u00e9rence et arracher des points pr\u00e9cieux dans l\u2019optique du maintien (Chirivella, Augusto, Simon\u2026). <\/p>\n<p>Tr\u00e8s actif sur le march\u00e9, le FCN compte d\u00e9j\u00e0 six nouvelles recrues, mais sans r\u00e9elle certitude. Beaucoup de choses ont chang\u00e9 du c\u00f4t\u00e9 de Nantes, et il faut d\u00e9sormais esp\u00e9rer que ces changements aident les supporters \u00e0 vivre une saison plus tranquille, sans avoir la peur au ventre pour le maintien en Ligue 1. Il est encore trop t\u00f4t pour dire si le club va vivre un exercice difficile, mais autant de changements dans une intersaison, c\u2019est souvent \u00e0 double tranchant\u00a0\u00bb.<\/p>\n<p><strong>William TERTRIN<\/strong><\/p>\n<p><strong>\u00ab\u00a0Sans renforts, la saison s\u2019annonce encore compliqu\u00e9e\u00a0\u00bb<\/strong><\/p>\n<p>\u00ab\u00a0Les supporters nantais voulaient du changement, ils sont servis ! Exit Kombouar\u00e9, qui avait de moins en moins de partisans, et exit aussi Pallois, Chirivella, Coco, Moses Simon, Castelletto, Z\u00e9z\u00e9, etc\u2026 Le FCN a fait peau neuve, mais j\u2019ai quand m\u00eame du mal \u00e0 penser qu\u2019il s\u2019est renforc\u00e9 ! A ce stade du Mercato, j\u2019imagine plut\u00f4t une saison compliqu\u00e9e pour les Canaris, voire m\u00eame tr\u00e8s compliqu\u00e9e. Le nouveau coach Luis Castro sort d\u2019une tr\u00e8s belle saison en L2 avec Dunkerque, mais il est novice en L1 et sur quels cadres va-t-il pouvoir s\u2019appuyer ? Les recrues sont \u00e9trang\u00e8res elles aussi, sans exp\u00e9rience d\u2019un championnat aussi difficile que peut l\u2019\u00eatre la L1, ou si peu. Peut-\u00eatre que de bons jeunes vont \u00e9merger \u00e0 l\u2019image de Leroux l\u2019an dernier, mais qui sera le patron de la d\u00e9fense ? Et celui du milieu ? Qui pour mener le jeu ? Qui pour marquer des buts ? Quid d\u2019Abline et Mohamed ? Sans renforts, attention. On a vu ces derni\u00e8res saisons que le pr\u00e9cipice \u00e9tait tout pr\u00e8s\u2026\u00a0\u00bb<\/p>\n<p><strong>Laurent HESS<\/strong><\/p>\n","protected":false},"excerpt":{"rendered":"Depuis plusieurs saisons, le FC Nantes joue avec le feu et flirte souvent avec la zone de rel\u00e9gation.&hellip;\n","protected":false},"author":2,"featured_media":287881,"comment_status":"","ping_status":"","sticky":false,"template":"","format":"standard","meta":{"footnotes":""},"categories":[1410],"tags":[11,448,63,1011,27,66,3388,12,60,10662],"class_list":{"0":"post-287880","1":"post","2":"type-post","3":"status-publish","4":"format-standard","5":"has-post-thumbnail","7":"category-football","8":"tag-actualites","9":"tag-champions-league","10":"tag-football","11":"tag-fr","12":"tag-france","13":"tag-ligue-1","14":"tag-matchs","15":"tag-news","16":"tag-sports","17":"tag-transferts"},"share_on_mastodon":{"url":"https:\/\/pubeurope.com\/@fr\/114950752469940413","error":""},"_links":{"self":[{"href":"https:\/\/www.europesays.com\/fr\/wp-json\/wp\/v2\/posts\/287880","targetHints":{"allow":["GET"]}}],"collection":[{"href":"https:\/\/www.europesays.com\/fr\/wp-json\/wp\/v2\/posts"}],"about":[{"href":"https:\/\/www.europesays.com\/fr\/wp-json\/wp\/v2\/types\/post"}],"author":[{"embeddable":true,"href":"https:\/\/www.europesays.com\/fr\/wp-json\/wp\/v2\/users\/2"}],"replies":[{"embeddable":true,"href":"https:\/\/www.europesays.com\/fr\/wp-json\/wp\/v2\/comments?post=287880"}],"version-history":[{"count":0,"href":"https:\/\/www.europesays.com\/fr\/wp-json\/wp\/v2\/posts\/287880\/revisions"}],"wp:featuredmedia":[{"embeddable":true,"href":"https:\/\/www.europesays.com\/fr\/wp-json\/wp\/v2\/media\/287881"}],"wp:attachment":[{"href":"https:\/\/www.europesays.com\/fr\/wp-json\/wp\/v2\/media?parent=287880"}],"wp:term":[{"taxonomy":"category","embeddable":true,"href":"https:\/\/www.europesays.com\/fr\/wp-json\/wp\/v2\/categories?post=287880"},{"taxonomy":"post_tag","embeddable":true,"href":"https:\/\/www.europesays.com\/fr\/wp-json\/wp\/v2\/tags?post=287880"}],"curies":[{"name":"wp","href":"https:\/\/api.w.org\/{rel}","templated":true}]}}