{"id":287888,"date":"2025-08-01T00:51:18","date_gmt":"2025-08-01T00:51:18","guid":{"rendered":"https:\/\/www.europesays.com\/fr\/287888\/"},"modified":"2025-08-01T00:51:18","modified_gmt":"2025-08-01T00:51:18","slug":"ces-fans-de-justin-timberlake-tombent-de-haut-et-veulent-quil-rende-largent","status":"publish","type":"post","link":"https:\/\/www.europesays.com\/fr\/287888\/","title":{"rendered":"ces fans de Justin Timberlake tombent de haut et veulent qu&rsquo;il rende l&rsquo;argent"},"content":{"rendered":"<p>Depuis le d\u00e9but de l\u2019\u00e9t\u00e9, les critiques \u00e0 l\u2019encontre de Justin Timberlake se multiplient sur les r\u00e9seaux sociaux. Plusieurs spectateurs ayant assist\u00e9 \u00e0 ses concerts ont exprim\u00e9 leur frustration sur Instagram et TikTok, pointant du doigt des shows jug\u00e9s \u00ab\u00a0<strong>embarrassants et minimalistes<\/strong>\u00ab\u00a0. L\u2019un d\u2019eux n\u2019a pas m\u00e2ch\u00e9 ses mots : \u00ab\u00a0Imaginez payer 600 $ pour regarder la foule chanter ses chansons lors d\u2019un concert de Justin Timberlake\u00a0\u00bb, a-t-il \u00e9crit, visiblement exc\u00e9d\u00e9.<\/p>\n<p>Dans les colonnes du Daily Mail, une source proche du chanteur a confi\u00e9 que l\u2019interpr\u00e8te de Cry Me a River traverse une p\u00e9riode difficile. \u00ab\u00a0Il est dans une orni\u00e8re\u00a0\u00bb et aurait \u00ab\u00a0d\u00e9sesp\u00e9r\u00e9ment besoin de<strong> faire quelque chose de nouveau<\/strong>\u00ab\u00a0, rapporte-t-elle. D\u2019apr\u00e8s ce m\u00eame proche, Justin Timberlake vivrait de plus en plus mal le fait d\u2019interpr\u00e9ter \u00ab\u00a0les m\u00eames vieux titres depuis des d\u00e9cennies\u00a0\u00bb. Son entourage s\u2019inqui\u00e8te \u00e9galement de son \u00e9tat physique.<\/p>\n<p>Justin Timberlake : un concert en Roumanie qui tourne \u00e0 la d\u00e9b\u00e2cle<\/p>\n<p>Le 17 juillet 2025, sur la sc\u00e8ne du festival Electric Castle en Roumanie, le chanteur a offert une prestation qui a laiss\u00e9 un grand nombre de spectateurs sur leur faim. Attendu dans le cadre de sa tourn\u00e9e mondiale JT (&#8230;)<a href=\"https:\/\/www.closermag.fr\/people\/genant-ces-fans-de-justin-timberlake-tombent-de-haut-et-veulent-quil-rende-largent-3568344\" rel=\"nofollow noopener\" target=\"_blank\" data-ylk=\"slk:Lire la suite sur Closer;elm:context_link;itc:0;sec:content-canvas\" class=\"link \">Lire la suite sur Closer<\/a><a href=\"https:\/\/www.closermag.fr\/people\/cyril-hanouna-a-saint-tropez-grande-nouvelle-au-coeur-de-lete-il-peut-se-frotter-les-mains-3568413\" rel=\"nofollow noopener\" target=\"_blank\" data-ylk=\"slk:Cyril Hanouna \u00e0 Saint-Tropez : grande nouvelle au coeur de l\u2019\u00e9t\u00e9, il peut se frotter les mains;elm:context_link;itc:0;sec:content-canvas\" class=\"link \">Cyril Hanouna \u00e0 Saint-Tropez : grande nouvelle au coeur de l\u2019\u00e9t\u00e9, il peut se frotter les mains<\/a><br \/><a href=\"https:\/\/www.closermag.fr\/people\/julien-arnaud-quitte-france-2-anne-sophie-lapix-et-flavie-flament-sallient-pour-sortir-les-photos-genantes-3568403\" rel=\"nofollow noopener\" target=\"_blank\" data-ylk=\"slk:Julien Arnaud quitte France 2 : Anne-Sophie Lapix et Flavie Flament s&#039;allient pour sortir les photos g\u00eanantes;elm:context_link;itc:0;sec:content-canvas\" class=\"link \">Julien Arnaud quitte France 2 : Anne-Sophie Lapix et Flavie Flament s&rsquo;allient pour sortir les photos g\u00eanantes<\/a><br \/><a href=\"https:\/\/www.closermag.fr\/people\/patrick-sebastien-mimant-une-fellation-comportements-sexuels-cette-triste-retombee-etait-a-prevoir-3568405\" rel=\"nofollow noopener\" target=\"_blank\" data-ylk=\"slk:Patrick S\u00e9bastien mimant une fellation : \u201ccomportements sexuels\u2026\u201d, cette triste retomb\u00e9e \u00e9tait \u00e0 pr\u00e9voir;elm:context_link;itc:0;sec:content-canvas\" class=\"link \">Patrick S\u00e9bastien mimant une fellation : \u201ccomportements sexuels\u2026\u201d, cette triste retomb\u00e9e \u00e9tait \u00e0 pr\u00e9voir<\/a><br \/><a href=\"https:\/\/www.closermag.fr\/people\/emmanuel-macron-vise-par-des-rumeurs-dhomosexualite-pour-cet-expert-brigitte-macron-aurait-du-suivre-son-exemple-3568398\" rel=\"nofollow noopener\" target=\"_blank\" data-ylk=\"slk:Emmanuel Macron vis\u00e9 par des rumeurs d\u2019homosexualit\u00e9 : pour cet expert, Brigitte Macron aurait d\u00fb suivre son exemple;elm:context_link;itc:0;sec:content-canvas\" class=\"link \">Emmanuel Macron vis\u00e9 par des rumeurs d\u2019homosexualit\u00e9 : pour cet expert, Brigitte Macron aurait d\u00fb suivre son exemple<\/a><br \/><a href=\"https:\/\/www.closermag.fr\/people\/grosse-hemorragie-agathe-auproux-sur-le-point-daccoucher-rien-ne-se-passe-comme-prevu-3568393\" rel=\"nofollow noopener\" target=\"_blank\" data-ylk=\"slk:\u201cGrosse h\u00e9morragie\u201d : Agathe Auproux sur le point d\u2019accoucher, rien ne se passe comme pr\u00e9vu;elm:context_link;itc:0;sec:content-canvas\" class=\"link \">\u201cGrosse h\u00e9morragie\u201d : Agathe Auproux sur le point d\u2019accoucher, rien ne se passe comme pr\u00e9vu<\/a><\/p>\n","protected":false},"excerpt":{"rendered":"Depuis le d\u00e9but de l\u2019\u00e9t\u00e9, les critiques \u00e0 l\u2019encontre de Justin Timberlake se multiplient sur les r\u00e9seaux sociaux.&hellip;\n","protected":false},"author":2,"featured_media":287889,"comment_status":"","ping_status":"","sticky":false,"template":"","format":"standard","meta":{"footnotes":""},"categories":[1355],"tags":[58,59,1011,27,42636,1361,873],"class_list":{"0":"post-287888","1":"post","2":"type-post","3":"status-publish","4":"format-standard","5":"has-post-thumbnail","7":"category-musique","8":"tag-divertissement","9":"tag-entertainment","10":"tag-fr","11":"tag-france","12":"tag-justin-timberlake","13":"tag-music","14":"tag-musique"},"share_on_mastodon":{"url":"https:\/\/pubeurope.com\/@fr\/114950772794217829","error":""},"_links":{"self":[{"href":"https:\/\/www.europesays.com\/fr\/wp-json\/wp\/v2\/posts\/287888","targetHints":{"allow":["GET"]}}],"collection":[{"href":"https:\/\/www.europesays.com\/fr\/wp-json\/wp\/v2\/posts"}],"about":[{"href":"https:\/\/www.europesays.com\/fr\/wp-json\/wp\/v2\/types\/post"}],"author":[{"embeddable":true,"href":"https:\/\/www.europesays.com\/fr\/wp-json\/wp\/v2\/users\/2"}],"replies":[{"embeddable":true,"href":"https:\/\/www.europesays.com\/fr\/wp-json\/wp\/v2\/comments?post=287888"}],"version-history":[{"count":0,"href":"https:\/\/www.europesays.com\/fr\/wp-json\/wp\/v2\/posts\/287888\/revisions"}],"wp:featuredmedia":[{"embeddable":true,"href":"https:\/\/www.europesays.com\/fr\/wp-json\/wp\/v2\/media\/287889"}],"wp:attachment":[{"href":"https:\/\/www.europesays.com\/fr\/wp-json\/wp\/v2\/media?parent=287888"}],"wp:term":[{"taxonomy":"category","embeddable":true,"href":"https:\/\/www.europesays.com\/fr\/wp-json\/wp\/v2\/categories?post=287888"},{"taxonomy":"post_tag","embeddable":true,"href":"https:\/\/www.europesays.com\/fr\/wp-json\/wp\/v2\/tags?post=287888"}],"curies":[{"name":"wp","href":"https:\/\/api.w.org\/{rel}","templated":true}]}}