{"id":287892,"date":"2025-08-01T00:53:09","date_gmt":"2025-08-01T00:53:09","guid":{"rendered":"https:\/\/www.europesays.com\/fr\/287892\/"},"modified":"2025-08-01T00:53:09","modified_gmt":"2025-08-01T00:53:09","slug":"un-cas-autochtone-du-virus-du-nil-occidental-detecte-dans-le-var","status":"publish","type":"post","link":"https:\/\/www.europesays.com\/fr\/287892\/","title":{"rendered":"Un cas autochtone du virus du Nil occidental d\u00e9tect\u00e9 dans le Var"},"content":{"rendered":"<p>Sant\u00e9 publique France indique qu&rsquo;un premier cas autochtone du virus du Nil occidental a \u00e9t\u00e9 d\u00e9tect\u00e9 \u00e0 Hy\u00e8res, dans le Var, ce mercredi 30 juillet.<\/p>\n<p>Un premier cas autochtone de virus du <a href=\"https:\/\/www.bfmtv.com\/sante\/symptomes-traitements-ce-qu-il-faut-savoir-du-virus-du-nil-occidental-dont-trois-cas-ont-ete-identifies-dans-le-var_AN-202408130349.html\" title=\"Sympt\u00f4mes, traitements... Ce qu&#039;il faut savoir du virus du Nil occidental dont trois cas ont \u00e9t\u00e9 identifi\u00e9s dans le Var\" class=\"internal_link\" rel=\"nofollow noopener\" target=\"_blank\">Nil occidental<\/a> a \u00e9t\u00e9 \u00ab\u00a0identifi\u00e9\u00a0\u00bb en 2025, \u00e0 Hy\u00e8res, dans le Var, a annonc\u00e9 <a href=\"https:\/\/www.santepubliquefrance.fr\/maladies-et-traumatismes\/maladies-a-transmission-vectorielle\/chikungunya\/documents\/bulletin-national\/chikungunya-dengue-et-zika-en-france-hexagonale.-bulletin-de-la-surveillance-renforcee-du-30-juillet-2025\" target=\"_blank\" class=\"external_link\" rel=\"nofollow noopener\">Sant\u00e9 publique France<\/a> dans un bulletin, ce mercredi 30 juillet.<\/p>\n<blockquote class=\"embed embed_quote\"><p>\u00ab\u00a0Le cas est localis\u00e9 dans la r\u00e9gion Provence-Alpes-C\u00f4te d&rsquo;Azur et a pr\u00e9sent\u00e9 les premiers sympt\u00f4mes au 15 juillet\u00a0\u00bb, compl\u00e8te Sant\u00e9 publique France.<\/p><\/blockquote>\n<p>En cette p\u00e9riode estivale la surveillance des arboviroses est \u00ab\u00a0renforc\u00e9e\u00a0\u00bb en France hexagonale, o\u00f9 14 \u00e9pisodes de chikungunya et cinq \u00e9pisodes de dengue ont \u00e9galement \u00e9t\u00e9 identifi\u00e9s.<\/p>\n<p>Un virus transmis par les moustiques<\/p>\n<p>L&rsquo;an pass\u00e9, trois cas avaient \u00e9t\u00e9 identifi\u00e9s entre janvier et ao\u00fbt. Ce virus est transmis \u00e0 l&rsquo;homme par les moustiques. Souvent asymptomatique, il peut toutefois provoquer une fi\u00e8vre intense ou m\u00eame, dans de plus rares cas, des complications neurologiques.<\/p>\n<p>Le virus tire son nom du district de West Nile, en Ouganda, o\u00f9 il a \u00e9t\u00e9 isol\u00e9 pour la premi\u00e8re fois en 1937 chez une femme souffrant d\u2019une forte fi\u00e8vre.<\/p>\n<p>Depuis cette premi\u00e8re identification, il a \u00e9t\u00e9 identifi\u00e9 sur l\u2019ensemble des continents. \u00ab\u00a0Aujourd\u2019hui, il est end\u00e9mique dans le pourtour m\u00e9diterran\u00e9en, en Europe Centrale et en Am\u00e9rique du Nord o\u00f9 il est responsable de cas humains mortels comme il a \u00e9t\u00e9 observ\u00e9 en Gr\u00e8ce continentale, en Italie du Sud et aux \u00c9tats-Unis\u00a0\u00bb, \u00e9crit <strong><a href=\"https:\/\/www.pasteur.fr\/fr\/centre-medical\/fiches-maladies\/west-nile\" target=\"_blank\" class=\"external_link\" rel=\"nofollow noopener\">l&rsquo;institut Pasteur<\/a><\/strong>.<\/p>\n","protected":false},"excerpt":{"rendered":"Sant\u00e9 publique France indique qu&rsquo;un premier cas autochtone du virus du Nil occidental a \u00e9t\u00e9 d\u00e9tect\u00e9 \u00e0 Hy\u00e8res,&hellip;\n","protected":false},"author":2,"featured_media":287893,"comment_status":"","ping_status":"","sticky":false,"template":"","format":"standard","meta":{"footnotes":""},"categories":[10],"tags":[1011,27,72,71],"class_list":{"0":"post-287892","1":"post","2":"type-post","3":"status-publish","4":"format-standard","5":"has-post-thumbnail","7":"category-sante","8":"tag-fr","9":"tag-france","10":"tag-health","11":"tag-sante"},"share_on_mastodon":{"url":"","error":""},"_links":{"self":[{"href":"https:\/\/www.europesays.com\/fr\/wp-json\/wp\/v2\/posts\/287892","targetHints":{"allow":["GET"]}}],"collection":[{"href":"https:\/\/www.europesays.com\/fr\/wp-json\/wp\/v2\/posts"}],"about":[{"href":"https:\/\/www.europesays.com\/fr\/wp-json\/wp\/v2\/types\/post"}],"author":[{"embeddable":true,"href":"https:\/\/www.europesays.com\/fr\/wp-json\/wp\/v2\/users\/2"}],"replies":[{"embeddable":true,"href":"https:\/\/www.europesays.com\/fr\/wp-json\/wp\/v2\/comments?post=287892"}],"version-history":[{"count":0,"href":"https:\/\/www.europesays.com\/fr\/wp-json\/wp\/v2\/posts\/287892\/revisions"}],"wp:featuredmedia":[{"embeddable":true,"href":"https:\/\/www.europesays.com\/fr\/wp-json\/wp\/v2\/media\/287893"}],"wp:attachment":[{"href":"https:\/\/www.europesays.com\/fr\/wp-json\/wp\/v2\/media?parent=287892"}],"wp:term":[{"taxonomy":"category","embeddable":true,"href":"https:\/\/www.europesays.com\/fr\/wp-json\/wp\/v2\/categories?post=287892"},{"taxonomy":"post_tag","embeddable":true,"href":"https:\/\/www.europesays.com\/fr\/wp-json\/wp\/v2\/tags?post=287892"}],"curies":[{"name":"wp","href":"https:\/\/api.w.org\/{rel}","templated":true}]}}