{"id":287896,"date":"2025-08-01T00:55:19","date_gmt":"2025-08-01T00:55:19","guid":{"rendered":"https:\/\/www.europesays.com\/fr\/287896\/"},"modified":"2025-08-01T00:55:19","modified_gmt":"2025-08-01T00:55:19","slug":"zevent-polemique-politique-charte-drama-que-se-passe-t-il","status":"publish","type":"post","link":"https:\/\/www.europesays.com\/fr\/287896\/","title":{"rendered":"ZEvent : pol\u00e9mique politique, charte, drama\u2026 que se passe-t-il ?"},"content":{"rendered":"<p>L\u2019\u00e9dition 2025 du ZEvent a \u00e9t\u00e9 touch\u00e9e par une controverse lorsqu\u2019un d\u00e9put\u00e9 du camp pr\u00e9sidentiel a voulu s\u2019inscrire et participer \u00e0 l\u2019\u00e9v\u00e9nement. Il a \u00e9t\u00e9 rep\u00e9r\u00e9 par des internautes qui s\u2019en sont pris \u00e0 lui sur les r\u00e9seaux sociaux, avec virulence. L\u2019organisation a sorti dans l\u2019urgence une charte qui n\u2019existait pas initialement, pour \u00e9carter la participation de l\u2019\u00e9lu. Mais une autre affaire pourrait \u00e9clater.<\/p>\n<p>Aussit\u00f4t relanc\u00e9, aussit\u00f4t percut\u00e9 par une pol\u00e9mique. Voil\u00e0 la fa\u00e7on dont on pourrait r\u00e9sumer la r\u00e9cente actualit\u00e9 du <a href=\"https:\/\/www.numerama.com\/politique\/1092666-le-z-event-comment-ca-marche.html\" target=\"_blank\" rel=\"noopener\">ZEvent, l\u2019\u00e9v\u00e8nement caritatif annuel organis\u00e9 par Adrien Nougaret, alias Zerator<\/a>. En effet, ces derniers jours ont \u00e9t\u00e9 marqu\u00e9s par une br\u00e8ve pol\u00e9mique qui a \u00e9clat\u00e9 sur les r\u00e9seaux sociaux. En cause ? L\u2019inscription d\u2019un participant particulier.<\/p>\n<p>Car le mis en cause ne vient pas de la communaut\u00e9 Twitch ou YouTube. Il s\u2019agit en fait de Denis Mass\u00e9glia, un d\u00e9put\u00e9 membre du parti pr\u00e9sidentiel (Renaissance). D\u00e8s le 27 juillet 2025, jour choisi par Zerator pour communiquer sur l\u2019\u00e9dition 2025 du ZEvent, l\u2019int\u00e9ress\u00e9 <a href=\"https:\/\/x.com\/denis_Masseglia\/status\/1949561303657279774\" target=\"_blank\" rel=\"noreferrer noopener\">avait fait savoir<\/a> sur X (ex-Twitter) qu\u2019il serait actif au marathon vid\u00e9oludique, en distanciel.<\/p>\n<p><a href=\"https:\/\/www.numerama.com\/wp-content\/uploads\/2025\/07\/inscription-denis-masseglia.png\" target=\"_blank\" rel=\"noopener\"><img decoding=\"async\" width=\"598\" height=\"618\" loading=\"lazy\" alt=\"Source : Capture d'\u00e9cran\" title=\"Source : Capture d'\u00e9cran\" class=\"wp-image-2043943 placeholder-default wp-image\" src=\"https:\/\/www.europesays.com\/fr\/wp-content\/uploads\/2025\/08\/inscription-denis-masseglia.png\" \/><\/a>L\u2019inscription du d\u00e9put\u00e9 au ZEvent. \/\/ Source : Capture d\u2019\u00e9cran<\/p>\n<p>Sa pr\u00e9sence n\u2019avait pas \u00e9t\u00e9 valid\u00e9e en amont par Zerator, ni n\u2019avait fait l\u2019objet d\u2019une invitation sp\u00e9cifique. En effet, l\u2019\u00e9dition 2025 a pour particularit\u00e9 d\u2019\u00eatre ouverte \u00e0 tous pour les personnes \u00e0 distance (les individus sur place sont en revanche convi\u00e9s par l\u2019organisation). Par ailleurs, Les r\u00e8gles de participation \u00e9taient minimales au d\u00e9but.<\/p>\n<p>Les pr\u00e9requis demand\u00e9s incluaient : \u00eatre Partner ou Affiliate Twitch, avoir 50 streams, 10 000 heures de visionnage et 50 spectateurs en moyenne. Autant de conditions satisfaites par le parlementaire, puisque son inscription a pu aller au bout du processus. <a href=\"https:\/\/www.twitch.tv\/masseglia\/videos\" target=\"_blank\" rel=\"noreferrer noopener\">Sa cha\u00eene Twitch<\/a>, qui a plus de 2 200 fid\u00e8les, est d\u2019ailleurs plut\u00f4t active.<\/p>\n<p>Mais la perspective d\u2019avoir un parlementaire, qui plus est li\u00e9 au pr\u00e9sident Macron, n\u2019est pas pass\u00e9e aupr\u00e8s de nombreux internautes. En r\u00e9ponse \u00e0 sa publication sur X, plusieurs d\u2019entre eux lui sont tomb\u00e9s dessus, avec des r\u00e9actions parfois tr\u00e8s virulentes. Il a \u00e9galement \u00e9t\u00e9 torpill\u00e9 par des figures du streaming, comme OPCrotte et Antoine Daniel.<\/p>\n<p><a href=\"https:\/\/www.numerama.com\/wp-content\/uploads\/2025\/07\/antoine-daniel-denis-masseglia.png\" target=\"_blank\" rel=\"noopener\"><img decoding=\"async\" width=\"600\" height=\"847\" loading=\"lazy\" alt=\"Source : Capture d'\u00e9cran\" title=\"Source : Capture d'\u00e9cran\" class=\"wp-image-2043979 placeholder-default wp-image\" src=\"https:\/\/www.europesays.com\/fr\/wp-content\/uploads\/2025\/08\/antoine-daniel-denis-masseglia.png\" \/><\/a>Le message, sur BlueSky, d\u2019Antoine Daniel, un participant r\u00e9gulier au ZEvent, et un streameur de premier plan. \/\/ Source : Capture d\u2019\u00e9cran<\/p>\n<p>\u00ab J\u2019avoue ne pas comprendre pourquoi cette esp\u00e8ce de petit d\u00e9put\u00e9 m\u00e9diocre qui a vot\u00e9 la loi Duplomb d\u00e9cide de s\u2019inscrire au ZEvent \u00e0 part pour plaire \u00e0 un public plus jeune qu\u2019il doit estimer, \u00e0 tort, \u00eatre b\u00eate et cr\u00e9dule, il est toujours temps de se d\u00e9sinscrire et d\u2019\u00eatre coh\u00e9rent dans sa nullit\u00e9 \u00bb, <a href=\"https:\/\/bsky.app\/profile\/antoinedaniel.bsky.social\/post\/3lv4gezg67c2o\" target=\"_blank\" rel=\"noreferrer noopener\">a ainsi \u00e9crit<\/a> Antoine Daniel sur Bluesky.<\/p>\n<p>L\u2019agacement du streameur fran\u00e7ais, l\u2019un des plus suivis sur Twitch, est \u00e0 l\u2019image de l\u2019opinion exprim\u00e9e par de nombreux internautes. Cependant, c\u2019est aussi l\u2019un des messages les plus pond\u00e9r\u00e9s. Parmi les commentaires laiss\u00e9s depuis le 27 juillet, certains se sont av\u00e9r\u00e9s bien plus hostiles, avec parfois des injures. En tout, 614 r\u00e9actions ont fleuri sous le message.<\/p>\n<p><a href=\"https:\/\/www.numerama.com\/wp-content\/uploads\/2025\/07\/opcrotte-denis-masseglia.png\" target=\"_blank\" rel=\"noopener\"><img decoding=\"async\" width=\"598\" height=\"98\" loading=\"lazy\" alt=\"Source : Capture d'\u00e9cran\" title=\"Source : Capture d'\u00e9cran\" class=\"wp-image-2043975 placeholder-default wp-image\" src=\"https:\/\/www.europesays.com\/fr\/wp-content\/uploads\/2025\/08\/opcrotte-denis-masseglia.png\" \/><\/a>La r\u00e9action d\u2019OPCrotte en r\u00e9ponse au d\u00e9put\u00e9, une streameuse qui n\u2019est pas inscrite pour l\u2019heure au ZEvent. \/\/ Source : Capture d\u2019\u00e9cran<\/p>\n<p>Au centre de la pol\u00e9mique : un vote pour la loi Duplomb<\/p>\n<p>Grief principal invoqu\u00e9 comme motif d\u2019exclusion : Denis Mass\u00e9glia a vot\u00e9 la loi Duplomb, surnom donn\u00e9 \u00e0 la proposition de loi <a href=\"https:\/\/www.assemblee-nationale.fr\/dyn\/17\/dossiers\/DLR5L17N50819#CMP\" target=\"_blank\" rel=\"noreferrer noopener\">visant \u00e0 lever les contraintes \u00e0 l\u2019exercice du m\u00e9tier d\u2019agriculteur<\/a>. Ce texte, pris notamment en r\u00e9action au <a href=\"https:\/\/www.youtube.com\/watch?v=1K3phuY4uh0\" target=\"_blank\" rel=\"noreferrer noopener\">mal-\u00eatre des agriculteurs exprim\u00e9 en 2024<\/a>, a finalement \u00e9t\u00e9 adopt\u00e9 le 8 juillet 2025 au Parlement.<\/p>\n<p>La p\u00e9tition lanc\u00e9e au Parlement va ouvrir un d\u00e9bat \u00e0 la rentr\u00e9e chez les parlementaires. Elle n\u2019engage cependant \u00e0 rien : cela ne va pas m\u00e9caniquement entra\u00eener le retrait de la loi Duplomb.<\/p>\n<p>Mais cette loi est aujourd\u2019hui vivement contest\u00e9e dans l\u2019opinion publique. On lui reproche d\u2019avoir \u00e9t\u00e9 \u00e9crite <a href=\"https:\/\/www.radiofrance.fr\/franceculture\/podcasts\/questions-du-soir-le-debat\/loi-duplomb-les-campagnes-de-lobbying-sont-elles-antidemocratiques-9295257\" target=\"_blank\" rel=\"noreferrer noopener\">sous l\u2019influence des lobbies<\/a>, et de r\u00e9introduire, <a href=\"https:\/\/www.lemonde.fr\/politique\/article\/2025\/01\/27\/en-soutien-de-l-agriculture-intensive-le-senat-vote-pour-la-reintroduction-de-pesticides-neonicotinoides-a-titre-derogatoire_6519163_823448.html\" target=\"_blank\" rel=\"noreferrer noopener\">par d\u00e9rogation et ponctuellement<\/a>, certains pesticides. Une <a href=\"https:\/\/petitions.assemblee-nationale.fr\/initiatives\/i-3014?locale=fr\" target=\"_blank\" rel=\"noreferrer noopener\">p\u00e9tition a pris forme<\/a> et a collect\u00e9 plus de 2 millions de voix, sur les 500 000 requis pour demander au Parlement de rediscuter du texte.<\/p>\n<p>C\u2019est un insecticide n\u00e9onicotino\u00efde pr\u00e9cis, l\u2019<a href=\"https:\/\/fr.wikipedia.org\/wiki\/Ac%C3%A9tamipride\" target=\"_blank\" rel=\"noreferrer noopener\">ac\u00e9tamipride<\/a>, qui a cristallis\u00e9 les d\u00e9bats de la loi Duplomb. Pr\u00e9cis\u00e9ment, il est accus\u00e9 d\u2019\u00eatre n\u00e9faste pour la sant\u00e9 humaine et d\u2019\u00eatre fatal pour les abeilles. Cependant, les effets dont il est question <a href=\"https:\/\/www.lepoint.fr\/environnement\/acetamipride-que-dit-vraiment-la-science-21-07-2025-2594818_1927.php\" target=\"_blank\" rel=\"noreferrer noopener\">ne font pas consensus chez les scientifiques<\/a> \u2014 en particulier sur les doses r\u00e9elles utilis\u00e9es.<\/p>\n<p><a href=\"https:\/\/www.numerama.com\/wp-content\/uploads\/2024\/11\/abeille.jpg\" target=\"_blank\" rel=\"noopener\"><img decoding=\"async\" width=\"1024\" height=\"576\" loading=\"lazy\" alt=\"abeille\" title=\"abeille\" class=\"wp-image-1838288 placeholder-default wp-image\" src=\"https:\/\/www.europesays.com\/fr\/wp-content\/uploads\/2025\/08\/abeille-1024x576.jpg\" \/><\/a>Les effets des insecticides sur les abeilles suscitent des craintes dans la population. \/\/ Source : <a href=\"https:\/\/www.canva.com\/photos\/MADQ4zJ5sAw-bee-on-a-sunflower\/\" target=\"_blank\" rel=\"noopener\">Hansbeen<\/a><\/p>\n<p>S\u2019il <a href=\"https:\/\/www.challenges.fr\/economie\/neonicotinoides-des-motifs-dinquietudes-pour-la-sante-humaine-mais-manque-detudes-dampleur_619954\" target=\"_blank\" rel=\"noreferrer noopener\">manque des \u00e9tudes d\u2019ampleur sur les n\u00e9onicotino\u00efdes<\/a> pour \u00e9valuer plus pr\u00e9cis\u00e9ment l\u2019impact sur la sant\u00e9 humaine et l\u2019\u00e9cosyst\u00e8me. On a aussi not\u00e9 la <a href=\"https:\/\/www.franceinfo.fr\/replay-radio\/le-vrai-du-faux\/loi-duplomb-etudes-scientifiques-avis-de-l-efsa-collier-anti-puces-on-a-verifie-plusieurs-declarations-sur-l-acetamipride_7357038.html\" target=\"_blank\" rel=\"noreferrer noopener\">circulation de fausses informations<\/a> sur ces insecticides, qui ont eu pour effet de polluer le d\u00e9bat. Cette discussion se poursuivra aussi devant le Conseil constitutionnel, qui a \u00e9t\u00e9 saisi.<\/p>\n<p>Des plaintes contre certaines injures<\/p>\n<p>Tel est donc le contexte dans lequel la controverse sur la pr\u00e9sence de Denis Mass\u00e9glia au ZEvent est apparue \u2014 une affaire qui a pris des proportions suffisamment importantes pour conduire l\u2019\u00e9lu \u00e0 publier, le 30 juillet, <a href=\"https:\/\/x.com\/denis_Masseglia\/status\/1950570619747107085\" target=\"_blank\" rel=\"noreferrer noopener\">un communiqu\u00e9<\/a> pour d\u00e9noncer certaines r\u00e9actions excessives \u2014 et annoncer une s\u00e9rie de plaintes.<\/p>\n<p>\u00ab Qu\u2019on s\u2019interroge sur mon inscription, c\u2019est l\u00e9gitime. Qu\u2019on m\u2019insulte ou me menace, c\u2019est non. [\u2026] Je subis un d\u00e9ferlement de haine. Je lis des messages d\u2019une brutalit\u00e9 extr\u00eame, certains s\u2019arrogent le droit d\u2019insulter et de menacer. [\u2026] Je d\u00e9poserai cette semaine une premi\u00e8re s\u00e9rie de plaintes pour menaces, insultes et incitations au suicide \u00bb, lit-on notamment.<\/p>\n<p>Son message vient aussi exposer les raisons de sa participation, se disant li\u00e9 \u00e0 la culture populaire et geek, en ayant, lui aussi, une passion pour les jeux vid\u00e9o, les mangas et le bricolage informatique. Des centres d\u2019int\u00e9r\u00eat qu\u2019il a dit avoir avant d\u2019entrer en politique \u2014 et qu\u2019il a parfois traduits politiquement, \u00e0 l\u2019image du <a href=\"https:\/\/www.numerama.com\/politique\/316968-quels-sont-les-groupes-detudes-sur-le-numerique-a-lassemblee-nationale.html\" target=\"_blank\" rel=\"noopener\">groupe d\u2019\u00e9tudes sur le jeu vid\u00e9o<\/a>, dont il est membre.<\/p>\n<p><a href=\"https:\/\/www.numerama.com\/wp-content\/uploads\/2018\/02\/groupe-detudes-jeux-video.png\" target=\"_blank\" rel=\"noopener\"><img decoding=\"async\" width=\"1024\" height=\"488\" loading=\"lazy\" alt=\"groupe-detudes-jeux-video\" title=\"groupe-detudes-jeux-video\" class=\"wp-image-331284 placeholder-default wp-image\" src=\"https:\/\/www.europesays.com\/fr\/wp-content\/uploads\/2025\/08\/groupe-detudes-jeux-video-1024x488.png\" \/><\/a>La mise en place du groupe d\u2019\u00e9tudes, en 2017. \/\/ Source : capture d\u2019\u00e9cran<\/p>\n<p>Il a pr\u00e9cis\u00e9 aussi vouloir aider la cause (cette ann\u00e9e, l\u2019argent soutiendra des associations travaillant pour les patients et les aidants). Mais l\u00e0 encore, il a pris un retour de b\u00e2ton. D\u2019aucuns ont jug\u00e9 paradoxal de voter cette loi (qui est suspect\u00e9e d\u2019\u00eatre canc\u00e9rig\u00e8ne \u00e0 cause de l\u2019ac\u00e9tamipride) tout en disant vouloir aider la Ligue contre le cancer.<\/p>\n<p>Denis Mass\u00e9glia ne figure plus aujourd\u2019hui dans la liste des streameurs en distanciel pour le ZEvent. Le 30 juillet, il a d\u00e9nonc\u00e9 de fausses rumeurs qui sugg\u00e9raient qu\u2019il s\u2019\u00e9tait d\u00e9sinscrit. Cependant, il avait sugg\u00e9r\u00e9 qu\u2019il serait pr\u00eat \u00e0 accepter une modification des r\u00e8gles d\u2019inscription par l\u2019organisation, qui aurait pour effet de l\u2019\u00e9vincer, afin de pr\u00e9server l\u2019\u00e9v\u00e8nement.<\/p>\n<p>Finalement, un document a \u00e9t\u00e9 publi\u00e9. Alors que Denis Mass\u00e9glia respectait les crit\u00e8res initiaux du ZEvent, et tandis que Zerator avait statu\u00e9 en direct qu\u2019il n\u2019y avait pas d\u2019autres conditions hormis celles \u00e9dict\u00e9es au d\u00e9part, <a href=\"https:\/\/x.com\/ZEVENTFR\/status\/1950590718960971845\" target=\"_blank\" rel=\"noreferrer noopener\">une charte a \u00e9t\u00e9 publi\u00e9e<\/a>. Celle-ci ne se trouve pas sur le site officiel, mais a \u00e9t\u00e9 relay\u00e9e le 30 juillet sur le compte X de l\u2019organisation.<\/p>\n<p><a href=\"https:\/\/www.numerama.com\/wp-content\/uploads\/2025\/07\/charte-zevent.jpg\" target=\"_blank\" rel=\"noopener\"><img decoding=\"async\" width=\"598\" height=\"783\" loading=\"lazy\" alt=\"Source : Capture d'\u00e9cran\" title=\"Source : Capture d'\u00e9cran\" class=\"wp-image-2044085 placeholder-default wp-image\" src=\"https:\/\/www.europesays.com\/fr\/wp-content\/uploads\/2025\/08\/charte-zevent.jpg\" \/><\/a>Une charte pour le ZEvent : une premi\u00e8re. \/\/ Source : Capture d\u2019\u00e9cran<\/p>\n<p>Parmi les ajouts, on y lit : \u00ab neutralit\u00e9 partisane et confessionnelle : pour garantir cette neutralit\u00e9, les personnes exer\u00e7ant un mandat politique en cours (local, r\u00e9gional, national, europ\u00e9en\u2026) ou ayant exerc\u00e9 un mandat dans le pass\u00e9 ne peuvent pas participer \u00bb.  Un passage clairement li\u00e9 \u00e0 l\u2019affaire du d\u00e9put\u00e9 de Renaissance.<\/p>\n<p>Pas la premi\u00e8re fois que le ZEvent est frapp\u00e9 d\u2019une pol\u00e9mique<\/p>\n<p>En 2022, il \u00e9tait pr\u00e9vu de soutenir l\u2019organisation GoodPlanet avec le ZEvent. C\u2019\u00e9tait le plan de Zerator, qui avait annonc\u00e9 son nom en milieu d\u2019ann\u00e9e. Cependant, <a href=\"https:\/\/www.numerama.com\/pop-culture\/1031248-mais-que-se-passe-t-il-avec-le-z-event-2022.html\" target=\"_blank\" rel=\"noopener\">le profil de GoodPlanet a donn\u00e9 lieu \u00e0 une vive controverse<\/a> qui a fini par <a href=\"https:\/\/www.numerama.com\/pop-culture\/1034518-le-z-event-2022-annule-son-partenariat-avec-la-fondation-goodplanet.html\" target=\"_blank\" rel=\"noopener\">entra\u00eener un divorce entre le ZEvent et GoodPlanet<\/a>. Il a donc fallu trouver une solution de repli : plut\u00f4t que de choisir, Zerator a laiss\u00e9 Internet d\u00e9cider.<\/p>\n<p><a href=\"https:\/\/www.numerama.com\/wp-content\/uploads\/2022\/07\/goodplanet.jpg\" target=\"_blank\" rel=\"noopener\"><img decoding=\"async\" width=\"1024\" height=\"548\" loading=\"lazy\" alt=\"GoodPlanet\" title=\"GoodPlanet\" class=\"wp-image-1031674 placeholder-default wp-image\" src=\"https:\/\/www.europesays.com\/fr\/wp-content\/uploads\/2025\/08\/goodplanet-1024x548.jpg\" \/><\/a>La page d\u2019accueil de GoodPlanet. \/\/ Source : Capture d\u2019\u00e9cran<\/p>\n<p>Les internautes ont pu <a href=\"https:\/\/www.numerama.com\/politique\/1034762-z-event-vous-pouvez-voter-entre-22-associations-pour-determiner-les-causes-de-2022.html\" target=\"_blank\" rel=\"noopener\">voter sur un site d\u00e9di\u00e9<\/a> pour retenir cinq autres associations parmi vingt-deux pr\u00e9s\u00e9lectionn\u00e9es. Les cinq choisies (<a href=\"https:\/\/www.numerama.com\/politique\/1038654-z-event-2022-malgre-les-polemiques-5-associations-ont-ete-retenues.html\" target=\"_blank\" rel=\"noopener\">Time for the Planet, Sea Shepherd, la Ligue de protection des oiseaux, WWF et The SeaCleaners<\/a>) ont aussi fait l\u2019objet de critiques, mais celles-ci se sont av\u00e9r\u00e9es nettement moins vives que celles ciblant GoodPlanet.<\/p>\n<p>Pr\u00e9c\u00e9demment, en 2019, ce sont l\u2019insuffisante mixit\u00e9 et la faible diversit\u00e9 des profils qui ont \u00e9t\u00e9 d\u00e9nonc\u00e9es. En 2021, la r\u00e9action des organisateurs a \u00e9t\u00e9 critiqu\u00e9e apr\u00e8s une sortie jug\u00e9e misogyne d\u2019un vid\u00e9aste contre une invit\u00e9e ne parlant pas fran\u00e7ais. Une vid\u00e9aste \u00e9tait intervenue pour obtenir des excuses, avant d\u2019\u00eatre la victime d\u2019un harc\u00e8lement en ligne.<\/p>\n<p>Une autre controverse en vue ?<\/p>\n<p>Fin de l\u2019histoire ? Cela reste \u00e0 voir, car une autre pol\u00e9mique pourrait aussi \u00e9clater : celle de la pr\u00e9sence d\u2019IAM au concert organis\u00e9 la veille du ZEvent.<\/p>\n<p>En effet, <a href=\"https:\/\/x.com\/mtnn_Victor\/status\/1950474159613444561\" target=\"_blank\" rel=\"noreferrer noopener\">d\u2019aucuns ont soulign\u00e9<\/a> que le chanteur du c\u00e9l\u00e8bre groupe de rap, Akhenaton, s\u2019est illustr\u00e9 par le pass\u00e9 par des <a href=\"https:\/\/www.lepoint.fr\/culture\/no-pasaran-les-rappeurs-du-deshonneur-et-leurs-suiveurs-03-07-2024-2564750_3.php\" target=\"_blank\" rel=\"noopener\">positions anti-vaccinales et complotistes<\/a>. Il est m\u00eame apparu dans un \u00ab documentaire \u00bb du collectif conspirationniste R\u00e9info Covid, fond\u00e9 par Louis Fouch\u00e9, d\u00e9crit comme un influenceur covido-sceptique.<\/p>\n<p><a href=\"https:\/\/www.numerama.com\/wp-content\/uploads\/2025\/07\/iam-covid.png\" target=\"_blank\" rel=\"noopener\"><img decoding=\"async\" width=\"598\" height=\"462\" loading=\"lazy\" alt=\"iam covid\" title=\"iam covid\" class=\"wp-image-2044127 placeholder-default wp-image\" src=\"https:\/\/www.europesays.com\/fr\/wp-content\/uploads\/2025\/08\/iam-covid.png\" \/><\/a>L\u2019un des probl\u00e8mes relev\u00e9s dans les prises de position du leader d\u2019IAM, ces derni\u00e8res ann\u00e9es. \/\/ Source : Capture d\u2019\u00e9cran<\/p>\n<p>Comme le souligne le journaliste <a href=\"https:\/\/usbeketrica.com\/fr\/author\/victor-mottin\" target=\"_blank\" rel=\"noreferrer noopener\">Victor Mottin<\/a>, sp\u00e9cialiste des sujets li\u00e9s \u00e0 la d\u00e9sinformation, Akhenaton s\u2019est enfonc\u00e9 dans une pens\u00e9e de plus en plus complotiste. Selon lui, \u00ab le Covid a \u00e9t\u00e9 une exp\u00e9rience sociale plan\u00e9taire \u00bb, l\u2019OMS serait \u00ab compl\u00e8tement assujettie \u00e0 des multinationales de la sant\u00e9 ou des fondations aux objectifs troubl\u00e9s. \u00bb<\/p>\n<p>Ces positions radicales pourraient \u00eatre vues comme en contradiction avec la charte, qui rejette les contenus et comportements inacceptables (rejet de la diffusion ou soutien \u00e0 des th\u00e9ories extr\u00e9mistes). Cela \u00e9tant, cette charte ne s\u2019applique pas tout \u00e0 fait ici, car le concert est un \u00e9v\u00e8nement s\u00e9par\u00e9 du ZEvent, qui a lieu un jour avant.<\/p>\n<p>Cela pourra para\u00eetre paradoxal, alors m\u00eame que l\u2019\u00e9v\u00e8nement est centr\u00e9 cette ann\u00e9e sur le domaine m\u00e9dical et la sant\u00e9, et l\u2019aide aux aidants et aux patients, qui se sont retrouv\u00e9s en premi\u00e8re ligne face \u00e0 la pand\u00e9mie \u2014 on estime que le Covid-19 a tu\u00e9 170 000 personnes en France.<\/p>\n<p>            <img decoding=\"async\" src=\"https:\/\/www.europesays.com\/fr\/wp-content\/uploads\/2025\/04\/iPhone-16-pro.png\" alt=\"Toute l'actu tech en un clien d'oeil\"\/><\/p>\n<p class=\"card-install-pwa__title\">Toute l&rsquo;actu tech en un clin d&rsquo;\u0153il<\/p>\n<p class=\"card-install-pwa__description\">Ajoutez Numerama \u00e0 votre \u00e9cran d&rsquo;accueil et restez connect\u00e9s au futur !<\/p>\n<p>            <img decoding=\"async\" src=\"https:\/\/www.numerama.com\/wp-content\/themes\/numerama-next\/assets\/images\/premium\/logo-card-pwa-coupe.svg\" alt=\"Logo PWA\"\/><\/p>\n<p>       Installer Numerama<\/p>\n","protected":false},"excerpt":{"rendered":"L\u2019\u00e9dition 2025 du ZEvent a \u00e9t\u00e9 touch\u00e9e par une controverse lorsqu\u2019un d\u00e9put\u00e9 du camp pr\u00e9sidentiel a voulu s\u2019inscrire&hellip;\n","protected":false},"author":2,"featured_media":287897,"comment_status":"","ping_status":"","sticky":false,"template":"","format":"standard","meta":{"footnotes":""},"categories":[8],"tags":[58,59,1011,27,1749,42660],"class_list":{"0":"post-287896","1":"post","2":"type-post","3":"status-publish","4":"format-standard","5":"has-post-thumbnail","7":"category-divertissement","8":"tag-divertissement","9":"tag-entertainment","10":"tag-fr","11":"tag-france","12":"tag-twitch","13":"tag-z-event"},"share_on_mastodon":{"url":"https:\/\/pubeurope.com\/@fr\/114950788323624434","error":""},"_links":{"self":[{"href":"https:\/\/www.europesays.com\/fr\/wp-json\/wp\/v2\/posts\/287896","targetHints":{"allow":["GET"]}}],"collection":[{"href":"https:\/\/www.europesays.com\/fr\/wp-json\/wp\/v2\/posts"}],"about":[{"href":"https:\/\/www.europesays.com\/fr\/wp-json\/wp\/v2\/types\/post"}],"author":[{"embeddable":true,"href":"https:\/\/www.europesays.com\/fr\/wp-json\/wp\/v2\/users\/2"}],"replies":[{"embeddable":true,"href":"https:\/\/www.europesays.com\/fr\/wp-json\/wp\/v2\/comments?post=287896"}],"version-history":[{"count":0,"href":"https:\/\/www.europesays.com\/fr\/wp-json\/wp\/v2\/posts\/287896\/revisions"}],"wp:featuredmedia":[{"embeddable":true,"href":"https:\/\/www.europesays.com\/fr\/wp-json\/wp\/v2\/media\/287897"}],"wp:attachment":[{"href":"https:\/\/www.europesays.com\/fr\/wp-json\/wp\/v2\/media?parent=287896"}],"wp:term":[{"taxonomy":"category","embeddable":true,"href":"https:\/\/www.europesays.com\/fr\/wp-json\/wp\/v2\/categories?post=287896"},{"taxonomy":"post_tag","embeddable":true,"href":"https:\/\/www.europesays.com\/fr\/wp-json\/wp\/v2\/tags?post=287896"}],"curies":[{"name":"wp","href":"https:\/\/api.w.org\/{rel}","templated":true}]}}