{"id":287905,"date":"2025-08-01T01:00:15","date_gmt":"2025-08-01T01:00:15","guid":{"rendered":"https:\/\/www.europesays.com\/fr\/287905\/"},"modified":"2025-08-01T01:00:15","modified_gmt":"2025-08-01T01:00:15","slug":"justin-timberlake-gravement-malade-jai-ete-diagnostique-ses-fans-sous-le-choc","status":"publish","type":"post","link":"https:\/\/www.europesays.com\/fr\/287905\/","title":{"rendered":"Justin Timberlake gravement malade : \u00ab\u00a0J&rsquo;ai \u00e9t\u00e9 diagnostiqu\u00e9\u00a0\u00bb, ses fans sous le choc"},"content":{"rendered":"<p>La nouvelle a fait l&rsquo;effet d&rsquo;une bombe. Tandis que <strong><a href=\"https:\/\/www.public.fr\/tag\/justin-timberlake\" target=\"_blank\" rel=\"noopener\">Justin Timberlake<\/a> fait face \u00e0 de nombreuses critiques depuis le lancement de sa tourn\u00e9e<\/strong>, notamment pour ses prestations jug\u00e9es controvers\u00e9es, il a r\u00e9cemment partag\u00e9 une triste information sur ses r\u00e9seaux sociaux. <\/p>\n<p>Ce jeudi 31 juillet 2025, l&rsquo;artiste s&rsquo;est en effet empar\u00e9 de son compte <a href=\"https:\/\/www.instagram.com\/justintimberlake\/\" target=\"_blank\" rel=\"noreferrer noopener\">Instagram<\/a> afin d&rsquo;\u00e9voquer son \u00e9tat de sant\u00e9. <\/p>\n<p>\u00c0 44 ans, l&rsquo;interpr\u00e8te de Can&rsquo;t Stop the Feeling est <strong>atteint de la maladie de Lyme.<\/strong><\/p>\n<p>Justin Timberlake boulevers\u00e9 par le diagnostic<\/p>\n<p>\u00ab\u00a0Comme beaucoup d\u2019entre vous le savent, je suis quelqu\u2019un de plut\u00f4t discret. Mais en repensant \u00e0 cette tourn\u00e9e et aux festivals, je ressens le besoin de vous parler un peu de ce que je vis en ce moment\u00a0\u00bb, a \u00e9crit Justin Timberlake. \u00ab\u00a0Parmi d\u2019autres choses, je me bats contre des probl\u00e8mes de sant\u00e9, et on m\u2019a diagnostiqu\u00e9 la maladie de Lyme \u2014 ce que je ne dis pas pour que vous ayez de la peine pour moi, mais pour vous \u00e9clairer sur ce que j\u2019ai d\u00fb affronter en coulisses. <strong>Si vous avez d\u00e9j\u00e0 \u00e9t\u00e9 touch\u00e9 par cette maladie ou si vous connaissez quelqu\u2019un dans ce cas, vous savez \u00e0 quel point elle peut \u00eatre \u00e9puisante, autant mentalement que physiquement<\/strong>. Quand j\u2019ai appris le diagnostic, j\u2019ai \u00e9t\u00e9 sous le choc. Mais au moins, je comprenais enfin pourquoi je pouvais \u00eatre sur sc\u00e8ne en souffrant \u00e9norm\u00e9ment ou me sentir compl\u00e8tement vid\u00e9 ou malade.\u00a0\u00bb<\/p>\n<p>\u00ab\u00a0J\u2019ai d\u00fb prendre une d\u00e9cision personnelle : arr\u00eater la tourn\u00e9e ou continuer et trouver un moyen d\u2019y faire face. <strong>J\u2019ai choisi de continuer<\/strong>, car la joie que me procure la sc\u00e8ne d\u00e9passe largement le stress passager que mon corps peut ressentir. Et je suis tellement heureux d\u2019avoir fait ce choix\u00a0\u00bb, a ajout\u00e9 le chanteur. <\/p>\n<p>L&rsquo;artiste plus d\u00e9termin\u00e9 que jamais<\/p>\n<p>Malgr\u00e9 la maladie, Justin Timberlake ne regrette pas d&rsquo;avoir \u00e9t\u00e9 jusqu&rsquo;au bout.  \u00ab\u00a0Non seulement <strong>j\u2019ai prouv\u00e9 ma force mentale \u00e0 moi-m\u00eame,<\/strong> mais j\u2019ai aussi v\u00e9cu avec vous des moments inoubliables que je garderai toujours en m\u00e9moire\u00a0\u00bb, a-t-il pr\u00e9cis\u00e9.<\/p>\n<p>Et de conclure : \u00ab\u00a0J\u2019ai longtemps h\u00e9sit\u00e9 \u00e0 parler de tout \u00e7a, car j\u2019ai \u00e9t\u00e9 \u00e9lev\u00e9 \u00e0 garder ce genre de choses pour moi. Mais aujourd\u2019hui, j\u2019essaie d\u2019\u00eatre plus transparent sur mes difficult\u00e9s, pour \u00e9viter qu\u2019elles soient mal comprises. Je partage tout \u00e7a avec l\u2019espoir qu\u2019on puisse, d\u2019une mani\u00e8re ou d\u2019une autre, \u00eatre plus connect\u00e9s les uns aux autres. Et j\u2019aimerais, \u00e0 mon niveau, pouvoir <strong>aider ceux qui traversent cette maladie eux aussi<\/strong>\u00ab\u00a0. Une publication qui a suscit\u00e9 de vives r\u00e9actions. <\/p>\n<p>      Mentionn\u00e9s dans cet article<\/p>\n<p>      Sur le m\u00eame sujet<\/p>\n<p>  <script async src=\"\/\/www.instagram.com\/embed.js\"><\/script><\/p>\n","protected":false},"excerpt":{"rendered":"La nouvelle a fait l&rsquo;effet d&rsquo;une bombe. Tandis que Justin Timberlake fait face \u00e0 de nombreuses critiques depuis&hellip;\n","protected":false},"author":2,"featured_media":287906,"comment_status":"","ping_status":"","sticky":false,"template":"","format":"standard","meta":{"footnotes":""},"categories":[2],"tags":[11,1011,27,42636,42637,12],"class_list":{"0":"post-287905","1":"post","2":"type-post","3":"status-publish","4":"format-standard","5":"has-post-thumbnail","7":"category-actualites","8":"tag-actualites","9":"tag-fr","10":"tag-france","11":"tag-justin-timberlake","12":"tag-maladie-de-lyme","13":"tag-news"},"share_on_mastodon":{"url":"https:\/\/pubeurope.com\/@fr\/114950807409260637","error":""},"_links":{"self":[{"href":"https:\/\/www.europesays.com\/fr\/wp-json\/wp\/v2\/posts\/287905","targetHints":{"allow":["GET"]}}],"collection":[{"href":"https:\/\/www.europesays.com\/fr\/wp-json\/wp\/v2\/posts"}],"about":[{"href":"https:\/\/www.europesays.com\/fr\/wp-json\/wp\/v2\/types\/post"}],"author":[{"embeddable":true,"href":"https:\/\/www.europesays.com\/fr\/wp-json\/wp\/v2\/users\/2"}],"replies":[{"embeddable":true,"href":"https:\/\/www.europesays.com\/fr\/wp-json\/wp\/v2\/comments?post=287905"}],"version-history":[{"count":0,"href":"https:\/\/www.europesays.com\/fr\/wp-json\/wp\/v2\/posts\/287905\/revisions"}],"wp:featuredmedia":[{"embeddable":true,"href":"https:\/\/www.europesays.com\/fr\/wp-json\/wp\/v2\/media\/287906"}],"wp:attachment":[{"href":"https:\/\/www.europesays.com\/fr\/wp-json\/wp\/v2\/media?parent=287905"}],"wp:term":[{"taxonomy":"category","embeddable":true,"href":"https:\/\/www.europesays.com\/fr\/wp-json\/wp\/v2\/categories?post=287905"},{"taxonomy":"post_tag","embeddable":true,"href":"https:\/\/www.europesays.com\/fr\/wp-json\/wp\/v2\/tags?post=287905"}],"curies":[{"name":"wp","href":"https:\/\/api.w.org\/{rel}","templated":true}]}}