{"id":287939,"date":"2025-08-01T01:29:30","date_gmt":"2025-08-01T01:29:30","guid":{"rendered":"https:\/\/www.europesays.com\/fr\/287939\/"},"modified":"2025-08-01T01:29:30","modified_gmt":"2025-08-01T01:29:30","slug":"une-etudiante-gazaouie-inscrite-a-sciences-po-lille-accusee-de-propos-antisemites","status":"publish","type":"post","link":"https:\/\/www.europesays.com\/fr\/287939\/","title":{"rendered":"Une \u00e9tudiante gazaouie inscrite \u00e0 Sciences Po Lille accus\u00e9e de propos antis\u00e9mites"},"content":{"rendered":"<p>Une \u00e9tudiante gazaouie vis\u00e9e par une enqu\u00eate judiciaire pour \u00ab apologie du terrorisme et apologie de crime contre l\u2019humanit\u00e9 \u00bb apr\u00e8s des publications violemment antis\u00e9mites, \u00ab a vocation \u00e0 quitter le territoire national \u00bb, a d\u00e9clar\u00e9, jeudi 31 juillet 2025, une source diplomatique fran\u00e7aise.<\/p>\n<p>Des captures d\u2019\u00e9cran circulant sur les r\u00e9seaux sociaux montrent qu\u2019un compte &#8211; attribu\u00e9 \u00e0 cette \u00e9tudiante par des internautes et ferm\u00e9 depuis &#8211; a notamment repartag\u00e9 des messages appelant \u00e0 tuer des juifs.<\/p>\n<p>\u00c9tudiante \u00e0 Sciences Po Lille<\/p>\n<p>Arriv\u00e9e en France le 11 juillet, la jeune femme avait b\u00e9n\u00e9fici\u00e9 d\u2019une bourse du gouvernement pour pouvoir \u00e9tudier \u00e0 l\u2019\u00e9cole d\u2019enseignement sup\u00e9rieur Sciences Po Lille, dans le nord de la France, dans le cadre d\u2019un programme destin\u00e9s aux \u00e9tudiants gazaouis cr\u00e9\u00e9 il y a un an, a pr\u00e9cis\u00e9 cette source.<\/p>\n<p>Les boursiers \u00ab sont s\u00e9lectionn\u00e9s sur des crit\u00e8res d\u2019excellence acad\u00e9mique et font l\u2019objet de v\u00e9rifications de s\u00e9curit\u00e9 par les services comp\u00e9tents avant leur arriv\u00e9e en France \u00bb, selon la m\u00eame source.<\/p>\n<p>\u00ab Le ministre de l\u2019Europe et des affaires \u00e9trang\u00e8res et le ministre de l\u2019Int\u00e9rieur ont demand\u00e9 le lancement d\u2019une enqu\u00eate interne, afin que cette situation ne se reproduise plus \u00bb, a-t-elle dit.<\/p>\n<p>Enqu\u00eate ouverte pour \u00ab apologie du terrorisme \u00bb<\/p>\n<p>La destination vers laquelle pourrait \u00eatre renvoy\u00e9e l\u2019\u00e9tudiante n\u2019a pas \u00e9t\u00e9 pr\u00e9cis\u00e9e.<\/p>\n<p>Le parquet de Lille a annonc\u00e9, jeudi, l\u2019ouverture d\u2019une enqu\u00eate pour \u00ab apologie du terrorisme, apologie de crime contre l\u2019humanit\u00e9 avec utilisation d\u2019un service de communication au public en ligne \u00bb.<\/p>\n<p>La jeune femme a \u00e9t\u00e9 d\u00e9sinscrite, mercredi, de l\u2019Institut d\u2019\u00e9tudes politiques de Lille, o\u00f9 elle devait \u00e9tudier \u00e0 partir de septembre, car le contenu de certaines de ses publications \u00ab entre en contradiction frontale avec les valeurs port\u00e9es par Sciences Po Lille \u00bb, a par ailleurs indiqu\u00e9 l\u2019\u00e9tablissement.<\/p>\n<p>Plusieurs centaines de personnes &#8211; ressortissants fran\u00e7ais, boursiers, artistes ou chercheurs notamment &#8211; ont \u00e9t\u00e9 \u00e9vacu\u00e9es de Gaza par la France depuis le d\u00e9but de la guerre lanc\u00e9e en repr\u00e9sailles \u00e0 l\u2019attaque du Hamas en Isra\u00ebl le 7 octobre 2023, selon la source diplomatique.<\/p>\n","protected":false},"excerpt":{"rendered":"Une \u00e9tudiante gazaouie vis\u00e9e par une enqu\u00eate judiciaire pour \u00ab apologie du terrorisme et apologie de crime contre&hellip;\n","protected":false},"author":2,"featured_media":287940,"comment_status":"","ping_status":"","sticky":false,"template":"","format":"standard","meta":{"footnotes":""},"categories":[2815],"tags":[1111,11,765,9614,1777,674,1011,27,665,811,1307,12,25],"class_list":{"0":"post-287939","1":"post","2":"type-post","3":"status-publish","4":"format-standard","5":"has-post-thumbnail","7":"category-lille","8":"tag-actu","9":"tag-actualites","10":"tag-en-continu","11":"tag-enseignement","12":"tag-eu","13":"tag-europe","14":"tag-fr","15":"tag-france","16":"tag-gaza","17":"tag-hauts-de-france","18":"tag-lille","19":"tag-news","20":"tag-republique-francaise"},"share_on_mastodon":{"url":"https:\/\/pubeurope.com\/@fr\/114950921494845850","error":""},"_links":{"self":[{"href":"https:\/\/www.europesays.com\/fr\/wp-json\/wp\/v2\/posts\/287939","targetHints":{"allow":["GET"]}}],"collection":[{"href":"https:\/\/www.europesays.com\/fr\/wp-json\/wp\/v2\/posts"}],"about":[{"href":"https:\/\/www.europesays.com\/fr\/wp-json\/wp\/v2\/types\/post"}],"author":[{"embeddable":true,"href":"https:\/\/www.europesays.com\/fr\/wp-json\/wp\/v2\/users\/2"}],"replies":[{"embeddable":true,"href":"https:\/\/www.europesays.com\/fr\/wp-json\/wp\/v2\/comments?post=287939"}],"version-history":[{"count":0,"href":"https:\/\/www.europesays.com\/fr\/wp-json\/wp\/v2\/posts\/287939\/revisions"}],"wp:featuredmedia":[{"embeddable":true,"href":"https:\/\/www.europesays.com\/fr\/wp-json\/wp\/v2\/media\/287940"}],"wp:attachment":[{"href":"https:\/\/www.europesays.com\/fr\/wp-json\/wp\/v2\/media?parent=287939"}],"wp:term":[{"taxonomy":"category","embeddable":true,"href":"https:\/\/www.europesays.com\/fr\/wp-json\/wp\/v2\/categories?post=287939"},{"taxonomy":"post_tag","embeddable":true,"href":"https:\/\/www.europesays.com\/fr\/wp-json\/wp\/v2\/tags?post=287939"}],"curies":[{"name":"wp","href":"https:\/\/api.w.org\/{rel}","templated":true}]}}