{"id":287943,"date":"2025-08-01T01:31:10","date_gmt":"2025-08-01T01:31:10","guid":{"rendered":"https:\/\/www.europesays.com\/fr\/287943\/"},"modified":"2025-08-01T01:31:10","modified_gmt":"2025-08-01T01:31:10","slug":"a-bonneveine-des-baignades-en-toute-securite-pour-les-personnes-en-situation-de-handicap","status":"publish","type":"post","link":"https:\/\/www.europesays.com\/fr\/287943\/","title":{"rendered":"\u00e0 Bonneveine, des baignades en toute s\u00e9curit\u00e9 pour les personnes en situation de handicap"},"content":{"rendered":"\n<p>Sur la plage de Bonneveine (8e), ce jeudi, sept\u00a0jeunes agents accueillent, le sourire aux l\u00e8vres, trois personnes en situation de handicap, amen\u00e9es par la maison d\u2019accueil sp\u00e9cialis\u00e9e (Mas) Un toit pour moi (9e). Depuis le d\u00e9but de l\u2019\u00e9t\u00e9, tous les jours de 10h \u00e0 19h, les saisonniers, recrut\u00e9s pour l\u2019occasion, permettent \u00e0 tous de se baigner. Devant une hutte blanche sigl\u00e9e \u00ab\u00a0\u00c0 nous la mer\u00a0!\u00a0\u00bb &#8211;\u00a0du nom de ce dispositif municipal\u00a0-, cinq\u00a0tiralos, des fauteuils roulant de baignade, attendent leurs b\u00e9n\u00e9ficiaires.<\/p>\n<p>\u00c0 peine le v\u00e9hicule de la Mas stationn\u00e9 au bord de la plage, les jeunes agents s\u2019empressent de proposer leur aide aux accompagnants \u00e9ducatif et social. Ce matin-l\u00e0, ce sont Sabrina, William et Soufiane, tous les trois\u00a0polyhandicap\u00e9s, qui viennent profiter de la M\u00e9diterran\u00e9e. \u00c0 peine arriv\u00e9e, leurs maillots d\u00e9j\u00e0 sur eux, Sabrina et William sont transf\u00e9r\u00e9s sur les tiralos jaunes et bleus. \u00ab\u00a0Nous avons \u00e9t\u00e9 form\u00e9s pour les man\u0153uvres de manutention de personnes, afin de ne pas les blesser et que le transfert soit agr\u00e9able pour elles\u00a0\u00bb, explique Ga\u00ebtan, agent embauch\u00e9 pour les deux\u00a0mois d\u2019\u00e9t\u00e9.<\/p>\n<p> \u00ab\u00a0Ils se r\u00e9galent\u00a0\u00bb\n              <\/p>\n<p>Une fois les b\u00e9n\u00e9ficiaires bien install\u00e9s, un saisonnier se place \u00e0 l\u2019avant du fauteuil, un autre \u00e0 l\u2019arri\u00e8re. Sur la plage, un tapis bleu descend jusqu\u2019\u00e0 l\u2019eau et rend le trajet plus doux et confortable. \u00ab\u00a0Le but, c\u2019est qu\u2019il n\u2019y ait pas trop de secousses, donc on essaye d\u2019entrer dans l\u2019eau en \u00e9vitant les grosses vagues\u00a0\u00bb, d\u00e9taille le jeune homme sous son chapeau noir. Dans la mer, les agents veillent \u00e0 la s\u00e9curit\u00e9 de Sabrina et William, tout en stabilisant le fauteuil. \u00ab\u00a0Le tiralo flotte et l\u2019eau leur arrive jusqu\u2019au nombril \u00e0 peu pr\u00e8s, donc \u00e7a permet de les rafra\u00eechir, raconte Ga\u00ebtan. \u00c7a se voit que \u00e7a leur fait du bien et qu\u2019ils se r\u00e9galent, c\u2019est un m\u00e9tier gratifiant\u00a0!\u00a0\u00bb<\/p>\n<p>Soufiane, lui, n\u2019a pas besoin de tiralo. Les mains dans celles de son accompagnante de la Mas et sous le regard attentif d\u2019un agent municipal, il marche vers la mer. Tous les trois sont non-verbaux, mais Pascaline Henri, leur aide m\u00e9dico-psychologique, l\u2019assure\u00a0: \u00ab\u00a0Ils ont pass\u00e9 un bon moment, parce que nous, on les conna\u00eet, donc on sait un petit peu quand \u00e7a va et quand \u00e7a ne va pas\u00a0\u00bb. Le tiralo, sorte de transat flottant \u00e0 trois roues, leur permet de profiter d\u2019un bain de soleil apr\u00e8s la baignade. Sabrina, \u00e9tendue sur son fauteuil, bronze, l\u2019air apais\u00e9.<\/p>\n<p>\u00ab\u00a0Nous sommes l\u00e0 pour rendre un service public, affirme Isabelle Laussine, adjointe au maire charg\u00e9e de l\u2019Inclusion. En voyant le sourire et la joie sur les visages des b\u00e9n\u00e9ficiaires du dispositif, des accompagnants et des agents, je me dis que, oui, l\u00e0, l\u2019objectif est atteint\u00a0\u00bb.<\/p>\n<p>La baignade, \u00e7a creuse. Un pique-nique pr\u00e9vu par la Mas vient donc cl\u00f4turer cette sortie \u00e0 la plage.<\/p>\n","protected":false},"excerpt":{"rendered":"Sur la plage de Bonneveine (8e), ce jeudi, sept\u00a0jeunes agents accueillent, le sourire aux l\u00e8vres, trois personnes en&hellip;\n","protected":false},"author":2,"featured_media":287944,"comment_status":"","ping_status":"","sticky":false,"template":"","format":"standard","meta":{"footnotes":""},"categories":[2814],"tags":[1111,11,1777,674,1011,27,37867,884,12,882,25],"class_list":{"0":"post-287943","1":"post","2":"type-post","3":"status-publish","4":"format-standard","5":"has-post-thumbnail","7":"category-marseille","8":"tag-actu","9":"tag-actualites","10":"tag-eu","11":"tag-europe","12":"tag-fr","13":"tag-france","14":"tag-lilia-fernandez","15":"tag-marseille","16":"tag-news","17":"tag-provence-alpes-cote-dazur","18":"tag-republique-francaise"},"share_on_mastodon":{"url":"https:\/\/pubeurope.com\/@fr\/114950929299991710","error":""},"_links":{"self":[{"href":"https:\/\/www.europesays.com\/fr\/wp-json\/wp\/v2\/posts\/287943","targetHints":{"allow":["GET"]}}],"collection":[{"href":"https:\/\/www.europesays.com\/fr\/wp-json\/wp\/v2\/posts"}],"about":[{"href":"https:\/\/www.europesays.com\/fr\/wp-json\/wp\/v2\/types\/post"}],"author":[{"embeddable":true,"href":"https:\/\/www.europesays.com\/fr\/wp-json\/wp\/v2\/users\/2"}],"replies":[{"embeddable":true,"href":"https:\/\/www.europesays.com\/fr\/wp-json\/wp\/v2\/comments?post=287943"}],"version-history":[{"count":0,"href":"https:\/\/www.europesays.com\/fr\/wp-json\/wp\/v2\/posts\/287943\/revisions"}],"wp:featuredmedia":[{"embeddable":true,"href":"https:\/\/www.europesays.com\/fr\/wp-json\/wp\/v2\/media\/287944"}],"wp:attachment":[{"href":"https:\/\/www.europesays.com\/fr\/wp-json\/wp\/v2\/media?parent=287943"}],"wp:term":[{"taxonomy":"category","embeddable":true,"href":"https:\/\/www.europesays.com\/fr\/wp-json\/wp\/v2\/categories?post=287943"},{"taxonomy":"post_tag","embeddable":true,"href":"https:\/\/www.europesays.com\/fr\/wp-json\/wp\/v2\/tags?post=287943"}],"curies":[{"name":"wp","href":"https:\/\/api.w.org\/{rel}","templated":true}]}}