{"id":287951,"date":"2025-08-01T01:36:20","date_gmt":"2025-08-01T01:36:20","guid":{"rendered":"https:\/\/www.europesays.com\/fr\/287951\/"},"modified":"2025-08-01T01:36:20","modified_gmt":"2025-08-01T01:36:20","slug":"douleur-souffrance-incomprehension-lemotion-est-vive-12-jours-apres-le-deces-dun-enfant-ecrase-par-un-camion-poubelle","status":"publish","type":"post","link":"https:\/\/www.europesays.com\/fr\/287951\/","title":{"rendered":"Douleur, souffrance, incompr\u00e9hension&#8230; L&rsquo;\u00e9motion est vive 12 jours apr\u00e8s le d\u00e9c\u00e8s d&rsquo;un enfant \u00e9cras\u00e9 par un camion-poubelle"},"content":{"rendered":"<p class=\"article__intro\">Les parents d&rsquo;Omar et des habitants d&rsquo;un quartier du 12e arrondissement de Paris toujours sous le choc. Le 19 juillet dernier, ce petit gar\u00e7on de 3 ans est d\u00e9c\u00e9d\u00e9 apr\u00e8s avoir \u00e9t\u00e9 \u00e9cras\u00e9 par un camion-benne. Tous cherchent encore \u00e0 comprendre le d\u00e9roulement de ce drame.<\/p>\n<p>\n      La Quotidienne Soci\u00e9t\u00e9\n    <\/p>\n<p>\n      De la vie quotidienne aux grands enjeux, recevez tous les jours les sujets qui font la soci\u00e9t\u00e9 locale, comme la justice, l\u2019\u00e9ducation, la sant\u00e9 et la famille.\n    <\/p>\n<p>    France T\u00e9l\u00e9visions utilise votre adresse e-mail afin de vous envoyer la newsletter \u00ab\u00a0La Quotidienne Soci\u00e9t\u00e9\u00a0\u00bb. Vous pouvez vous d\u00e9sinscrire \u00e0 tout moment via le lien en bas de cette newsletter. <a target=\"_blank\" href=\"https:\/\/www.francetelevisions.fr\/groupe\/confidentialite\/politique-de-confidentialite\/politique-de-confidentialite-de-france-televisions-6503\" rel=\"nofollow noopener\">Notre politique de confidentialit\u00e9<\/a><\/p>\n<p>Pr\u00e8s de la rue Claude Decaen, des appels \u00e0 t\u00e9moins sont coll\u00e9s aux murs. Dans ce quartier du 12e arrondissement de Paris, une collecte a \u00e9t\u00e9 lanc\u00e9e pour aider les parents du petit gar\u00e7on. Omar, 3 ans, traversait le passage pi\u00e9ton avec sa tante. Il est percut\u00e9 \u00e0 ce moment-l\u00e0 par un v\u00e9hicule de nettoyage de la capitale.Transport\u00e9 \u00e0 l&rsquo;h\u00f4pital, Omar est d\u00e9c\u00e9d\u00e9 le lendemain.<\/p>\n<p>Le drame avait choqu\u00e9 les habitants.<\/p>\n<p>\u00ab\u00a0J\u2019\u00e9tais en train de ranger ma terrasse, lorsque j\u2019ai entendu des bruits. Quand j\u2019ai entendu ces cris des personnes et de l\u2019enfant, je suis all\u00e9 voir ce qui s\u2019est pass\u00e9, pour voir si je pouvais aider. C\u2019est \u00e0 ce moment-l\u00e0 que j\u2019ai vu deux adultes en dessous du camion, en train de tenir la main au petit et de le rassurer. L\u2019enfant \u00e9tait en larmes et en train de crier\u00a0\u00bb, se rappelle Jonathan Mac Namara, restaurateur et t\u00e9moin de l\u2019accident. \u00ab\u00a0C\u2019est mon voisin, je le connais. C\u2019est malheureux, pour tous les enfants du quartier\u00a0\u00bb, confie une autre habitante rencontr\u00e9e.<\/p>\n<p><a data-article-figure=\"\" href=\"https:\/\/france3-regions.franceinfo.fr\/image\/FuKoPuoen9N93lE1cuL4oAUWEgQ\/960x540\/regions\/2025\/07\/31\/1317-688b2c00ec3c7169057109.jpg\" data-pswp-width=\"960\" data-pswp-height=\"540\" target=\"_blank\" rel=\"nofollow noopener\"><\/p>\n<p>          <img width=\"600\" height=\"400\" class=\"article-image lazy\" data-src=\"https:\/\/www.europesays.com\/fr\/wp-content\/uploads\/2025\/08\/1317-688b2c00ec3c7169057109.jpg\" alt=\"Les t\u00e9moins de l'accident sont encore dans l'incompr\u00e9hension et sous le choc.\" fetchpriority=\"high\" as=\"image\"\/><\/p>\n<p>\n            Les t\u00e9moins de l&rsquo;accident sont encore dans l&rsquo;incompr\u00e9hension et sous le choc.<br \/>\n                           \u2022<br \/>\n                                      \u00a9 Floriane Olivier \/ France T\u00e9l\u00e9visions\n                      <\/p>\n<p><\/a><\/p>\n<p>Un accident qui a marqu\u00e9 aussi cet ami de la famille.\u00a0\u00ab\u00a0Le probl\u00e8me, c\u2019est que la rue est en travaux. Le camion a d\u00fb faire une man\u0153uvre incongrue, pour pouvoir se remettre dans l\u2019axe. J\u2019ai entendu crier et j\u2019ai couru pour porter assistance, pour savoir o\u00f9 \u00e9tait l\u2019enfant. Je l\u2019ai retrouv\u00e9 en dessous du camion, allong\u00e9 sur le ventre, sans \u00e9gratignure apparente sur le visage, mais il avait la jambe au niveau du bassin bloqu\u00e9e sous une des roues\u00a0\u00bb, relate Thierry Samyn, autre t\u00e9moin de l\u2019accident.<\/p>\n<p>De leur c\u00f4t\u00e9, les parents cherchent toujours \u00e0 comprendre ce qui s\u2019est pass\u00e9. Ils se sont constitu\u00e9s partie civile. \u00ab\u00a0D\u2019abord c\u2019est la douleur, la souffrance et le besoin de compr\u00e9hension. Nous esp\u00e9rons en tout cas que l\u2019instruction, peut-\u00eatre \u00e0 l\u2019aide des cam\u00e9ras de surveillance, des t\u00e9moignages, permettra de pouvoir essayer de reconstruire le puzzle de cet accident dramatique\u00a0\u00bb, explique Me Ilyacine Maallaoui, avocat des parents d\u2019Omar.<\/p>\n<p>L\u2019enqu\u00eate poursuit son cours. Le chauffeur du camion a \u00e9t\u00e9 mis en examen pour homicide routier et plac\u00e9 sous contr\u00f4le judiciaire.<\/p>\n","protected":false},"excerpt":{"rendered":"Les parents d&rsquo;Omar et des habitants d&rsquo;un quartier du 12e arrondissement de Paris toujours sous le choc. Le&hellip;\n","protected":false},"author":2,"featured_media":287952,"comment_status":"","ping_status":"","sticky":false,"template":"","format":"standard","meta":{"footnotes":""},"categories":[1888],"tags":[1111,1928,11,1927,1777,674,1011,27,12,1926,626,1925,25],"class_list":{"0":"post-287951","1":"post","2":"type-post","3":"status-publish","4":"format-standard","5":"has-post-thumbnail","7":"category-paris","8":"tag-actu","9":"tag-actu-paris","10":"tag-actualites","11":"tag-actualites-paris","12":"tag-eu","13":"tag-europe","14":"tag-fr","15":"tag-france","16":"tag-news","17":"tag-news-paris","18":"tag-paris","19":"tag-paris-news","20":"tag-republique-francaise"},"share_on_mastodon":{"url":"https:\/\/pubeurope.com\/@fr\/114950949015994967","error":""},"_links":{"self":[{"href":"https:\/\/www.europesays.com\/fr\/wp-json\/wp\/v2\/posts\/287951","targetHints":{"allow":["GET"]}}],"collection":[{"href":"https:\/\/www.europesays.com\/fr\/wp-json\/wp\/v2\/posts"}],"about":[{"href":"https:\/\/www.europesays.com\/fr\/wp-json\/wp\/v2\/types\/post"}],"author":[{"embeddable":true,"href":"https:\/\/www.europesays.com\/fr\/wp-json\/wp\/v2\/users\/2"}],"replies":[{"embeddable":true,"href":"https:\/\/www.europesays.com\/fr\/wp-json\/wp\/v2\/comments?post=287951"}],"version-history":[{"count":0,"href":"https:\/\/www.europesays.com\/fr\/wp-json\/wp\/v2\/posts\/287951\/revisions"}],"wp:featuredmedia":[{"embeddable":true,"href":"https:\/\/www.europesays.com\/fr\/wp-json\/wp\/v2\/media\/287952"}],"wp:attachment":[{"href":"https:\/\/www.europesays.com\/fr\/wp-json\/wp\/v2\/media?parent=287951"}],"wp:term":[{"taxonomy":"category","embeddable":true,"href":"https:\/\/www.europesays.com\/fr\/wp-json\/wp\/v2\/categories?post=287951"},{"taxonomy":"post_tag","embeddable":true,"href":"https:\/\/www.europesays.com\/fr\/wp-json\/wp\/v2\/tags?post=287951"}],"curies":[{"name":"wp","href":"https:\/\/api.w.org\/{rel}","templated":true}]}}