{"id":287959,"date":"2025-08-01T01:40:18","date_gmt":"2025-08-01T01:40:18","guid":{"rendered":"https:\/\/www.europesays.com\/fr\/287959\/"},"modified":"2025-08-01T01:40:18","modified_gmt":"2025-08-01T01:40:18","slug":"zelensky-appelle-a-un-changement-de-regime-en-russie","status":"publish","type":"post","link":"https:\/\/www.europesays.com\/fr\/287959\/","title":{"rendered":"Zelensky appelle \u00e0 un \u00ab\u00a0changement de r\u00e9gime\u00a0\u00bb en Russie"},"content":{"rendered":"<p class=\"lede\">Le pr\u00e9sident Volodymyr Zelensky a appel\u00e9 jeudi les soutiens de l&rsquo;Ukraine \u00e0 oeuvrer \u00e0 un \u00ab\u00a0changement de r\u00e9gime\u00a0\u00bb en Russie, apr\u00e8s des bombardements sur Kiev ayant fait au moins 15 morts et l&rsquo;annonce par Moscou de la prise d&rsquo;une localit\u00e9 strat\u00e9gique dans l&rsquo;est.<\/p>\n<p>\u00ab\u00a0Si le monde ne vise pas un changement de r\u00e9gime en Russie, cela signifie que, m\u00eame apr\u00e8s la fin de la guerre, Moscou continuera \u00e0 tenter de d\u00e9stabiliser les pays voisins\u00a0\u00bb, a-t-il d\u00e9clar\u00e9 \u00e0 l&rsquo;occasion d&rsquo;une conf\u00e9rence internationale \u00e0 laquelle il participait par lien vid\u00e9o.<\/p>\n<p>\u00ab\u00a0Je crois que la Russie peut \u00eatre pouss\u00e9e \u00e0 mettre fin \u00e0 cette guerre. C&rsquo;est elle qui l&rsquo;a commenc\u00e9e\u00a0\u00bb, a-t-il ajout\u00e9.<\/p>\n<p>Quelques heures plus t\u00f4t, de nouvelles frappes russes ont caus\u00e9 la mort \u00e0 Kiev d&rsquo;au moins 15 personnes, dont un gar\u00e7on de six ans, selon le dernier bilan fourni par les secours, qui pr\u00e9cisent qu&rsquo;un homme d\u00e9c\u00e9d\u00e9 a \u00e9t\u00e9 retrouv\u00e9 en fin de journ\u00e9e dans les d\u00e9combres.<\/p>\n<p>Cette attaque de drones et de missiles jeudi \u00e0 l&rsquo;aube a aussi fait 145 bless\u00e9s, dont quatorze enfants, toujours selon les secours. La municipalit\u00e9 a annonc\u00e9 une journ\u00e9e de deuil vendredi dans la capitale.<\/p>\n<p>Volodymyr Zelensky a d\u00e9nonc\u00e9 un \u00ab\u00a0nouveau spectacle meurtrier\u00a0\u00bb inflig\u00e9 par la Russie, que les \u00c9tats-Unis pressent de mettre un terme \u00e0 l&rsquo;invasion de l&rsquo;Ukraine d\u00e9clench\u00e9e il y a plus de trois ans.<\/p>\n<p>Donald Trump a qualifi\u00e9 d'\u00a0\u00bb\u00e9coeurante\u00a0\u00bb jeudi cette derni\u00e8re vague d&rsquo;attaques russes sur l&rsquo;Ukraine.<\/p>\n<p>Le pr\u00e9sident am\u00e9ricain a confirm\u00e9 qu&rsquo;il allait bien prendre des sanctions contre la Russie, d\u00e9clarant: \u00ab\u00a0Je ne sais pas si cela va avoir un impact, mais nous allons le faire.\u00a0\u00bb<\/p>\n<p>Il avait donn\u00e9 10 jours \u00e0 compter de mardi \u00e0 Vladimir Poutine pour arr\u00eater ce conflit arm\u00e9 &#8211; le pire en Europe depuis la fin de la Deuxi\u00e8me Guerre mondiale &#8211; qui a fait des dizaines, voire des centaines, de milliers de morts dans les deux camps.<\/p>\n<p>\u00ab\u00a0Terrifiant\u00a0\u00bb<\/p>\n<p>Plus t\u00f4t jeudi, M.Trump s&rsquo;\u00e9tait emport\u00e9 avec une virulence renouvel\u00e9e, avertissant notamment l&rsquo;ex-chef de l&rsquo;Etat russe Dmitri Medvedev &#8211; l&rsquo;actuel num\u00e9ro deux du Conseil de s\u00e9curit\u00e9 qui a r\u00e9cemment \u00e9crit sur X que \u00ab\u00a0chaque nouvel ultimatum est une menace et un pas vers la guerre\u00a0\u00bb &#8211; qu&rsquo;il entrait \u00ab\u00a0dans une zone tr\u00e8s dangereuse\u00a0\u00bb.\u00a0\u00bbTerrifiant\u00a0\u00bb<\/p>\n<p>La Russie a lanc\u00e9 309 drones et tir\u00e9 huit missiles de croisi\u00e8re pendant la nuit sur l&rsquo;Ukraine, a relev\u00e9 l&rsquo;arm\u00e9e de l&rsquo;air ukrainienne, ajoutant que la principale cible \u00e9tait Kiev et affirmant avoir abattu 288 drones et trois missiles.<\/p>\n<p>Des journalistes de l&rsquo;AFP ont vu des immeubles r\u00e9sidentiels d\u00e9truits, des voitures calcin\u00e9es et retourn\u00e9es.<\/p>\n<p>\u00ab\u00a0C&rsquo;est un choc, je n&rsquo;arrive toujours pas \u00e0 reprendre mes esprits, c&rsquo;est tr\u00e8s effrayant\u00a0\u00bb, a racont\u00e9 \u00e0 l&rsquo;AFP Valentyna Chestopal, une habitante de Kiev de 28 ans.<\/p>\n<p>Tymofi\u00ef a \u00e9t\u00e9 r\u00e9veill\u00e9 par le \u00ab\u00a0bruit d&rsquo;un missile\u00a0\u00bb : \u00ab\u00a0Tout s&rsquo;est mis \u00e0 me tomber dessus, c&rsquo;\u00e9tait terrifiant\u00a0\u00bb, a dit cet homme vivant dans le quartier Solomyansky dont l&rsquo;appartement a \u00e9t\u00e9 d\u00e9truit.<\/p>\n<p>Sur X, le ministre ukrainien des Affaires \u00e9trang\u00e8res Andri\u00ef Sybiga a estim\u00e9 qu&rsquo;il \u00e9tait \u00ab\u00a0temps de mettre la pression maximale sur Moscou\u00a0\u00bb.<\/p>\n<p>De son c\u00f4t\u00e9, l&rsquo;arm\u00e9e russe a assur\u00e9 avoir frapp\u00e9 la nuit derni\u00e8re une base a\u00e9rienne, un d\u00e9p\u00f4t de munitions et des installations de production de drones en Ukraine.<\/p>\n<p>Ville strat\u00e9gique<\/p>\n<p>Elle a aussi assur\u00e9 avoir conquis Tchassiv Iar, une petite ville d&rsquo;importance strat\u00e9gique dans la r\u00e9gion de Donetsk (est) o\u00f9 les troupes russes avancent lentement depuis des mois.<\/p>\n<p>\u00ab\u00a0C&rsquo;est un mensonge total\u00a0\u00bb, a r\u00e9agi aupr\u00e8s de l&rsquo;AFP Viktor Tregoubov, le porte-parole du groupement de forces ukrainiennes Khortytsia, charg\u00e9 de cette zone.<\/p>\n<p>Sur Telegram, Oleksandre Kovalenko, un sp\u00e9cialiste militaire ukrainien, a consid\u00e9r\u00e9 qu&rsquo;il \u00e9tait \u00ab\u00a0trop t\u00f4t\u00a0\u00bb pour annoncer que Tchassiv Iar \u00e9tait sous le contr\u00f4le des soldats russes, estimant que la d\u00e9fense de cette ville depuis plus de deux ans tenait d\u00e9j\u00e0 du \u00ab\u00a0record absolu\u00a0\u00bb pour l&rsquo;arm\u00e9e ukrainienne.<\/p>\n<p>Les nouvelles frappes sont intervenues avant un vote crucial au Parlement ukrainien qui a approuv\u00e9 jeudi \u00e0 la mi-journ\u00e9e le r\u00e9tablissement de l&rsquo;ind\u00e9pendance des instances de lutte contre la corruption, revenant sur un pr\u00e9c\u00e9dent texte tr\u00e8s critiqu\u00e9.<\/p>\n<p>Un total de 331 d\u00e9put\u00e9s &#8211; le minimum requis \u00e9tant de 226 &#8211; ont vot\u00e9 en faveur du projet de loi de Volodymyr Zelensky, qu&rsquo;il a promulgu\u00e9 dans la foul\u00e9e.<\/p>\n<p>La Commission europ\u00e9enne a salu\u00e9 un texte qui r\u00e9tablit les \u00ab\u00a0principaux garde-fous\u00a0\u00bb permettant l'\u00a0\u00bbind\u00e9pendance\u00a0\u00bb des agences anticorruption.<\/p>\n<p>La pr\u00e9c\u00e9dente loi vot\u00e9e le 22 juillet avait provoqu\u00e9 les premi\u00e8res manifestations d&rsquo;ampleur en Ukraine depuis le d\u00e9but de l&rsquo;invasion russe en 2022.<\/p>\n<p>\u00ab\u00a0Pendant que l&rsquo;arm\u00e9e d\u00e9fend notre pays contre ces maudits Russes, nous, \u00e0 l&rsquo;arri\u00e8re, sommes l\u00e0 pour faire pression sur nos dirigeants, pour que le pays pour lequel les soldats se battent en vaille la peine\u00a0\u00bb, a comment\u00e9 aupr\u00e8s de l&rsquo;AFP Anastassia, qui manifestait jeudi devant le Parlement avant le vote.<\/p>\n<p>Cet article a \u00e9t\u00e9 publi\u00e9 automatiquement. Sources : ats \/ afp<\/p>\n","protected":false},"excerpt":{"rendered":"Le pr\u00e9sident Volodymyr Zelensky a appel\u00e9 jeudi les soutiens de l&rsquo;Ukraine \u00e0 oeuvrer \u00e0 un \u00ab\u00a0changement de r\u00e9gime\u00a0\u00bb&hellip;\n","protected":false},"author":2,"featured_media":287960,"comment_status":"","ping_status":"","sticky":false,"template":"","format":"standard","meta":{"footnotes":""},"categories":[1591],"tags":[11,1887,12,1885,1886,132],"class_list":{"0":"post-287959","1":"post","2":"type-post","3":"status-publish","4":"format-standard","5":"has-post-thumbnail","7":"category-russie","8":"tag-actualites","9":"tag-federation-de-russie","10":"tag-news","11":"tag-russia","12":"tag-russian-federation","13":"tag-russie"},"share_on_mastodon":{"url":"https:\/\/pubeurope.com\/@fr\/114950964729410031","error":""},"_links":{"self":[{"href":"https:\/\/www.europesays.com\/fr\/wp-json\/wp\/v2\/posts\/287959","targetHints":{"allow":["GET"]}}],"collection":[{"href":"https:\/\/www.europesays.com\/fr\/wp-json\/wp\/v2\/posts"}],"about":[{"href":"https:\/\/www.europesays.com\/fr\/wp-json\/wp\/v2\/types\/post"}],"author":[{"embeddable":true,"href":"https:\/\/www.europesays.com\/fr\/wp-json\/wp\/v2\/users\/2"}],"replies":[{"embeddable":true,"href":"https:\/\/www.europesays.com\/fr\/wp-json\/wp\/v2\/comments?post=287959"}],"version-history":[{"count":0,"href":"https:\/\/www.europesays.com\/fr\/wp-json\/wp\/v2\/posts\/287959\/revisions"}],"wp:featuredmedia":[{"embeddable":true,"href":"https:\/\/www.europesays.com\/fr\/wp-json\/wp\/v2\/media\/287960"}],"wp:attachment":[{"href":"https:\/\/www.europesays.com\/fr\/wp-json\/wp\/v2\/media?parent=287959"}],"wp:term":[{"taxonomy":"category","embeddable":true,"href":"https:\/\/www.europesays.com\/fr\/wp-json\/wp\/v2\/categories?post=287959"},{"taxonomy":"post_tag","embeddable":true,"href":"https:\/\/www.europesays.com\/fr\/wp-json\/wp\/v2\/tags?post=287959"}],"curies":[{"name":"wp","href":"https:\/\/api.w.org\/{rel}","templated":true}]}}