{"id":287990,"date":"2025-08-01T01:59:10","date_gmt":"2025-08-01T01:59:10","guid":{"rendered":"https:\/\/www.europesays.com\/fr\/287990\/"},"modified":"2025-08-01T01:59:10","modified_gmt":"2025-08-01T01:59:10","slug":"mary-de-danemark-attaquee-lors-dun-engagement-officiel-les-vacances-commencent-mal","status":"publish","type":"post","link":"https:\/\/www.europesays.com\/fr\/287990\/","title":{"rendered":"Mary de Danemark attaqu\u00e9e lors d\u2019un engagement officiel : les vacances commencent mal"},"content":{"rendered":"<p>Ce 28 juillet 2025, la famille royale du Danemark a<br \/>\nofficiellement d\u00e9but\u00e9 ses vacances d\u2019\u00e9t\u00e9. Elle s\u2019est alors<br \/>\ninstall\u00e9e dans sa r\u00e9sidence de Gr\u00e5sten, dans le sud du pays. Pour<br \/>\ncommencer cette pause estivale, une c\u00e9r\u00e9monie d\u2019accueil officielle<br \/>\ns\u2019est tenue, suivie d\u2019une rencontre avec les citoyens de la<br \/>\nville.<\/p>\n<p>Mais l\u2019\u00e9v\u00e9nement a \u00e9t\u00e9 perturb\u00e9 par une attaque de gu\u00eape contre<br \/>\nla reine Mary de Danemark. De quoi l\u2019obliger \u00e0 se mettre en retrait<br \/>\nquelques instants.<\/p>\n<p>Mary de Danemark\u00a0: attaqu\u00e9e en plein bain de foule, elle<br \/>\ndoit s\u2019\u00e9clipser<\/p>\n<p>Ce 28 juillet, d\u00e8s leur arriv\u00e9e \u00e0 <strong>Gr\u00e5sten<\/strong>,<br \/>\n<a href=\"https:\/\/www.closermag.fr\/royautes\/mary-et-frederik-de-danemark-donnent-tout-au-groenland-sortie-inattendue-avec-leurs-jumeaux-3454016\" target=\"_blank\" rel=\"noopener\"><br \/>\nFrederik et Mary<\/a> ont \u00e9t\u00e9 re\u00e7us \u00e0 la <strong>mairie<\/strong><br \/>\navec deux de leurs enfants, Isabella et Vincent. Erik Lauritzen,<br \/>\n\u00e9dile de la ville, leur a adress\u00e9 un <strong>discours<\/strong> de<br \/>\nbienvenue, auquel le roi a r\u00e9pondu par un autre discours. Des<br \/>\napplaudissements chaleureux ont ensuite conclu ce moment, mais pas<br \/>\nseulement. La reine Mary a en effet \u00e9t\u00e9 pris d\u2019un<br \/>\n<strong>spasme<\/strong>. Sur une vid\u00e9o diffus\u00e9e sur Instagram, on<br \/>\npeut voir la m\u00e8re de famille sursauter et se frotter la cuisse. La<br \/>\nreine montre ensuite les airs, puis le sol.<\/p>\n<p>Alors qu\u2019elle s\u2019appr\u00eatait \u00e0 rencontrer les citoyens qui<br \/>\nattendaient ce moment avec impatience, <a href=\"https:\/\/www.closermag.fr\/royautes\/mary-de-danemark-grosse-frayeur-pour-la-reine-prise-dune-violente-douleur-en-plein-bain-de-foule-video-3568123\" target=\"_blank\" rel=\"noopener\"><br \/>\nMary de Danemark<\/a> a d\u00fb faire <strong>demi-tour<\/strong> et<br \/>\nrentrer dans la mairie, en tenant sa robe \u00e9cart\u00e9e de sa jambe.<\/p>\n<blockquote class=\"instagram-media\" style=\"background: #ffffff;border: 0;margin: 1px;width: 100%;padding: 0;max-width: 500px;\" data-instgrm-permalink=\"https:\/\/www.instagram.com\/reel\/DMp8UhFoLDz\/\" data-instgrm-version=\"14\"\/><p>\nLa reine Mary de Danemark victime d\u2019une<br \/>\npiq\u00fbre de gu\u00eape<\/p>\n<p>La raison de cette r\u00e9action\u00a0? Une <strong>piq\u00fbre de<br \/>\ngu\u00eape<\/strong>. L\u2019insecte est en effet venu se glisser sous la robe<br \/>\nde la reine, selon les journalistes sur place. Mary de Danemark<br \/>\ns\u2019est alors mis en retrait, pour v\u00e9rifier <strong>l\u2019\u00e9tat<\/strong><br \/>\nde sa jambe, aux c\u00f4t\u00e9s de son \u00e9poux Frederik.<\/p>\n<p>Les enfants pr\u00e9sents, \u00e2g\u00e9s de 14 et 18 ans, ont fait preuve d\u2019un<br \/>\nprofessionnalisme en assurant le travail de repr\u00e9sentation \u00e0 la<br \/>\nplace de leurs parents. <strong>Isabella et Vincent<\/strong> sont<br \/>\npartis \u00e0 la rencontre des habitants, pour leur serrer la main et<br \/>\n\u00e9changer quelques mots. Mary a fini par repara\u00eetre quelques minutes<br \/>\nplus tard, avec un grand <strong>sourire<\/strong> et son aisance<br \/>\nhabituelle. La reine a ensuite d\u00e9ambul\u00e9 dans les rues, avec son<br \/>\n\u00e9poux et ses enfants, comme si de rien n\u2019\u00e9tait.<\/p>\n<p><script async src=\"\/\/www.instagram.com\/embed.js\"><\/script><\/p>\n","protected":false},"excerpt":{"rendered":"Ce 28 juillet 2025, la famille royale du Danemark a officiellement d\u00e9but\u00e9 ses vacances d\u2019\u00e9t\u00e9. Elle s\u2019est alors&hellip;\n","protected":false},"author":2,"featured_media":287991,"comment_status":"","ping_status":"","sticky":false,"template":"","format":"standard","meta":{"footnotes":""},"categories":[1359],"tags":[548,58,59,1011,27,42665,1048,973],"class_list":{"0":"post-287990","1":"post","2":"type-post","3":"status-publish","4":"format-standard","5":"has-post-thumbnail","7":"category-people","8":"tag-article-simple","9":"tag-divertissement","10":"tag-entertainment","11":"tag-fr","12":"tag-france","13":"tag-frederik-de-danemark","14":"tag-mary-de-danemark","15":"tag-people"},"share_on_mastodon":{"url":"https:\/\/pubeurope.com\/@fr\/114951039373650316","error":""},"_links":{"self":[{"href":"https:\/\/www.europesays.com\/fr\/wp-json\/wp\/v2\/posts\/287990","targetHints":{"allow":["GET"]}}],"collection":[{"href":"https:\/\/www.europesays.com\/fr\/wp-json\/wp\/v2\/posts"}],"about":[{"href":"https:\/\/www.europesays.com\/fr\/wp-json\/wp\/v2\/types\/post"}],"author":[{"embeddable":true,"href":"https:\/\/www.europesays.com\/fr\/wp-json\/wp\/v2\/users\/2"}],"replies":[{"embeddable":true,"href":"https:\/\/www.europesays.com\/fr\/wp-json\/wp\/v2\/comments?post=287990"}],"version-history":[{"count":0,"href":"https:\/\/www.europesays.com\/fr\/wp-json\/wp\/v2\/posts\/287990\/revisions"}],"wp:featuredmedia":[{"embeddable":true,"href":"https:\/\/www.europesays.com\/fr\/wp-json\/wp\/v2\/media\/287991"}],"wp:attachment":[{"href":"https:\/\/www.europesays.com\/fr\/wp-json\/wp\/v2\/media?parent=287990"}],"wp:term":[{"taxonomy":"category","embeddable":true,"href":"https:\/\/www.europesays.com\/fr\/wp-json\/wp\/v2\/categories?post=287990"},{"taxonomy":"post_tag","embeddable":true,"href":"https:\/\/www.europesays.com\/fr\/wp-json\/wp\/v2\/tags?post=287990"}],"curies":[{"name":"wp","href":"https:\/\/api.w.org\/{rel}","templated":true}]}}