{"id":287994,"date":"2025-08-01T02:02:21","date_gmt":"2025-08-01T02:02:21","guid":{"rendered":"https:\/\/www.europesays.com\/fr\/287994\/"},"modified":"2025-08-01T02:02:21","modified_gmt":"2025-08-01T02:02:21","slug":"noah-secret-story-fond-en-larmes-apres-une-surprise-de-la-voix-pour-son-anniversaire","status":"publish","type":"post","link":"https:\/\/www.europesays.com\/fr\/287994\/","title":{"rendered":"Noah (Secret Story) fond en larmes apr\u00e8s une surprise de La Voix pour son anniversaire"},"content":{"rendered":"<p>Noah a c\u00e9l\u00e9br\u00e9 son anniversaire dans la maison des secrets. Pour l&rsquo;occasion, le candidat de Secret Story a re\u00e7u une jolie surprise de la Voix, qui lui a permis d&rsquo;\u00e9changer avec son fr\u00e8re Tom n\u00e9 le m\u00eame jour que lui. Le jeune homme a tenu \u00e0 lui rendre hommage dans le confessionnal, avant de c\u00e9der \u00e0 l&rsquo;\u00e9motion en \u00e9voquant sa relation avec lui. <\/p>\n<p>La saison 13 de Secret Story touche d\u00e9j\u00e0 \u00e0 sa fin. Ce jeudi 31 juillet, <a href=\"https:\/\/www.programme-tv.net\/news\/tele-realite\/384188-secret-story-2025-qui-sont-les-candidats-nomines-pour-la-demi-finale\/\" data-api-deeplink=\"teleloisirs:\/\/news\/384188\" rel=\"nofollow noopener\" target=\"_blank\">on saura qui d&rsquo;Anita, A\u00efmed ou Ethan<\/a> rejoindra Romy et Noah, d\u00e9j\u00e0 qualifi\u00e9s pour la grande finale de cette \u00e9dition. Parmi les cinq demi-finalistes, deux candidats ont r\u00e9ussi \u00e0 pr\u00e9server leur secret jusque-l\u00e0 et pourraient bien atteindre la derni\u00e8re \u00e9tape de l&rsquo;aventure en le poss\u00e9dant toujours. Il s&rsquo;agit de Noah et Anita, dont l&rsquo;histoire pass\u00e9e lie leur destin dans la maison. Durant la semaine \u00e9coul\u00e9e, les derniers habitants ont re\u00e7u la visite de leurs proches. <a href=\"https:\/\/www.programme-tv.net\/news\/tele-realite\/384396-il-faut-que-tu-stoppes-anita-secret-story-severement-recadree-par-sa-mere-pour-son-comportement-envers-noah\/\" data-api-deeplink=\"teleloisirs:\/\/news\/384396\" rel=\"nofollow noopener\" target=\"_blank\">La m\u00e8re d&rsquo;Anita n&rsquo;a pas manqu\u00e9 de mettre en garde sa fille sur sa relation avec son ex<\/a>. Dans la quotidienne de ce 31 juillet, c&rsquo;est pourtant bien Noah qui \u00e9tait mis \u00e0 l&rsquo;honneur. Il a \u00e9t\u00e9 buzz\u00e9 \u00e0 plusieurs reprises par ses camarades, tous \u00e9gar\u00e9s sur des fausses pistes. Ethan a suppos\u00e9 qu&rsquo;il avait surv\u00e9cu \u00e0 un grave accident, tandis qu&rsquo;A\u00efmed a imagin\u00e9 qu&rsquo;il avait \u00e9t\u00e9 en couple avec <a href=\"https:\/\/www.programme-tv.net\/news\/tele-realite\/384289-c-etait-bizarre-constance-secret-story-raconte-ses-retrouvailles-avec-damien-apres-son-elimination\/\" data-api-deeplink=\"teleloisirs:\/\/news\/384289\" rel=\"nofollow noopener\" target=\"_blank\">Constance<\/a>. Mais il c\u00e9l\u00e9brait surtout son vingti\u00e8me anniversaire !<\/p>\n<p>                        Noah (Secret Story) \u00e9mu aux larmes par un appel de son petit fr\u00e8re Tom, n\u00e9 le m\u00eame jour que lui<\/p>\n<p>Pour l&rsquo;occasion, la Voix avait r\u00e9serv\u00e9 de jolies surprises \u00e0 Noah. Son meilleur ami Enzo a d\u00e9barqu\u00e9 dans la maison des secrets dissimul\u00e9 dans un \u00e9norme paquet cadeau. Mais le jeune footballeur a \u00e9t\u00e9 sensible \u00e0 un autre attention de la production. Il a en effet re\u00e7u un appel sur le t\u00e9l\u00e9phone rouge de son petit fr\u00e8re Tom, qui a la particularit\u00e9 d&rsquo;\u00eatre n\u00e9 le m\u00eame jour que lui. \u00ab\u00a0C&rsquo;est le premier anniversaire qu&rsquo;on ne fait pas ensemble, donc je suis d\u00e9\u00e7u. Mais malgr\u00e9 tout, je suis quand m\u00eame heureux qu&rsquo;on ne le fasse pas ensemble, parce que \u00e7a veut dire que tu es en finale\u00a0\u00bb, a soulign\u00e9 l&rsquo;adolescent, incitant son fr\u00e8re \u00e0 aller jusqu&rsquo;au bout avec son secret. \u00ab\u00a0Sache que je suis tr\u00e8s, tr\u00e8s fier de toi. Tu as 16 ans aujourd&rsquo;hui, tu es un grand gar\u00e7on. M\u00eame si des fois c&rsquo;est dur parce qu&rsquo;on est loin, je suis tr\u00e8s content de la grande personne que tu es en train de devenir\u00a0\u00bb, lui a r\u00e9pondu Noah au bord des larmes.<\/p>\n<p>            Noah (Secret Story) craque en \u00e9voquant sa relation avec son petit fr\u00e8re<\/p>\n<p>Mais c&rsquo;est dans le confessionnal que Noah a craqu\u00e9 en \u00e9voquant son jeune fr\u00e8re. \u00ab\u00a0On a quatre ans de diff\u00e9rence et aujourd&rsquo;hui on est loin. On n&rsquo;a jamais \u00e9t\u00e9 habitu\u00e9s \u00e0 \u00eatre loin comme \u00e7a. M\u00eame si on se chamaille tr\u00e8s souvent quand on est ensemble, je suis tr\u00e8s fier de lui. C&rsquo;est quelque chose que je n&rsquo;ai jamais dit. (&#8230;) Je veux qu&rsquo;il continue sur sa lanc\u00e9e parce qu&rsquo;il est vraiment incroyable et il va devenir quelqu&rsquo;un de tr\u00e8s grand. Je l&rsquo;aime tr\u00e8s, tr\u00e8s fort\u00a0\u00bb, a-t-il indiqu\u00e9, en larmes.<\/p>\n","protected":false},"excerpt":{"rendered":"Noah a c\u00e9l\u00e9br\u00e9 son anniversaire dans la maison des secrets. Pour l&rsquo;occasion, le candidat de Secret Story a&hellip;\n","protected":false},"author":2,"featured_media":287995,"comment_status":"","ping_status":"","sticky":false,"template":"","format":"standard","meta":{"footnotes":""},"categories":[1356],"tags":[244,58,59,1011,27,37473,37469,37470,37471,37472,40413,29901,37474,39375,37468,252,30052,2175,1364],"class_list":{"0":"post-287994","1":"post","2":"type-post","3":"status-publish","4":"format-standard","5":"has-post-thumbnail","7":"category-television","8":"tag-commentaire","9":"tag-divertissement","10":"tag-entertainment","11":"tag-fr","12":"tag-france","13":"tag-la-quotidienne-1099514145","14":"tag-la-quotidienne-1099539196","15":"tag-la-quotidienne-1099553915","16":"tag-la-quotidienne-1099565530","17":"tag-la-quotidienne-1099565538","18":"tag-noah-secret-story-13","19":"tag-secret-story","20":"tag-secret-story-1099553929","21":"tag-secret-story-1099644188","22":"tag-secret-story-40318845","23":"tag-television","24":"tag-tfx","25":"tag-tl-story","26":"tag-tv"},"share_on_mastodon":{"url":"https:\/\/pubeurope.com\/@fr\/114951051236064967","error":""},"_links":{"self":[{"href":"https:\/\/www.europesays.com\/fr\/wp-json\/wp\/v2\/posts\/287994","targetHints":{"allow":["GET"]}}],"collection":[{"href":"https:\/\/www.europesays.com\/fr\/wp-json\/wp\/v2\/posts"}],"about":[{"href":"https:\/\/www.europesays.com\/fr\/wp-json\/wp\/v2\/types\/post"}],"author":[{"embeddable":true,"href":"https:\/\/www.europesays.com\/fr\/wp-json\/wp\/v2\/users\/2"}],"replies":[{"embeddable":true,"href":"https:\/\/www.europesays.com\/fr\/wp-json\/wp\/v2\/comments?post=287994"}],"version-history":[{"count":0,"href":"https:\/\/www.europesays.com\/fr\/wp-json\/wp\/v2\/posts\/287994\/revisions"}],"wp:featuredmedia":[{"embeddable":true,"href":"https:\/\/www.europesays.com\/fr\/wp-json\/wp\/v2\/media\/287995"}],"wp:attachment":[{"href":"https:\/\/www.europesays.com\/fr\/wp-json\/wp\/v2\/media?parent=287994"}],"wp:term":[{"taxonomy":"category","embeddable":true,"href":"https:\/\/www.europesays.com\/fr\/wp-json\/wp\/v2\/categories?post=287994"},{"taxonomy":"post_tag","embeddable":true,"href":"https:\/\/www.europesays.com\/fr\/wp-json\/wp\/v2\/tags?post=287994"}],"curies":[{"name":"wp","href":"https:\/\/api.w.org\/{rel}","templated":true}]}}