{"id":288000,"date":"2025-08-01T02:05:13","date_gmt":"2025-08-01T02:05:13","guid":{"rendered":"https:\/\/www.europesays.com\/fr\/288000\/"},"modified":"2025-08-01T02:05:13","modified_gmt":"2025-08-01T02:05:13","slug":"rougeole-en-occitanie-lars-alerte-face-a-une-flambee-des-cas-et-rappelle-lurgence-vaccinale","status":"publish","type":"post","link":"https:\/\/www.europesays.com\/fr\/288000\/","title":{"rendered":"Rougeole en Occitanie\u00a0: l\u2019ARS alerte face \u00e0 une flamb\u00e9e des cas et rappelle l\u2019urgence vaccinale"},"content":{"rendered":"<p>\n                                                                    l&rsquo;essentiel<br \/>\n                                                                Avec 90 cas confirm\u00e9s depuis janvier\u00a02025, l\u2019Occitanie est touch\u00e9e par une recrudescence de la rougeole. L\u2019ARS appelle \u00e0 une vigilance accrue et insiste sur la vaccination ROR pour endiguer l\u2019\u00e9pid\u00e9mie.\n                            <\/p>\n<p>Depuis le d\u00e9but de l\u2019ann\u00e9e, la rougeole conna\u00eet une recrudescence pr\u00e9occupante en Occitanie. L\u2019Agence r\u00e9gionale de sant\u00e9 (ARS) a ainsi recens\u00e9\u00a090 cas confirm\u00e9s dans la r\u00e9gion, sur les 735 enregistr\u00e9s \u00e0 l\u2019\u00e9chelle nationale. La majorit\u00e9 des personnes touch\u00e9es ne sont pas, ou insuffisamment, vaccin\u00e9es, avec seulement une dose du vaccin ROR (rougeole-oreillons-rub\u00e9ole).<\/p>\n<p>Cette situation s\u2019inscrit dans un contexte de r\u00e9surgence mondiale de la rougeole, maladie hautement contagieuse et potentiellement grave. En Occitanie, la couverture vaccinale ROR \u00e0 deux doses reste insuffisante, atteignant 85,5\u00a0% chez les enfants de 33 mois. Aucun d\u00e9partement ne franchit le seuil de 95\u00a0%, pourtant requis par l\u2019Organisation mondiale de la sant\u00e9 pour \u00e9liminer la maladie.<\/p>\n<p>Seul moyen de protection efficace<\/p>\n<p>L\u2019ARS rappelle que la vaccination est le seul moyen de se prot\u00e9ger efficacement. Le vaccin ROR est recommand\u00e9 d\u00e8s l\u2019\u00e2ge de un an, mais aussi pour les adultes n\u00e9s apr\u00e8s 1980. Les professionnels de sant\u00e9, de la petite enfance et les enseignants sont fortement incit\u00e9s \u00e0 v\u00e9rifier leur statut vaccinal.<\/p>\n<p>Souvent consid\u00e9r\u00e9e \u00e0 tort comme b\u00e9nigne, la rougeole peut entra\u00eener des complications s\u00e9v\u00e8res, telles que des pneumopathies ou des enc\u00e9phalites, et n\u00e9cessite parfois une hospitalisation. Elle se manifeste par une forte fi\u00e8vre, accompagn\u00e9e de toux, conjonctivite et \u00e9ruption cutan\u00e9e.<\/p>\n<p>Extr\u00eamement contagieuse \u2014 dix fois plus que la grippe \u2014, la rougeole se transmet par voie a\u00e9rienne ou par contact avec des objets contamin\u00e9s. En cas de sympt\u00f4mes ou de contact avec une personne infect\u00e9e, il est essentiel d\u2019adopter les gestes barri\u00e8res (masque, lavage des mains) et de consulter rapidement un m\u00e9decin.<\/p>\n","protected":false},"excerpt":{"rendered":"l&rsquo;essentiel Avec 90 cas confirm\u00e9s depuis janvier\u00a02025, l\u2019Occitanie est touch\u00e9e par une recrudescence de la rougeole. L\u2019ARS appelle&hellip;\n","protected":false},"author":2,"featured_media":288001,"comment_status":"","ping_status":"","sticky":false,"template":"","format":"standard","meta":{"footnotes":""},"categories":[10],"tags":[1011,27,72,71],"class_list":{"0":"post-288000","1":"post","2":"type-post","3":"status-publish","4":"format-standard","5":"has-post-thumbnail","7":"category-sante","8":"tag-fr","9":"tag-france","10":"tag-health","11":"tag-sante"},"share_on_mastodon":{"url":"https:\/\/pubeurope.com\/@fr\/114951063043392939","error":""},"_links":{"self":[{"href":"https:\/\/www.europesays.com\/fr\/wp-json\/wp\/v2\/posts\/288000","targetHints":{"allow":["GET"]}}],"collection":[{"href":"https:\/\/www.europesays.com\/fr\/wp-json\/wp\/v2\/posts"}],"about":[{"href":"https:\/\/www.europesays.com\/fr\/wp-json\/wp\/v2\/types\/post"}],"author":[{"embeddable":true,"href":"https:\/\/www.europesays.com\/fr\/wp-json\/wp\/v2\/users\/2"}],"replies":[{"embeddable":true,"href":"https:\/\/www.europesays.com\/fr\/wp-json\/wp\/v2\/comments?post=288000"}],"version-history":[{"count":0,"href":"https:\/\/www.europesays.com\/fr\/wp-json\/wp\/v2\/posts\/288000\/revisions"}],"wp:featuredmedia":[{"embeddable":true,"href":"https:\/\/www.europesays.com\/fr\/wp-json\/wp\/v2\/media\/288001"}],"wp:attachment":[{"href":"https:\/\/www.europesays.com\/fr\/wp-json\/wp\/v2\/media?parent=288000"}],"wp:term":[{"taxonomy":"category","embeddable":true,"href":"https:\/\/www.europesays.com\/fr\/wp-json\/wp\/v2\/categories?post=288000"},{"taxonomy":"post_tag","embeddable":true,"href":"https:\/\/www.europesays.com\/fr\/wp-json\/wp\/v2\/tags?post=288000"}],"curies":[{"name":"wp","href":"https:\/\/api.w.org\/{rel}","templated":true}]}}