{"id":288025,"date":"2025-08-01T02:33:49","date_gmt":"2025-08-01T02:33:49","guid":{"rendered":"https:\/\/www.europesays.com\/fr\/288025\/"},"modified":"2025-08-01T02:33:49","modified_gmt":"2025-08-01T02:33:49","slug":"un-camion-prend-feu-sur-le-site-dune-usine-route-de-lorient-69-personnes-evacuees","status":"publish","type":"post","link":"https:\/\/www.europesays.com\/fr\/288025\/","title":{"rendered":"un camion prend feu sur le site d&rsquo;une usine route de Lorient, 69 personnes \u00e9vacu\u00e9es"},"content":{"rendered":"<p>            Par<br \/>\n        <strong><br \/>\n            <a href=\"https:\/\/actu.fr\/auteur\/brian-legoff\" title=\"Consulter tous les articles de Brian Le Goff\" rel=\"nofollow noopener\" target=\"_blank\">Brian Le Goff<\/a><br \/>\n        <\/strong><\/p>\n<p>        Publi\u00e9 le<\/p>\n<p>            31 juil. 2025 \u00e0 15h08        <\/p>\n<p><strong>Depuis 13h,<\/strong> jeudi 31 juillet, les <strong>69 employ\u00e9s<\/strong> de l\u2019usine Jean Chapin <strong>attendent<\/strong>, m\u00e9dus\u00e9s, de savoir quelle sera la suite apr\u00e8s l\u2019<a href=\"https:\/\/actu.fr\/tag\/incendie\" rel=\"nofollow noopener\" target=\"_blank\">incendie<\/a> sur leur lieu de travail, dans la <strong>zone route de Lorient<\/strong>, \u00e0 l\u2019ouest de <a href=\"https:\/\/actu.fr\/rennes\/\" rel=\"nofollow noopener\" target=\"_blank\">Rennes<\/a>.<\/p>\n<p>    <img   decoding=\"async\" loading=\"lazy\" src=\"https:\/\/www.europesays.com\/fr\/wp-content\/uploads\/2025\/08\/incendie-poids-lourd-camion-usine-viandes-jean-chapin-rennes-route-de-lorient-3-960x640.jpg\" alt=\"Le feu a d\u00e9but\u00e9 dans un camion \u00e0 quai.\" width=\"960\" height=\"640\"\/><br \/>\n    Le feu a d\u00e9but\u00e9 dans un camion \u00e0 quai. (\u00a9Brian Le Goff \/ actu Rennes)\u00c0 notre arriv\u00e9e, le tracteur et sa remorque \u00e9taient embras\u00e9s<\/p>\n<p class=\" wall-content\">En effet, quelques minutes plus t\u00f4t, un <strong>poids lourd venu livrer des carcasses de viandes<\/strong> a pris feu alors que le d\u00e9chargement de la marchandise a d\u00e9but\u00e9. Tr\u00e8s vite, <a href=\"https:\/\/actu.fr\/bretagne\/rennes_35238\/de-la-fumee-visible-a-l-ouest-de-rennes-les-pompiers-en-intervention_62982619.html\" rel=\"nofollow noopener\" target=\"_blank\">un panache de fum\u00e9e s\u2019est distingu\u00e9 dans le ciel rennais<\/a>.<\/p>\n<blockquote class=\"ac-article-quote wall-content\">\n<p>\u00c0 notre arriv\u00e9e, le tracteur du camion et sa remorque \u00e9taient embras\u00e9s et d\u00e9gageaient de grosses fum\u00e9es, tr\u00e8s intenses, notamment dans l&rsquo;entrep\u00f4t \u00e0 l&rsquo;arri\u00e8re du poids lourd.<\/p>\n<p>    <strong>Chef de groupe des pompiers sur place<\/strong><br \/>\n        Responsable des op\u00e9rations    <\/p><\/blockquote>\n<p class=\" wall-content\">D\u00e8s lors, les soldats du feu ont proc\u00e9d\u00e9 \u00e0 l\u2019extinction de l\u2019incendie. Aux alentours de<strong> 14h30, le feu \u00e9tait circonscrit.<\/strong> Ce dernier s\u2019est propag\u00e9 bri\u00e8vement au b\u00e2timent. Les <a href=\"https:\/\/actu.fr\/tag\/pompiers\" rel=\"nofollow noopener\" target=\"_blank\">pompiers<\/a> ont d\u00fb reconna\u00eetre les lieux pour v\u00e9rifier qu\u2019aucun employ\u00e9 ne se trouvait encore \u00e0 l\u2019int\u00e9rieur. Ils sont 69 \u00e0 avoir \u00e9t\u00e9 \u00e9vacu\u00e9s.<\/p>\n<p>    <img   decoding=\"async\" loading=\"lazy\" src=\"https:\/\/www.europesays.com\/fr\/wp-content\/uploads\/2025\/08\/pompiers-rennes-jean-chapin-rennes-incendie-feu-960x640.jpg\" alt=\"Les employ\u00e9s ont \u00e9t\u00e9 \u00e9vacu\u00e9s.\" width=\"960\" height=\"640\"\/><br \/>\n    Les employ\u00e9s ont \u00e9t\u00e9 \u00e9vacu\u00e9s. (\u00a9Brian Le Goff \/ actu Rennes)Les op\u00e9rations se poursuivent\u00a0<\/p>\n<p class=\" wall-content\">\u00c0 pr\u00e9sent, les \u00e9quipes de secours s\u2019assurent qu\u2019il n\u2019y a plus de risque de d\u00e9part de feu et <strong>ventilent les locaux<\/strong> pour \u00e9vacuer les fum\u00e9es.<\/p>\n<p class=\" wall-content\">L\u2019origine de l\u2019incendie se situerait soit <strong>au niveau du tracteur du poids lourd, soit au niveau du \u00ab\u00a0bloc froid\u00a0\u00bb<\/strong> de la remorque. En effet, l\u2019arri\u00e8re de cette derni\u00e8re n\u2019a pas compl\u00e8tement br\u00fbl\u00e9<\/p>\n<p class=\" wall-content\"><strong>Dix-sept pompiers<\/strong> sont intervenus au plus fort de l\u2019incendie avec deux camions incendie et un bras articul\u00e9 \u00e9quip\u00e9 d\u2019<strong>une lance,<\/strong> ainsi qu\u2019un v\u00e9hicule d\u2019assistance respiratoire pour renouveler les bouteilles d\u2019oxyg\u00e8ne des pompiers rentr\u00e9s dans l\u2019entrep\u00f4t tr\u00e8s enfum\u00e9.<\/p>\n<blockquote class=\"tiktok-embed\" cite=\"https:\/\/www.tiktok.com\/@acturennes\/video\/7533227854172097814\" data-video-id=\"7533227854172097814\" data-embed-from=\"oembed\" style=\"max-width:605px; min-width:325px;\"><p>\n<a target=\"_blank\" title=\"@acturennes\" href=\"https:\/\/www.tiktok.com\/@acturennes?refer=embed\" rel=\"nofollow noopener\">@acturennes<\/a> <\/p>\n<p>\ud83d\udd25\ud83d\ude9b Ce jeudi 31 juillet, aux alentours de 13h, un poids lourd a pris feu sur le site d\u2019une usine \u00e0 Rennes. Retrouvez plus d\u2019informations sur le site d\u2019actu Rennes. <a title=\"acturennes\" target=\"_blank\" href=\"https:\/\/www.tiktok.com\/tag\/acturennes?refer=embed\" rel=\"nofollow noopener\">#acturennes<\/a> <a title=\"incendie\" target=\"_blank\" href=\"https:\/\/www.tiktok.com\/tag\/incendie?refer=embed\" rel=\"nofollow noopener\">#incendie<\/a> <a title=\"rennes\" target=\"_blank\" href=\"https:\/\/www.tiktok.com\/tag\/rennes?refer=embed\" rel=\"nofollow noopener\">#rennes<\/a> <a title=\"pompiers\" target=\"_blank\" href=\"https:\/\/www.tiktok.com\/tag\/pompiers?refer=embed\" rel=\"nofollow noopener\">#pompiers<\/a> <\/p>\n<p> <a target=\"_blank\" title=\"\u266c son original - actuRennes\" href=\"https:\/\/www.tiktok.com\/music\/son-original-7533227844832709398?refer=embed\" rel=\"nofollow noopener\">\u266c son original \u2013 actuRennes<\/a> <\/p>\n<\/blockquote>\n<p>Des denr\u00e9es perdues et des employ\u00e9s au ch\u00f4mage technique ?<\/p>\n<p class=\" wall-content\"><strong>L\u2019\u00e9lectricit\u00e9<\/strong> a d\u00fb \u00eatre <strong>coup\u00e9e. <\/strong>Cette coupure pourrait avoir des cons\u00e9quences sur la conservation des stocks.<\/p>\n<p class=\" wall-content\">Les 69 employ\u00e9s pr\u00e9sents sur site ne savent pas s\u2019ils pourront reprendre leur travail aujourd\u2019hui et m\u00eame dans les jours \u00e0 venir.<\/p>\n<p class=\" wall-content\">Une r\u00e9union de crise de la direction est pr\u00e9vue \u00e0 16h30 afin d\u2019\u00e9voquer les cons\u00e9quences de cet incendie.<\/p>\n<p class=\" wall-content\">Suivez toute l\u2019actualit\u00e9 de vos villes et m\u00e9dias favoris en vous inscrivant \u00e0 <a href=\"https:\/\/moncompte.actu.fr\" title=\"D\u00e9couvez Mon Actu\" rel=\"nofollow noopener\" data-trk=\"{&quot;cta&quot;:{&quot;action&quot;:&quot;https:\\\/\\\/moncompte.actu.fr&quot;,&quot;category&quot;:&quot;mon compte&quot;,&quot;from&quot;:&quot;article footer&quot;,&quot;name&quot;:&quot;Mon actu&quot;,&quot;type&quot;:&quot;cta&quot;}}\" target=\"_blank\">Mon Actu<\/a>.<\/p>\n<p>                    <script async src=\"\/\/www.tiktok.com\/embed.js\"><\/script><\/p>\n","protected":false},"excerpt":{"rendered":"Par Brian Le Goff Publi\u00e9 le 31 juil. 2025 \u00e0 15h08 Depuis 13h, jeudi 31 juillet, les 69&hellip;\n","protected":false},"author":2,"featured_media":288026,"comment_status":"","ping_status":"","sticky":false,"template":"","format":"standard","meta":{"footnotes":""},"categories":[2821],"tags":[1111,11,829,1777,674,118,1011,27,1310,12,1311,584,25],"class_list":{"0":"post-288025","1":"post","2":"type-post","3":"status-publish","4":"format-standard","5":"has-post-thumbnail","7":"category-rennes","8":"tag-actu","9":"tag-actualites","10":"tag-bretagne","11":"tag-eu","12":"tag-europe","13":"tag-faits-divers","14":"tag-fr","15":"tag-france","16":"tag-incendie","17":"tag-news","18":"tag-pompiers","19":"tag-rennes","20":"tag-republique-francaise"},"share_on_mastodon":{"url":"https:\/\/pubeurope.com\/@fr\/114951177299341317","error":""},"_links":{"self":[{"href":"https:\/\/www.europesays.com\/fr\/wp-json\/wp\/v2\/posts\/288025","targetHints":{"allow":["GET"]}}],"collection":[{"href":"https:\/\/www.europesays.com\/fr\/wp-json\/wp\/v2\/posts"}],"about":[{"href":"https:\/\/www.europesays.com\/fr\/wp-json\/wp\/v2\/types\/post"}],"author":[{"embeddable":true,"href":"https:\/\/www.europesays.com\/fr\/wp-json\/wp\/v2\/users\/2"}],"replies":[{"embeddable":true,"href":"https:\/\/www.europesays.com\/fr\/wp-json\/wp\/v2\/comments?post=288025"}],"version-history":[{"count":0,"href":"https:\/\/www.europesays.com\/fr\/wp-json\/wp\/v2\/posts\/288025\/revisions"}],"wp:featuredmedia":[{"embeddable":true,"href":"https:\/\/www.europesays.com\/fr\/wp-json\/wp\/v2\/media\/288026"}],"wp:attachment":[{"href":"https:\/\/www.europesays.com\/fr\/wp-json\/wp\/v2\/media?parent=288025"}],"wp:term":[{"taxonomy":"category","embeddable":true,"href":"https:\/\/www.europesays.com\/fr\/wp-json\/wp\/v2\/categories?post=288025"},{"taxonomy":"post_tag","embeddable":true,"href":"https:\/\/www.europesays.com\/fr\/wp-json\/wp\/v2\/tags?post=288025"}],"curies":[{"name":"wp","href":"https:\/\/api.w.org\/{rel}","templated":true}]}}