{"id":288027,"date":"2025-08-01T02:34:51","date_gmt":"2025-08-01T02:34:51","guid":{"rendered":"https:\/\/www.europesays.com\/fr\/288027\/"},"modified":"2025-08-01T02:34:51","modified_gmt":"2025-08-01T02:34:51","slug":"pourquoi-des-camions-poubelles-ont-ete-utilises-pour-bloquer-les-acces","status":"publish","type":"post","link":"https:\/\/www.europesays.com\/fr\/288027\/","title":{"rendered":"pourquoi des camions-poubelles ont \u00e9t\u00e9 utilis\u00e9s pour bloquer les acc\u00e8s"},"content":{"rendered":"<p>            Par<br \/>\n        <strong><br \/>\n            <a href=\"https:\/\/actu.fr\/auteur\/ivan-capecchi\" title=\"Consulter tous les articles de Ivan CAPECCHI\" rel=\"nofollow noopener\" target=\"_blank\">Ivan CAPECCHI<\/a><br \/>\n        <\/strong><\/p>\n<p>        Publi\u00e9 le<\/p>\n<p>            28 juil. 2025 \u00e0 11h32        <\/p>\n<p>Samedi dernier, \u00e0 l\u2019occasion de <a href=\"https:\/\/actu.fr\/grand-est\/strasbourg_67482\/la-grande-braderie-de-strasbourg-revient-samedi-voici-ce-que-vous-devez-savoir_62942604.html\" rel=\"nofollow noopener\" target=\"_blank\">la grande braderie de Strasbourg<\/a>, des camions-poubelles ont \u00e9t\u00e9 r\u00e9quisitionn\u00e9s pour bloquer les acc\u00e8s au centre-ville (perturbant ainsi grandement <a href=\"https:\/\/actu.fr\/grand-est\/strasbourg_67482\/grande-braderie-de-strasbourg-la-circulation-des-trams-sera-tres-perturbee-samedi_62954024.html\" rel=\"nofollow noopener\" target=\"_blank\">la circulation des trams<\/a>).<\/p>\n<p class=\" wall-content\">Depuis quand et pour quelles raisons les <strong>camions-poubelles<\/strong> sont-ils ainsi utilis\u00e9s\u2009? C\u2019est ce qu\u2019on a voulu savoir.<\/p>\n<p class=\" wall-content\">Sur place, un agent du service nettoyage nous a expliqu\u00e9 que \u00e7a n\u2019\u00e9tait pas la premi\u00e8re ann\u00e9e que les camions-poubelles \u00e9taient r\u00e9quisitionn\u00e9s pour cet usage. \u00ab\u2009On les utilise car ils sont <strong>particuli\u00e8rement gros<\/strong>, et donc <strong>efficaces pour bloquer les acc\u00e8s<\/strong>\u2009\u00bb, glisse-t-il.<\/p>\n<p>Les camions-poubelles constituent des \u00ab\u2009barri\u00e8res physiques efficaces\u2009\u00bb<\/p>\n<p class=\" wall-content\">Contact\u00e9e, la mairie de Strasbourg confirme\u2009: \u00ab\u2009Ces v\u00e9hicules ont \u00e9t\u00e9 d\u00e9ploy\u00e9s afin de <strong>cr\u00e9er des barri\u00e8res physiques efficaces<\/strong> et<strong> d\u2019emp\u00eacher toute intrusion<\/strong> sur le lieu de la <a href=\"https:\/\/actu.fr\/tag\/manifestations\" rel=\"nofollow noopener\" target=\"_blank\">manifestatio<\/a>n (surtout Grande-\u00cele).\u2009\u00bb<\/p>\n<p class=\" wall-content\">La collectivit\u00e9 pr\u00e9cise cependant\u2009: \u00ab\u2009Les v\u00e9hicules utilis\u00e9s en ville pour s\u00e9curiser la grande braderie de samedi <strong>ne se limitent pas aux seuls camions-poubelles<\/strong>. En r\u00e9alit\u00e9, il s\u2019agit de <strong>plusieurs gros v\u00e9hicules issus du parc automobile de la collectivit\u00e9<\/strong>\u2009\u00bb.<\/p>\n<p class=\" wall-content\">Elle ajoute enfin\u2009: \u00ab\u2009Par ailleurs, les <strong>camions CRS<\/strong> sont mobilis\u00e9s sp\u00e9cifiquement pour <strong>assurer la s\u00e9curit\u00e9 publique, la gestion des foules et le maintien de l\u2019ordre<\/strong> (comme dans toutes les grandes manifestations). Leur r\u00f4le est compl\u00e9mentaire \u00e0 celui des v\u00e9hicules de la collectivit\u00e9\u2009\u00bb.<\/p>\n<p class=\" wall-content\">Suivez toute l\u2019actualit\u00e9 de vos villes et m\u00e9dias favoris en vous inscrivant \u00e0 <a href=\"https:\/\/moncompte.actu.fr\" title=\"D\u00e9couvez Mon Actu\" rel=\"nofollow noopener\" data-trk=\"{&quot;cta&quot;:{&quot;action&quot;:&quot;https:\\\/\\\/moncompte.actu.fr&quot;,&quot;category&quot;:&quot;mon compte&quot;,&quot;from&quot;:&quot;article footer&quot;,&quot;name&quot;:&quot;Mon actu&quot;,&quot;type&quot;:&quot;cta&quot;}}\" target=\"_blank\">Mon Actu<\/a>.<\/p>\n","protected":false},"excerpt":{"rendered":"Par Ivan CAPECCHI Publi\u00e9 le 28 juil. 2025 \u00e0 11h32 Samedi dernier, \u00e0 l\u2019occasion de la grande braderie&hellip;\n","protected":false},"author":2,"featured_media":288028,"comment_status":"","ping_status":"","sticky":false,"template":"","format":"standard","meta":{"footnotes":""},"categories":[2820],"tags":[1111,11,1777,674,1011,27,775,1757,12,25,104,640],"class_list":{"0":"post-288027","1":"post","2":"type-post","3":"status-publish","4":"format-standard","5":"has-post-thumbnail","7":"category-strasbourg","8":"tag-actu","9":"tag-actualites","10":"tag-eu","11":"tag-europe","12":"tag-fr","13":"tag-france","14":"tag-grand-est","15":"tag-insolite","16":"tag-news","17":"tag-republique-francaise","18":"tag-societe","19":"tag-strasbourg"},"share_on_mastodon":{"url":"https:\/\/pubeurope.com\/@fr\/114951181137272611","error":""},"_links":{"self":[{"href":"https:\/\/www.europesays.com\/fr\/wp-json\/wp\/v2\/posts\/288027","targetHints":{"allow":["GET"]}}],"collection":[{"href":"https:\/\/www.europesays.com\/fr\/wp-json\/wp\/v2\/posts"}],"about":[{"href":"https:\/\/www.europesays.com\/fr\/wp-json\/wp\/v2\/types\/post"}],"author":[{"embeddable":true,"href":"https:\/\/www.europesays.com\/fr\/wp-json\/wp\/v2\/users\/2"}],"replies":[{"embeddable":true,"href":"https:\/\/www.europesays.com\/fr\/wp-json\/wp\/v2\/comments?post=288027"}],"version-history":[{"count":0,"href":"https:\/\/www.europesays.com\/fr\/wp-json\/wp\/v2\/posts\/288027\/revisions"}],"wp:featuredmedia":[{"embeddable":true,"href":"https:\/\/www.europesays.com\/fr\/wp-json\/wp\/v2\/media\/288028"}],"wp:attachment":[{"href":"https:\/\/www.europesays.com\/fr\/wp-json\/wp\/v2\/media?parent=288027"}],"wp:term":[{"taxonomy":"category","embeddable":true,"href":"https:\/\/www.europesays.com\/fr\/wp-json\/wp\/v2\/categories?post=288027"},{"taxonomy":"post_tag","embeddable":true,"href":"https:\/\/www.europesays.com\/fr\/wp-json\/wp\/v2\/tags?post=288027"}],"curies":[{"name":"wp","href":"https:\/\/api.w.org\/{rel}","templated":true}]}}