{"id":288037,"date":"2025-08-01T02:39:39","date_gmt":"2025-08-01T02:39:39","guid":{"rendered":"https:\/\/www.europesays.com\/fr\/288037\/"},"modified":"2025-08-01T02:39:39","modified_gmt":"2025-08-01T02:39:39","slug":"le-feu-prend-dans-un-appartement-a-nantes-une-vingtaine-de-pompiers-mobilises","status":"publish","type":"post","link":"https:\/\/www.europesays.com\/fr\/288037\/","title":{"rendered":"Le feu prend dans un appartement \u00e0 Nantes, une vingtaine de pompiers mobilis\u00e9s"},"content":{"rendered":"<p>Le feu s\u2019est d\u00e9clar\u00e9 en soir\u00e9e, vers 22\u00a0h\u00a030, rue Saint Charles \u00e0 Nantes, dans un immeuble de deux \u00e9tages. Les pompiers ont \u00e9teint le foyer principal \u00e0 l\u2019aide d\u2019une lance \u00e0 eau. \u00a0La reconnaissance a permis de constater la pr\u00e9sence de fissures dans les appartements contigus\u00a0 pr\u00e9cise le centre op\u00e9rationnel d\u00e9partemental d\u2019incendie et de secours.<\/p>\n<p>Aucun relogement n\u00e9cessaire<\/p>\n<p>Aucun bless\u00e9 n\u2019est \u00e0 d\u00e9clarer et aucun des locataires n\u2019a \u00e9t\u00e9 relog\u00e9. Les pompiers pr\u00e9cisent \u00e9galement que l\u2019habitant du 2e \u00e9tage, d\u2019o\u00f9 est parti le feu, a \u00e9t\u00e9 pris en charge par les autorit\u00e9s. On ignore pour l\u2019instant l\u2019origine de cet incendie.<\/p>\n<p>\u00a0<\/p>\n","protected":false},"excerpt":{"rendered":"Le feu s\u2019est d\u00e9clar\u00e9 en soir\u00e9e, vers 22\u00a0h\u00a030, rue Saint Charles \u00e0 Nantes, dans un immeuble de deux&hellip;\n","protected":false},"author":2,"featured_media":288038,"comment_status":"","ping_status":"","sticky":false,"template":"","format":"standard","meta":{"footnotes":""},"categories":[2818],"tags":[1111,11,9071,1777,674,1312,1011,27,17479,766,12,2636,1311,6020,25,5014],"class_list":{"0":"post-288037","1":"post","2":"type-post","3":"status-publish","4":"format-standard","5":"has-post-thumbnail","7":"category-nantes","8":"tag-actu","9":"tag-actualites","10":"tag-appartement","11":"tag-eu","12":"tag-europe","13":"tag-feu","14":"tag-fr","15":"tag-france","16":"tag-mobilises","17":"tag-nantes","18":"tag-news","19":"tag-pays-de-la-loire","20":"tag-pompiers","21":"tag-prend","22":"tag-republique-francaise","23":"tag-vingtaine"},"share_on_mastodon":{"url":"https:\/\/pubeurope.com\/@fr\/114951196671668609","error":""},"_links":{"self":[{"href":"https:\/\/www.europesays.com\/fr\/wp-json\/wp\/v2\/posts\/288037","targetHints":{"allow":["GET"]}}],"collection":[{"href":"https:\/\/www.europesays.com\/fr\/wp-json\/wp\/v2\/posts"}],"about":[{"href":"https:\/\/www.europesays.com\/fr\/wp-json\/wp\/v2\/types\/post"}],"author":[{"embeddable":true,"href":"https:\/\/www.europesays.com\/fr\/wp-json\/wp\/v2\/users\/2"}],"replies":[{"embeddable":true,"href":"https:\/\/www.europesays.com\/fr\/wp-json\/wp\/v2\/comments?post=288037"}],"version-history":[{"count":0,"href":"https:\/\/www.europesays.com\/fr\/wp-json\/wp\/v2\/posts\/288037\/revisions"}],"wp:featuredmedia":[{"embeddable":true,"href":"https:\/\/www.europesays.com\/fr\/wp-json\/wp\/v2\/media\/288038"}],"wp:attachment":[{"href":"https:\/\/www.europesays.com\/fr\/wp-json\/wp\/v2\/media?parent=288037"}],"wp:term":[{"taxonomy":"category","embeddable":true,"href":"https:\/\/www.europesays.com\/fr\/wp-json\/wp\/v2\/categories?post=288037"},{"taxonomy":"post_tag","embeddable":true,"href":"https:\/\/www.europesays.com\/fr\/wp-json\/wp\/v2\/tags?post=288037"}],"curies":[{"name":"wp","href":"https:\/\/api.w.org\/{rel}","templated":true}]}}