{"id":288054,"date":"2025-08-01T02:49:28","date_gmt":"2025-08-01T02:49:28","guid":{"rendered":"https:\/\/www.europesays.com\/fr\/288054\/"},"modified":"2025-08-01T02:49:28","modified_gmt":"2025-08-01T02:49:28","slug":"rhone-le-principal-dun-college-a-lyon-mis-en-examen-pour-viol-sur-mineur","status":"publish","type":"post","link":"https:\/\/www.europesays.com\/fr\/288054\/","title":{"rendered":"Rh\u00f4ne. Le principal d&rsquo;un coll\u00e8ge \u00e0 Lyon mis en examen pour viol sur mineur"},"content":{"rendered":"<p>Un homme, principal d&rsquo;un coll\u00e8ge \u00e0 Lyon (Rh\u00f4ne), a \u00e9t\u00e9 mis en examen ce week-end pour des faits de viol sur mineur, indique <a href=\"https:\/\/www.leprogres.fr\/faits-divers-justice\/2025\/07\/31\/le-principal-d-un-college-mis-en-examen-pour-viol-sur-mineur-et-incarcere\" target=\"_blank\" rel=\"nofollow noopener\">Le Progr\u00e8s<\/a>. L&rsquo;homme a \u00e9t\u00e9 interpell\u00e9 le week-end du 26 juillet avant d&rsquo;\u00eatre plac\u00e9 en d\u00e9tention provisoire. Une information judiciaire a \u00e9t\u00e9 ouverte.<\/p>\n<p>La victime membre \u00ab de son entourage\u00a0\u00bb<\/p>\n<p>Les faits qui lui sont reproch\u00e9s auraient eu lieu dans son logement de fonction. La victime ne serait pas scolaris\u00e9e dans l&rsquo;\u00e9tablissement o\u00f9 il exerce, indique le quotidien local. Il s&rsquo;agirait d&rsquo;une personne de son entourage amical.<\/p>\n<p>Ce contenu est bloqu\u00e9 car vous n&rsquo;avez pas accept\u00e9 les cookies et autres traceurs.<\/p>\n<p>En cliquant sur \u00ab J\u2019accepte \u00bb, les cookies et autres traceurs seront d\u00e9pos\u00e9s et vous pourrez visualiser les contenus  (<a href=\"\" class=\"consentModule_policy\" target=\"_blank\" title=\"Consulter la politique de protection des donn\u00e9es du fournisseur\">plus d&rsquo;informations<\/a>).<\/p>\n<p>En cliquant sur \u00ab J\u2019accepte tous les cookies \u00bb, vous autorisez des d\u00e9p\u00f4ts de cookies et autres traceurs pour le stockage de vos donn\u00e9es sur nos sites et applications \u00e0 des fins de personnalisation et de ciblage publicitaire.<\/p>\n<p class=\"consentModule_secondaryText\">Vous gardez la possibilit\u00e9 de retirer votre consentement \u00e0 tout moment en consultant notre <a href=\"https:\/\/www.lejsl.com\/protection-des-donnees\" target=\"_blank\" title=\"Consulter notre politique de protection des donn\u00e9es\" rel=\"noopener\">politique de protection des donn\u00e9es<\/a>. <br \/>&#13;<br \/>\n            <a href=\"https:\/\/www.lejsl.com\/faits-divers-justice\/2025\/07\/31\/javascript:Didomi.notice.show()\" class=\"consentModule_cmp\" target=\"_blank\" rel=\"noopener\">G\u00e9rer mes choix<\/a>&#13;\n        <\/p>\n<p>&#13;<br \/>\n                        J&rsquo;accepte&#13;<br \/>\n            J&rsquo;accepte tous les cookies&#13;\n        <\/p>\n<p>Le principal, dont l&rsquo;\u00e2ge n&rsquo;est pas mentionn\u00e9, est en poste depuis plusieurs ann\u00e9es au sein du coll\u00e8ge Gabriel-Rosset, dans le 7e arrondissement de Lyon. L&rsquo;\u00e9tablissement compte plus de 500 \u00e9l\u00e8ves.<\/p>\n<p class=\"note\">&gt;&gt; Lire l&rsquo;article du <a href=\"https:\/\/www.leprogres.fr\/faits-divers-justice\/2025\/07\/31\/le-principal-d-un-college-mis-en-examen-pour-viol-sur-mineur-et-incarcere\" target=\"_blank\" rel=\"nofollow noopener\">Progr\u00e8s<\/a>.<\/p>\n","protected":false},"excerpt":{"rendered":"Un homme, principal d&rsquo;un coll\u00e8ge \u00e0 Lyon (Rh\u00f4ne), a \u00e9t\u00e9 mis en examen ce week-end pour des faits&hellip;\n","protected":false},"author":2,"featured_media":288055,"comment_status":"","ping_status":"","sticky":false,"template":"","format":"standard","meta":{"footnotes":""},"categories":[1889],"tags":[1111,11,2430,271,272,1777,674,274,107,1011,27,329,2428,12,25],"class_list":{"0":"post-288054","1":"post","2":"type-post","3":"status-publish","4":"format-standard","5":"has-post-thumbnail","7":"category-lyon","8":"tag-actu","9":"tag-actualites","10":"tag-auvergne-rhone-alpes","11":"tag-crime","12":"tag-delit-et-contravention","13":"tag-eu","14":"tag-europe","15":"tag-faits-divers-justice","16":"tag-fil-info","17":"tag-fr","18":"tag-france","19":"tag-france-monde","20":"tag-lyon","21":"tag-news","22":"tag-republique-francaise"},"share_on_mastodon":{"url":"https:\/\/pubeurope.com\/@fr\/114951236014569251","error":""},"_links":{"self":[{"href":"https:\/\/www.europesays.com\/fr\/wp-json\/wp\/v2\/posts\/288054","targetHints":{"allow":["GET"]}}],"collection":[{"href":"https:\/\/www.europesays.com\/fr\/wp-json\/wp\/v2\/posts"}],"about":[{"href":"https:\/\/www.europesays.com\/fr\/wp-json\/wp\/v2\/types\/post"}],"author":[{"embeddable":true,"href":"https:\/\/www.europesays.com\/fr\/wp-json\/wp\/v2\/users\/2"}],"replies":[{"embeddable":true,"href":"https:\/\/www.europesays.com\/fr\/wp-json\/wp\/v2\/comments?post=288054"}],"version-history":[{"count":0,"href":"https:\/\/www.europesays.com\/fr\/wp-json\/wp\/v2\/posts\/288054\/revisions"}],"wp:featuredmedia":[{"embeddable":true,"href":"https:\/\/www.europesays.com\/fr\/wp-json\/wp\/v2\/media\/288055"}],"wp:attachment":[{"href":"https:\/\/www.europesays.com\/fr\/wp-json\/wp\/v2\/media?parent=288054"}],"wp:term":[{"taxonomy":"category","embeddable":true,"href":"https:\/\/www.europesays.com\/fr\/wp-json\/wp\/v2\/categories?post=288054"},{"taxonomy":"post_tag","embeddable":true,"href":"https:\/\/www.europesays.com\/fr\/wp-json\/wp\/v2\/tags?post=288054"}],"curies":[{"name":"wp","href":"https:\/\/api.w.org\/{rel}","templated":true}]}}