{"id":288058,"date":"2025-08-01T02:52:11","date_gmt":"2025-08-01T02:52:11","guid":{"rendered":"https:\/\/www.europesays.com\/fr\/288058\/"},"modified":"2025-08-01T02:52:11","modified_gmt":"2025-08-01T02:52:11","slug":"taux-du-livret-a-et-du-lep-prix-du-gaz-allocation-de-rentree-tout-ce-qui-change-au-1er-aout-2025","status":"publish","type":"post","link":"https:\/\/www.europesays.com\/fr\/288058\/","title":{"rendered":"Taux du Livret A et du LEP, prix du gaz, allocation de rentr\u00e9e\u00a0: tout ce qui change au 1er\u00a0ao\u00fbt 2025"},"content":{"rendered":"<p class=\"paragraph text_align_left lp-f-body-02\">Quels sont les changements \u00e0 pr\u00e9voir \u00e0 partir du 1er ao\u00fbt 2025 ? Le d\u00e9but du mois sera peu propice aux \u00e9conomies, avec notamment la baisse de la r\u00e9mun\u00e9ration des Livrets A et LEP et l\u2019augmentation de la taxe sur la valeur ajout\u00e9e (TVA) sur <a href=\"https:\/\/www.leparisien.fr\/economie\/consommation\/trois-fois-le-prix-dil-y-a-encore-deux-ans-les-tarifs-du-gaz-flambent-et-ca-risque-de-continuer-25-02-2025-QGSQD5AVMFCYJMKB7Q25WPD5FM.php\" rel=\"noopener\" target=\"_blank\">les abonnements de gaz<\/a> et d\u2019\u00e9lectricit\u00e9.<\/p>\n<p>Le taux du Livret A passe de 2,4 % \u00e0 1,7 %<\/p>\n<p class=\"paragraph text_align_left lp-f-body-02\"><a href=\"https:\/\/www.leparisien.fr\/economie\/livret-a-vers-un-taux-a-17-au-1er-aout-16-07-2025-FFFW6SURZNATZPIRVOHPA65F3Q.php\" target=\"_self\" rel=\"noopener\">La r\u00e9mun\u00e9ration du Livret A va drastiquement baisser <\/a>au 1er ao\u00fbt. De 2,4 %, elle passe \u00e0 1,7 %.<\/p>\n<p class=\"paragraph text_align_left lp-f-body-02\">\u00ab Cette d\u00e9cision est motiv\u00e9e par un niveau d\u2019inflation qui est tomb\u00e9 \u00e0 0,88 % au premier semestre et par le r\u00f4le central du Livret A dans le financement de l\u2019\u00e9conomie du pays \u00bb, d\u00e9taille le minist\u00e8re de l\u2019\u00c9conomie, des Finances et de la Souverainet\u00e9 Industrielle et Num\u00e9rique.<\/p>\n<p class=\"paragraph text_align_left lp-f-body-02\">Concr\u00e8tement, un Fran\u00e7ais avec un en-cours moyen de 7000 euros perdra 50 euros d\u2019int\u00e9r\u00eats par an. Et celui qui a atteint le plafond de 22 950 euros touchera 161 euros de moins.<\/p>\n<p>Le taux du LEP passe de 3,5 % \u00e0 2,7 %<\/p>\n<p class=\"paragraph text_align_left lp-f-body-02\">La r\u00e9mun\u00e9ration du Livret d\u2019\u00e9pargne populaire (LEP), r\u00e9serv\u00e9 aux m\u00e9nages les plus modestes, s\u2019appr\u00eate \u00e9galement \u00e0 baisser, mais moins qu\u2019elle n\u2019aurait pu le faire.<\/p>\n<p class=\"paragraph text_align_left lp-f-body-02\">Conform\u00e9ment \u00e0 la pr\u00e9conisation de la Banque de France, le minist\u00e8re \u00ab d\u00e9rogera \u00e0 la formule r\u00e9glementaire \u00bb en la mati\u00e8re afin de limiter la baisse de taux de ce livret. De 3,5 % au 1er f\u00e9vrier, il passera \u00e0 2,7 % au 1er ao\u00fbt (et non \u00e0 2,2 %).<\/p>\n<p class=\"paragraph text_align_left lp-f-body-02\">Pour un en-cours moyen de 6580 euros, le manque \u00e0 gagner sera de 53 euros, et pour 10 000 euros, il sera de 80 euros.<\/p>\n<p>La TVA sur les factures d\u2019\u00e9nergie augmente<\/p>\n<p class=\"paragraph text_align_left lp-f-body-02\">Autre mauvaise nouvelle pour les consommateurs : <a href=\"https:\/\/www.leparisien.fr\/economie\/consommation\/gaz-et-electricite-attention-la-tva-augmente-sur-vos-factures-denergie-des-le-1er-aout-30-07-2025-WAER7XKUKRHDTG4F57X2GQIW2E.php\" target=\"_self\" rel=\"noopener\">l\u2019augmentation de la taxe sur la valeur ajout\u00e9e (TVA)<\/a> sur les abonnements de gaz et d\u2019\u00e9lectricit\u00e9. Ceux qui commencent ou sont renouvel\u00e9s \u00e0 partir du 1er ao\u00fbt vont \u00eatre soumis \u00e0 une TVA de 20 %, au lieu de 5,5 %.<\/p>\n<p class=\"paragraph text_align_left lp-f-body-02\">Le gouvernement compensera en partie avec la baisse de deux autres taxes : l\u2019ex-Ticfe (taxe int\u00e9rieure de consommation finale d\u2019\u00e9lectricit\u00e9) et le Turpe (tarif d\u2019utilisation des r\u00e9seaux publics de distribution d\u2019\u00e9lectricit\u00e9).<\/p>\n<p>Des frais suppl\u00e9mentaires pour les r\u00e9fractaires au compteur Linky<\/p>\n<p class=\"paragraph text_align_left lp-f-body-02\">Comme l\u2019avait annonc\u00e9 la Commission de r\u00e9gulation de l\u2019\u00e9nergie (CRE), les usagers qui refusent d\u2019installer un compteur Linky <a href=\"https:\/\/www.leparisien.fr\/economie\/electricite-les-clients-qui-refusent-le-compteur-linky-devront-sacquitter-dun-surcout-a-partir-du-1er-aout-12-05-2025-3U4AA6WD5RDFZGBS2NUWAAY3G4.php\" target=\"_self\" rel=\"noopener\">se verront appliquer des frais suppl\u00e9mentaires<\/a> : plus 6,48 euros tous les deux mois. \u00ab Des frais additionnels de 4,14 \u20ac \u00bb pourront aussi s\u2019appliquer, \u00ab uniquement si vous n\u2019avez pas transmis vos index de consommation \u00e0 Enedis depuis plus d\u2019un an \u00bb, indique <a href=\"https:\/\/www.service-public.fr\/particuliers\/actualites\/A18400\" target=\"_self\" rel=\"noopener\">le site<\/a> du Service Public.<\/p>\n<p>Versement de l\u2019allocation de rentr\u00e9e scolaire<\/p>\n<p class=\"paragraph text_align_left lp-f-body-02\">Quelques bonnes nouvelles tout de m\u00eame. L\u2019allocation de rentr\u00e9e scolaire (ARS) sera vers\u00e9e \u00e0 pr\u00e8s de trois millions de b\u00e9n\u00e9ficiaires le mardi 19 ao\u00fbt 2025 en m\u00e9tropole et dans les d\u00e9partements de la Guadeloupe, de la Guyane et de la Martinique. Les allocataires des d\u00e9partements de Mayotte et de la R\u00e9union la toucheront plus t\u00f4t, le 5 ao\u00fbt.<\/p>\n<p class=\"paragraph text_align_left lp-f-body-02\">Son montant s\u2019\u00e9l\u00e8ve cette ann\u00e9e \u00e0 423,48 \u20ac par enfant \u00e2g\u00e9 de 6 \u00e0 10 ans, \u00e0 446,85 \u20ac par enfant \u00e2g\u00e9 de 11 \u00e0 14 ans et \u00e0 462,33 \u20ac par enfant \u00e2g\u00e9 de 15 \u00e0 18 ans.<\/p>\n<p class=\"paragraph text_align_left lp-f-body-02\">Enfin, certains contribuables concern\u00e9s pourront recevoir le 1er ao\u00fbt un virement \u00e9manant de l\u2019administration fiscale en cas de trop vers\u00e9s ou de r\u00e9ductions et cr\u00e9dits d\u2019imp\u00f4t.<\/p>\n","protected":false},"excerpt":{"rendered":"Quels sont les changements \u00e0 pr\u00e9voir \u00e0 partir du 1er ao\u00fbt 2025 ? Le d\u00e9but du mois sera&hellip;\n","protected":false},"author":2,"featured_media":288059,"comment_status":"","ping_status":"","sticky":false,"template":"","format":"standard","meta":{"footnotes":""},"categories":[1888],"tags":[1111,1928,11,1927,130,33,1777,674,1011,27,12,1926,626,1925,25],"class_list":{"0":"post-288058","1":"post","2":"type-post","3":"status-publish","4":"format-standard","5":"has-post-thumbnail","7":"category-paris","8":"tag-actu","9":"tag-actu-paris","10":"tag-actualites","11":"tag-actualites-paris","12":"tag-consommation","13":"tag-economie","14":"tag-eu","15":"tag-europe","16":"tag-fr","17":"tag-france","18":"tag-news","19":"tag-news-paris","20":"tag-paris","21":"tag-paris-news","22":"tag-republique-francaise"},"share_on_mastodon":{"url":"https:\/\/pubeurope.com\/@fr\/114951247897413154","error":""},"_links":{"self":[{"href":"https:\/\/www.europesays.com\/fr\/wp-json\/wp\/v2\/posts\/288058","targetHints":{"allow":["GET"]}}],"collection":[{"href":"https:\/\/www.europesays.com\/fr\/wp-json\/wp\/v2\/posts"}],"about":[{"href":"https:\/\/www.europesays.com\/fr\/wp-json\/wp\/v2\/types\/post"}],"author":[{"embeddable":true,"href":"https:\/\/www.europesays.com\/fr\/wp-json\/wp\/v2\/users\/2"}],"replies":[{"embeddable":true,"href":"https:\/\/www.europesays.com\/fr\/wp-json\/wp\/v2\/comments?post=288058"}],"version-history":[{"count":0,"href":"https:\/\/www.europesays.com\/fr\/wp-json\/wp\/v2\/posts\/288058\/revisions"}],"wp:featuredmedia":[{"embeddable":true,"href":"https:\/\/www.europesays.com\/fr\/wp-json\/wp\/v2\/media\/288059"}],"wp:attachment":[{"href":"https:\/\/www.europesays.com\/fr\/wp-json\/wp\/v2\/media?parent=288058"}],"wp:term":[{"taxonomy":"category","embeddable":true,"href":"https:\/\/www.europesays.com\/fr\/wp-json\/wp\/v2\/categories?post=288058"},{"taxonomy":"post_tag","embeddable":true,"href":"https:\/\/www.europesays.com\/fr\/wp-json\/wp\/v2\/tags?post=288058"}],"curies":[{"name":"wp","href":"https:\/\/api.w.org\/{rel}","templated":true}]}}