{"id":28806,"date":"2025-04-16T08:17:27","date_gmt":"2025-04-16T08:17:27","guid":{"rendered":"https:\/\/www.europesays.com\/fr\/28806\/"},"modified":"2025-04-16T08:17:27","modified_gmt":"2025-04-16T08:17:27","slug":"pro-d2-partenaire-principal-du-fcg-hardis-prolonge-son-engagement","status":"publish","type":"post","link":"https:\/\/www.europesays.com\/fr\/28806\/","title":{"rendered":"Pro D2. Partenaire principal du FCG, Hardis prolonge son engagement"},"content":{"rendered":"<p>En cette fin de saison 2024-2025, chaque victoire compte, \u00e0 l\u2019heure o\u00f9 le FC Grenoble affiche ses ambitions et lorgne le Top 14. Et ce, sur le terrain comme en dehors, pour donner les moyens aux rugbymen is\u00e9rois d\u2019atteindre les objectifs du club.<\/p>\n<p>Ce lundi, le FCG-rugby annonce la prolongation pour deux saisons de son partenariat avec Hardis Group. L\u2019entreprise grenobloise sp\u00e9cialis\u00e9e dans l\u2019\u00e9dition de logiciels, la supply chain et l\u2019int\u00e9gration de services num\u00e9riques reste \u00ab\u00a0partenaire principal\u00a0\u00bb jusqu\u2019en 2027.<\/p>\n<p>Il s\u2019agit l\u00e0 de l\u2019officialisation <a title=\"rugby FCG annonces novembre 2024\" href=\"https:\/\/www.ledauphine.com\/sport\/2024\/11\/27\/infrastructures-partenariat-sportif-le-fcg-continue-a-batir-son-avenir\" target=\"_blank\" rel=\"noopener\">d\u2019une information d\u00e9voil\u00e9e en novembre dernier par Patrick Goffi<\/a> aux partenaires priv\u00e9s et institutionnels du club.<\/p>\n<p>\u00ab\u00a0C\u2019est un immense plaisir pour nous de prolonger notre aventure avec Hardis Group\u00a0\u00bb, a r\u00e9agi <a href=\"https:\/\/www.ledauphine.com\/p\/patrick-goffi\" target=\"_blank\" rel=\"noopener\">Patrick Goffi<\/a>, le pr\u00e9sident du Directoire du FCG-rugby sur le communiqu\u00e9 officiel du club. \u00ab\u00a0Nous sommes particuli\u00e8rement fiers qu\u2019une entreprise avec un fort ancrage local mais r\u00e9solument tourn\u00e9e vers l\u2019international accompagne nos ambitions dans la dur\u00e9e. Nous esp\u00e9rons tous ensemble vivre une formidable fin de saison et de tr\u00e8s grandes r\u00e9ussites pour les deux prochaines.\u00a0\u00bb<\/p>\n<p>  Avec le FCG chez les hommes mais aussi les filles des Amazones<\/p>\n<p><a href=\"https:\/\/fcgrugby.com\/fr\/articles\/2023\/03\/30\/hardis-group-prolonge-pour-les-deux-prochaines-saisons\" target=\"_blank\" title=\"rugby FCG Hardis Group partenaire\" rel=\"noopener\">Pr\u00e9sent sur le devant des maillots rouge et bleu<\/a> depuis trois saisons en Pro D2, Hardis Group va \u00e9tendre son engagement et sa visibilit\u00e9. \u00ab\u00a0Outre la pr\u00e9sence renforc\u00e9e du logo de l\u2019entreprise sur le maillot des pros et sur celui de la formation, Hardis Group sera d\u00e9sormais \u00e9galement pr\u00e9sent sur le maillot des Amazones\u00a0\u00bb, annonce le communiqu\u00e9 du FCG-rugby.<\/p>\n<p>Pour sa part, Yvan Coutaz, directeur g\u00e9n\u00e9ral de Hardis Group, a d\u00e9clar\u00e9\u00a0: \u00ab\u00a0Quelle fiert\u00e9 d\u2019avoir accompagn\u00e9 le FCG et l\u2019\u00e9quipe masculine professionnelle depuis trois ans. Leur leadership et leur capacit\u00e9 \u00e0 rebondir nous inspirent vraiment. Pour les deux prochaines saisons, \u00eatre en plus pr\u00e9sent aux c\u00f4t\u00e9s des jeunes et des Amazones est une source de motivation suppl\u00e9mentaire, qui raisonne par ailleurs avec nos engagements.\u00a0\u00bb<\/p>\n<p>Pr\u00e9sente au plus haut f\u00e9minin du rugby depuis pr\u00e8s de huit ans, et <a title=\"rugby classement Elite 1 f\u00e9minine\" href=\"https:\/\/www.ledauphine.com\/sport\/classement\/rugby\/national-elite-1-(f)-qualif-poule-1\" target=\"_blank\" rel=\"noopener\">actuelle 5e de l\u2019\u00c9lite 1 f\u00e9minine<\/a> , l\u2019\u00e9quipe des Amazones du FCG est un des fleurons du sport dauphinois au niveau national. Et m\u00eame international puisque <a title=\"rugby T6N2025F groupe XVFF 2e partie\" href=\"https:\/\/www.ledauphine.com\/sport\/2025\/04\/03\/encore-six-regionales-les-soeurs-menager-reunies-le-groupe-des-bleues-pour-la-suite-du-tournoi\" target=\"_blank\" rel=\"noopener\">six de ses joueuses disputent actuellement le Tournoi des VI Nations f\u00e9minin<\/a>.<\/p>\n","protected":false},"excerpt":{"rendered":"En cette fin de saison 2024-2025, chaque victoire compte, \u00e0 l\u2019heure o\u00f9 le FC Grenoble affiche ses ambitions&hellip;\n","protected":false},"author":2,"featured_media":28807,"comment_status":"","ping_status":"","sticky":false,"template":"","format":"standard","meta":{"footnotes":""},"categories":[9566],"tags":[1111,11,2430,33,112,113,114,1777,674,2727,1701,1011,27,2731,2732,108,1985,12,2308,25,479,517],"class_list":{"0":"post-28806","1":"post","2":"type-post","3":"status-publish","4":"format-standard","5":"has-post-thumbnail","7":"category-grenoble","8":"tag-actu","9":"tag-actualites","10":"tag-auvergne-rhone-alpes","11":"tag-economie","12":"tag-edition-grenoble-agglomeration","13":"tag-edition-gresivaudan-oisans","14":"tag-edition-voiron-saint-marcellin","15":"tag-eu","16":"tag-europe","17":"tag-fcg-fc-grenoble-rugby","18":"tag-fil-info-sport","19":"tag-fr","20":"tag-france","21":"tag-grenoble","22":"tag-grenoble-bassin","23":"tag-isere","24":"tag-metropole-de-grenoble","25":"tag-news","26":"tag-pro-d2","27":"tag-republique-francaise","28":"tag-rugby","29":"tag-sport"},"share_on_mastodon":{"url":"https:\/\/pubeurope.com\/@fr\/114346658577110671","error":""},"_links":{"self":[{"href":"https:\/\/www.europesays.com\/fr\/wp-json\/wp\/v2\/posts\/28806","targetHints":{"allow":["GET"]}}],"collection":[{"href":"https:\/\/www.europesays.com\/fr\/wp-json\/wp\/v2\/posts"}],"about":[{"href":"https:\/\/www.europesays.com\/fr\/wp-json\/wp\/v2\/types\/post"}],"author":[{"embeddable":true,"href":"https:\/\/www.europesays.com\/fr\/wp-json\/wp\/v2\/users\/2"}],"replies":[{"embeddable":true,"href":"https:\/\/www.europesays.com\/fr\/wp-json\/wp\/v2\/comments?post=28806"}],"version-history":[{"count":0,"href":"https:\/\/www.europesays.com\/fr\/wp-json\/wp\/v2\/posts\/28806\/revisions"}],"wp:featuredmedia":[{"embeddable":true,"href":"https:\/\/www.europesays.com\/fr\/wp-json\/wp\/v2\/media\/28807"}],"wp:attachment":[{"href":"https:\/\/www.europesays.com\/fr\/wp-json\/wp\/v2\/media?parent=28806"}],"wp:term":[{"taxonomy":"category","embeddable":true,"href":"https:\/\/www.europesays.com\/fr\/wp-json\/wp\/v2\/categories?post=28806"},{"taxonomy":"post_tag","embeddable":true,"href":"https:\/\/www.europesays.com\/fr\/wp-json\/wp\/v2\/tags?post=28806"}],"curies":[{"name":"wp","href":"https:\/\/api.w.org\/{rel}","templated":true}]}}