{"id":288070,"date":"2025-08-01T02:59:20","date_gmt":"2025-08-01T02:59:20","guid":{"rendered":"https:\/\/www.europesays.com\/fr\/288070\/"},"modified":"2025-08-01T02:59:20","modified_gmt":"2025-08-01T02:59:20","slug":"le-cyberharcelement-augmente-plus-rapidement-au-royaume-uni-que-le-harcelement-traditionnel-selon-une-etude","status":"publish","type":"post","link":"https:\/\/www.europesays.com\/fr\/288070\/","title":{"rendered":"Le cyberharc\u00e8lement augmente plus rapidement au Royaume-Uni que le harc\u00e8lement traditionnel selon une \u00e9tude"},"content":{"rendered":"<p>                    <img decoding=\"async\" style=\"aspect-ratio:16\/9\" src=\"https:\/\/www.europesays.com\/fr\/wp-content\/uploads\/2025\/08\/Cyberpesten-1.jpg\" width=\"100%\" loading=\"eager\"\/><\/p>\n<p>                            <a href=\"https:\/\/fr.businessam.be\/author\/redactie\/\" class=\"author-thumbnail\" style=\"border: 2px inset #00000099;\" rel=\"nofollow noopener\" target=\"_blank\"><img loading=\"lazy\" decoding=\"async\" src=\"https:\/\/www.europesays.com\/fr\/wp-content\/uploads\/2025\/08\/cropped-favicon-192x192.png\" width=\"80\" height=\"80\" alt=\"Business AM\"\/><\/a>\ue05bpar <a href=\"https:\/\/fr.businessam.be\/author\/redactie\/\" rel=\"nofollow noopener\" target=\"_blank\">Business AM<\/a><br \/>\ue010publi\u00e9 le jeudi 31 juillet 2025 \u00e0 18:31 \u2022 <br \/>\ue00c3 min de lecture<\/p>\n<p>Principaux renseignements<\/p>\n<ul class=\"wp-block-list\">\n<li><strong>Le cyberharc\u00e8lement augmente plus rapidement que le harc\u00e8lement traditionnel au Royaume-Uni.<\/strong><\/li>\n<li><strong>De nombreuses victimes ne reconnaissent pas le cyberharc\u00e8lement comme un crime, ce qui souligne la n\u00e9cessit\u00e9 d\u2019une plus grande sensibilisation du public.<\/strong><\/li>\n<li><strong>Les jeunes, les femmes et les membres de la communaut\u00e9 LGBTQ+ sont touch\u00e9s de mani\u00e8re disproportionn\u00e9e par le cyberharc\u00e8lement.<\/strong><\/li>\n<\/ul>\n<p>Le cyberharc\u00e8lement est en augmentation, d\u00e9passant les formes traditionnelles de harc\u00e8lement, selon une \u00e9tude novatrice men\u00e9e par des chercheurs de l\u2019UCL. <a href=\"https:\/\/academic.oup.com\/bjc\/advance-article\/doi\/10.1093\/bjc\/azaf064\/8216857?searchresult=1\" target=\"_blank\" rel=\"noreferrer noopener nofollow\">Publi\u00e9e dans le British Journal of Criminology<\/a>, l\u2019\u00e9tude a analys\u00e9 les donn\u00e9es de l\u2019enqu\u00eate sur la criminalit\u00e9 en Angleterre et au Pays de Galles (Crime Survey for England and Wales \u2013 CSEW) sur une p\u00e9riode de huit ans. Elle r\u00e9v\u00e8le que si le cyberharc\u00e8lement reste moins r\u00e9pandu que le harc\u00e8lement physique, son incidence a augment\u00e9 de mani\u00e8re significative, passant de 1 pour cent \u00e0 1,7 pour cent entre 2012 et 2020, d\u00e9passant en taux de croissance le harc\u00e8lement physique et le cyberharc\u00e8lement.<\/p>\n<p>Cyberharc\u00e8lement<\/p>\n<p>Malgr\u00e9 la menace croissante qu\u2019il repr\u00e9sente, de nombreuses victimes ne reconnaissent pas le cyberharc\u00e8lement comme un crime, ce qui met en \u00e9vidence une lacune importante dans la compr\u00e9hension du public et la reconnaissance juridique.  L\u2019\u00e9tude a r\u00e9v\u00e9l\u00e9 que pr\u00e8s de la moiti\u00e9 des victimes de harc\u00e8lement percevaient leur exp\u00e9rience comme \u00ab\u00a0r\u00e9pr\u00e9hensible mais pas criminelle\u00a0\u00bb, en particulier celles qui \u00e9taient uniquement victimes de cyberharc\u00e8lement. Cela sugg\u00e8re un manque de sensibilisation \u00e0 la gravit\u00e9 et aux ramifications juridiques du harc\u00e8lement en ligne.<\/p>\n<p>Tendances d\u00e9mographiques en mati\u00e8re de harc\u00e8lement criminel<\/p>\n<p>Les chercheurs ont analys\u00e9 les r\u00e9ponses de plus de 147 000 participants \u00e2g\u00e9s de 16 \u00e0 59 ans, mettant en \u00e9vidence des tendances d\u00e9mographiques cruciales dans la pr\u00e9valence du harc\u00e8lement. Le cyberharc\u00e8lement touche de mani\u00e8re disproportionn\u00e9e les jeunes (\u00e2g\u00e9s de 16 \u00e0 24 ans), les femmes et les membres de la communaut\u00e9 lesbienne, gay et bisexuelle.  Les femmes \u00e9taient presque deux fois plus susceptibles que les hommes d\u2019\u00eatre victimes de toutes les formes de harc\u00e8lement, tandis que les lesbiennes, les gays et les bisexuels \u00e9taient deux fois plus expos\u00e9s au cyberharc\u00e8lement que les participants h\u00e9t\u00e9rosexuels.<\/p>\n<p>L\u2019\u00e9tude souligne le besoin urgent d\u2019am\u00e9liorer l\u2019\u00e9ducation du public, de clarifier les d\u00e9finitions juridiques du cyberharc\u00e8lement et d\u2019am\u00e9liorer les services de soutien aux victimes. Les chercheurs plaident pour une mise \u00e0 jour de l\u2019enqu\u00eate CSEW afin de saisir les nuances des exp\u00e9riences de harc\u00e8lement, y compris des options plus inclusives en mati\u00e8re de genre et d\u2019identit\u00e9 sexuelle et des distinctions plus claires entre les comportements en ligne et hors ligne.<\/p>\n","protected":false},"excerpt":{"rendered":"\ue05bpar Business AM\ue010publi\u00e9 le jeudi 31 juillet 2025 \u00e0 18:31 \u2022 \ue00c3 min de lecture Principaux renseignements Le&hellip;\n","protected":false},"author":2,"featured_media":288071,"comment_status":"","ping_status":"","sticky":false,"template":"","format":"standard","meta":{"footnotes":""},"categories":[1588],"tags":[11,9001,1777,674,12,473,1853,1851,1850,1852],"class_list":{"0":"post-288070","1":"post","2":"type-post","3":"status-publish","4":"format-standard","5":"has-post-thumbnail","7":"category-royaume-uni","8":"tag-actualites","9":"tag-cyberharcelement","10":"tag-eu","11":"tag-europe","12":"tag-news","13":"tag-royaume-uni","14":"tag-royaume-uni-de-grande-bretagne-et-dirlande-du-nord","15":"tag-uk","16":"tag-united-kingdom","17":"tag-united-kingdom-of-great-britain-and-northern-ireland"},"share_on_mastodon":{"url":"https:\/\/pubeurope.com\/@fr\/114951275466698136","error":""},"_links":{"self":[{"href":"https:\/\/www.europesays.com\/fr\/wp-json\/wp\/v2\/posts\/288070","targetHints":{"allow":["GET"]}}],"collection":[{"href":"https:\/\/www.europesays.com\/fr\/wp-json\/wp\/v2\/posts"}],"about":[{"href":"https:\/\/www.europesays.com\/fr\/wp-json\/wp\/v2\/types\/post"}],"author":[{"embeddable":true,"href":"https:\/\/www.europesays.com\/fr\/wp-json\/wp\/v2\/users\/2"}],"replies":[{"embeddable":true,"href":"https:\/\/www.europesays.com\/fr\/wp-json\/wp\/v2\/comments?post=288070"}],"version-history":[{"count":0,"href":"https:\/\/www.europesays.com\/fr\/wp-json\/wp\/v2\/posts\/288070\/revisions"}],"wp:featuredmedia":[{"embeddable":true,"href":"https:\/\/www.europesays.com\/fr\/wp-json\/wp\/v2\/media\/288071"}],"wp:attachment":[{"href":"https:\/\/www.europesays.com\/fr\/wp-json\/wp\/v2\/media?parent=288070"}],"wp:term":[{"taxonomy":"category","embeddable":true,"href":"https:\/\/www.europesays.com\/fr\/wp-json\/wp\/v2\/categories?post=288070"},{"taxonomy":"post_tag","embeddable":true,"href":"https:\/\/www.europesays.com\/fr\/wp-json\/wp\/v2\/tags?post=288070"}],"curies":[{"name":"wp","href":"https:\/\/api.w.org\/{rel}","templated":true}]}}