{"id":288072,"date":"2025-08-01T03:00:47","date_gmt":"2025-08-01T03:00:47","guid":{"rendered":"https:\/\/www.europesays.com\/fr\/288072\/"},"modified":"2025-08-01T03:00:47","modified_gmt":"2025-08-01T03:00:47","slug":"les-violences-dextreme-droite-en-hausse-de-17-en-2024-selon-un-decompte-provisoire-liberation","status":"publish","type":"post","link":"https:\/\/www.europesays.com\/fr\/288072\/","title":{"rendered":"les violences d\u2019extr\u00eame droite en hausse de 17\u00a0% en\u00a02024, selon un d\u00e9compte provisoire \u2013 Lib\u00e9ration"},"content":{"rendered":"<p class=\"sc-ksZaOG ehjQrN text-element\">Insultes, menaces, crimes\u2026 Les violences d\u2019extr\u00eame droite ont atteint \u00abun nouveau record l\u2019ann\u00e9e derni\u00e8re\u00bb en Allemagne, comme l\u2019indique ce lundi 6\u00a0janvier le m\u00e9dia <a href=\"https:\/\/www.rnd.de\/politik\/rechtsextreme-straftaten-2024-erreichen-rekordwert-33-963-delikte-in-deutschland-IIAZYR375RCH7NIEOKIRYY6P5E.html\" target=\"_blank\" rel=\"nofollow noopener\">RedaktionsNetzwerk Deutschland<\/a> (RND). Selon la police allemande, au niveau national, 33\u00a0963 d\u00e9lits ont ainsi \u00e9t\u00e9 enregistr\u00e9s dans le domaine des \u00abd\u00e9lits \u00e0 motivation politique \u2013 de droite\u00bb. Le d\u00e9compte, r\u00e9alis\u00e9 du d\u00e9but de l\u2019ann\u00e9e au 30\u00a0novembre 2024, ne prend pas en compte le mois de d\u00e9cembre.<\/p>\n<p class=\"sc-ksZaOG ehjQrN text-element\">Selon ces premiers chiffres, \u00ab1\u00a0136 [de ces actes] \u00e9taient des crimes violents\u00bb. RND rapporte par ailleurs que ces actes violents correspondent pour la plupart \u00e0 \u00abdes d\u00e9lits de propagande (21\u00a0311) et de s\u00e9dition (5\u00a0097)\u00bb. Toujours selon ce m\u00eame m\u00e9dia, la police allemande a enregistr\u00e9 \u00ab1\u00a0942 dommages mat\u00e9riels\u00bb, caus\u00e9s par des partisans des id\u00e9es de droite radicale.<\/p>\n<p class=\"sc-ksZaOG ehjQrN text-element\">En tout, les actes violents d\u2019extr\u00eame droite sont en augmentation de 17\u00a0% sur les onze premiers mois de l\u2019ann\u00e9e. Le pourcentage sera tr\u00e8s probablement revu \u00e0 la hausse en int\u00e9grant les violences du mois de d\u00e9cembre dans le bilan d\u00e9finitif. Selon les m\u00e9dias allemands, comme l\u2019hebdomadaire <a href=\"https:\/\/www.spiegel.de\/panorama\/justiz\/rechtsextremismus-in-deutschland-zahl-der-straftaten-erreicht-2024-neuen-hoechststand-a-bd9932f6-b7c5-4532-ae68-8c4d483355cc#ref=rss\" target=\"_blank\" rel=\"nofollow noopener\">Der Spiegel<\/a>, les statistiques finales du Bundeskriminalamt (BKA), l\u2019office f\u00e9d\u00e9ral de la police criminelle allemande, seront connues en mai. <a href=\"https:\/\/www.spiegel.de\/politik\/deutschland\/rechtsextremismus-zahl-der-straftaten-im-jahr-2023-stark-angestiegen-a-fafa91b5-7321-49ab-840e-aa981e435383\" target=\"_blank\" rel=\"nofollow noopener\">En\u00a02023<\/a>, le BKA avait d\u00e9j\u00e0 enregistr\u00e9 une forte pouss\u00e9e des violences de la droite radicale dans ses statistiques.<\/p>\n<p class=\"sc-ksZaOG ehjQrN text-element\">RND pr\u00e9cise que les d\u00e9lits appartenant \u00e0 la cat\u00e9gorie \u00abautres cat\u00e9gories\u00bb ont aussi augment\u00e9. Une classification pour les actes qui n\u2019ont pas pu \u00eatre clairement imput\u00e9s aux partisans de telle ou telle orientation politique.<\/p>\n<p class=\"sc-ksZaOG ehjQrN text-element\">L\u2019AfD, parti antimigrants et prorusse, est cr\u00e9dit\u00e9 d\u2019environ 19\u00a0% des intentions de vote dans les sondages pour le scrutin anticip\u00e9 du 23\u00a0f\u00e9vrier, organis\u00e9 suite \u00e0 la chute du gouvernement tripartite d\u2019Olaf Scholz d\u00e9but novembre. Les conservateurs de la CDU\u00a0\/CSU sont en t\u00eate avec environ 32\u00a0%, le SPD du dirigeant allemand pointe autour de 15\u00a0%. Tous les partis excluent une coop\u00e9ration gouvernementale avec l\u2019AfD.<\/p>\n","protected":false},"excerpt":{"rendered":"Insultes, menaces, crimes\u2026 Les violences d\u2019extr\u00eame droite ont atteint \u00abun nouveau record l\u2019ann\u00e9e derni\u00e8re\u00bb en Allemagne, comme l\u2019indique&hellip;\n","protected":false},"author":2,"featured_media":288073,"comment_status":"","ping_status":"","sticky":false,"template":"","format":"standard","meta":{"footnotes":""},"categories":[1587],"tags":[11,672,1804,1805,1803,1777,674,1076,1801,12,1802],"class_list":{"0":"post-288072","1":"post","2":"type-post","3":"status-publish","4":"format-standard","5":"has-post-thumbnail","7":"category-allemagne","8":"tag-actualites","9":"tag-allemagne","10":"tag-bundesrepublik-deutschland","11":"tag-de","12":"tag-deutschland","13":"tag-eu","14":"tag-europe","15":"tag-extreme-droite","16":"tag-germany","17":"tag-news","18":"tag-republique-federale-dallemagne"},"share_on_mastodon":{"url":"https:\/\/pubeurope.com\/@fr\/114951283302899189","error":""},"_links":{"self":[{"href":"https:\/\/www.europesays.com\/fr\/wp-json\/wp\/v2\/posts\/288072","targetHints":{"allow":["GET"]}}],"collection":[{"href":"https:\/\/www.europesays.com\/fr\/wp-json\/wp\/v2\/posts"}],"about":[{"href":"https:\/\/www.europesays.com\/fr\/wp-json\/wp\/v2\/types\/post"}],"author":[{"embeddable":true,"href":"https:\/\/www.europesays.com\/fr\/wp-json\/wp\/v2\/users\/2"}],"replies":[{"embeddable":true,"href":"https:\/\/www.europesays.com\/fr\/wp-json\/wp\/v2\/comments?post=288072"}],"version-history":[{"count":0,"href":"https:\/\/www.europesays.com\/fr\/wp-json\/wp\/v2\/posts\/288072\/revisions"}],"wp:featuredmedia":[{"embeddable":true,"href":"https:\/\/www.europesays.com\/fr\/wp-json\/wp\/v2\/media\/288073"}],"wp:attachment":[{"href":"https:\/\/www.europesays.com\/fr\/wp-json\/wp\/v2\/media?parent=288072"}],"wp:term":[{"taxonomy":"category","embeddable":true,"href":"https:\/\/www.europesays.com\/fr\/wp-json\/wp\/v2\/categories?post=288072"},{"taxonomy":"post_tag","embeddable":true,"href":"https:\/\/www.europesays.com\/fr\/wp-json\/wp\/v2\/tags?post=288072"}],"curies":[{"name":"wp","href":"https:\/\/api.w.org\/{rel}","templated":true}]}}