{"id":288078,"date":"2025-08-01T03:03:21","date_gmt":"2025-08-01T03:03:21","guid":{"rendered":"https:\/\/www.europesays.com\/fr\/288078\/"},"modified":"2025-08-01T03:03:21","modified_gmt":"2025-08-01T03:03:21","slug":"sous-les-applaudissements-de-wall-street-mark-zuckerberg-fait-de-la-superintelligence-le-nouvel-horizon-de-meta","status":"publish","type":"post","link":"https:\/\/www.europesays.com\/fr\/288078\/","title":{"rendered":"Sous les applaudissements de Wall Street, Mark Zuckerberg fait de la \u00ab\u00a0superintelligence\u00a0\u00bb le nouvel horizon de Meta"},"content":{"rendered":"<p>Les faramineux r\u00e9sultats publicitaires du g\u00e9ant des r\u00e9seaux sociaux financent les dizaines de milliards de dollars investis pour faire avancer la recherche en IA. Le groupe a d\u00e9bauch\u00e9 des stars du secteur pour b\u00e2tir un laboratoire d\u00e9di\u00e9.<\/p>\n<p class=\"fig-paragraph\">C\u2019est un pr\u00eache prononc\u00e9 \u00e0 la fois sur son compte Instagram,\u00a0<a href=\"https:\/\/www.meta.com\/superintelligence\/?srsltid=AfmBOoopTxFNtR0q1D47_xjylQvypi37jSlvYehmwohDP4Z-t_dIzsgw\" target=\"_blank\" rel=\"sponsored noopener\" data-gtm-custom-categorie=\"navigation\" data-gtm-custom-action=\"crossclick\" data-gtm-custom-label=\"Contextuel\" data-gtm-event=\"customEventSPE\">sur le site du groupe Meta<\/a>\u00a0et face aux analystes financiers. \u00ab\u00a0Ces derniers mois, nous avons commenc\u00e9 \u00e0 apercevoir nos syst\u00e8mes IA s\u2019autoam\u00e9liorer. Ce progr\u00e8s est lent, mais ind\u00e9niable. La superintelligence est d\u00e9sormais en vue\u00a0\u00bb, a clam\u00e9 mercredi Mark Zuckerberg, qui d\u00e9signe par ce terme les intelligences artificielles d\u00e9passant les capacit\u00e9s du cerveau humain. Le bien-fond\u00e9 de ce concept, \u00e9galement nomm\u00e9 \u00ab\u00a0IA g\u00e9n\u00e9rale\u00a0\u00bb par ses rivaux,\u00a0<a href=\"http:\/\/www.lefigaro.fr\/secteur\/high-tech\/luc-julia-nous-sommes-a-la-veille-de-la-desillusion-face-aux-ia-generatives-20250505\" data-fig-type=\"Article\" data-gtm-custom-categorie=\"navigation\" data-gtm-custom-action=\"crossclick\" data-gtm-custom-label=\"Contextuel\" data-gtm-event=\"customEventSPE\" data-fig-domain=\"LEFIGARO\" target=\"_blank\" rel=\"noopener\">fait d\u00e9bat au sein de la communaut\u00e9 scientifique<\/a>. Mais le PDG de Meta se dit \u00ab\u00a0extr\u00eamement optimiste du fait que la superintelligence aidera l\u2019humanit\u00e9 \u00e0 acc\u00e9l\u00e9rer sa marche vers le progr\u00e8s\u00a0\u00bb.<\/p>\n<p class=\"fig-paragraph\">Cette \u00ab\u00a0\u00e8re de prosp\u00e9rit\u00e9\u00a0\u00bb, o\u00f9 \u00ab\u00a0les gens passeront moins de temps devant des logiciels de productivit\u00e9, mais cr\u00e9eront plus\u00a0\u00bb, sera propuls\u00e9e par \u00ab\u00a0des superintelligences personnalis\u00e9es qui nous conna\u00eetront finement, comprendront nos buts et nous aideront \u00e0 les atteindre. Les lunettes\u2026<\/p>\n<p class=\"fig-premium-paywall__infos\">\n        Cet article est r\u00e9serv\u00e9 aux abonn\u00e9s.        Il vous reste 83% \u00e0 d\u00e9couvrir.\n    <\/p>\n<p>                <img  data- alt=\"Le Figaro\" class=\"fig-img--complete fig-img\"\/><\/p>\n<p class=\"fig-premium-paywall__title\">Vous avez envie de lire la suite ?<\/p>\n<p class=\"fig-premium-paywall__subtitle\">D\u00e9bloquez tous les articles imm\u00e9diatement.<\/p>\n<p class=\"fig-premium-paywall__connect\">\n                D\u00e9j\u00e0 abonn\u00e9\u00a0?                <a class=\"fig-premium-paywall__connect-link\" href=\"https:\/\/connect.lefigaro.fr\/login?client=horizon_web&amp;type=main&amp;redirect_uri=https%3A%2F%2Fwww.lefigaro.fr%2Fsecteur%2Fhigh-tech%2Fsous-les-applaudissements-de-wall-street-mark-zuckerberg-fait-de-la-superintelligence-le-nouvel-horizon-de-meta-20250731\" data-js-gtm=\"{&quot;customCategorie&quot;: &quot;conversion&quot;, &quot;customAction&quot;: &quot;before_Landing_Connexion_paywall_auto&quot;, &quot;customLabel&quot;: &quot;bGVmaWdhcm8uZnJfXzFmMDZkZjhiLWQ1MDktNjdiNi1hYTdmLTRmMjgxNTMzYTdkYl9fQXJ0aWNsZQ==_Sous les applaudissements de Wall Street, Mark Zuckerberg fait de la \u00ab\u00a0superintelligence\u00a0\u00bb le nouvel horizon de Meta_290&quot;, &quot;customIDSPE&quot;: &quot;bGVmaWdhcm8uZnJfXzFmMDZkZjhiLWQ1MDktNjdiNi1hYTdmLTRmMjgxNTMzYTdkYl9fQXJ0aWNsZQ==&quot;, &quot;event&quot;: &quot;customEventSPE&quot;}\" target=\"_blank\" rel=\"noopener\"><br \/>\n                    Connectez-vous<br \/>\n                <\/a>\n            <\/p>\n","protected":false},"excerpt":{"rendered":"Les faramineux r\u00e9sultats publicitaires du g\u00e9ant des r\u00e9seaux sociaux financent les dizaines de milliards de dollars investis pour&hellip;\n","protected":false},"author":2,"featured_media":288079,"comment_status":"","ping_status":"","sticky":false,"template":"","format":"standard","meta":{"footnotes":""},"categories":[2],"tags":[11,1011,27,223,4687,1016,12,143,25],"class_list":{"0":"post-288078","1":"post","2":"type-post","3":"status-publish","4":"format-standard","5":"has-post-thumbnail","7":"category-actualites","8":"tag-actualites","9":"tag-fr","10":"tag-france","11":"tag-intelligence-artificielle","12":"tag-mark-zuckerberg","13":"tag-meta","14":"tag-news","15":"tag-openai","16":"tag-republique-francaise"},"share_on_mastodon":{"url":"https:\/\/pubeurope.com\/@fr\/114951291092645834","error":""},"_links":{"self":[{"href":"https:\/\/www.europesays.com\/fr\/wp-json\/wp\/v2\/posts\/288078","targetHints":{"allow":["GET"]}}],"collection":[{"href":"https:\/\/www.europesays.com\/fr\/wp-json\/wp\/v2\/posts"}],"about":[{"href":"https:\/\/www.europesays.com\/fr\/wp-json\/wp\/v2\/types\/post"}],"author":[{"embeddable":true,"href":"https:\/\/www.europesays.com\/fr\/wp-json\/wp\/v2\/users\/2"}],"replies":[{"embeddable":true,"href":"https:\/\/www.europesays.com\/fr\/wp-json\/wp\/v2\/comments?post=288078"}],"version-history":[{"count":0,"href":"https:\/\/www.europesays.com\/fr\/wp-json\/wp\/v2\/posts\/288078\/revisions"}],"wp:featuredmedia":[{"embeddable":true,"href":"https:\/\/www.europesays.com\/fr\/wp-json\/wp\/v2\/media\/288079"}],"wp:attachment":[{"href":"https:\/\/www.europesays.com\/fr\/wp-json\/wp\/v2\/media?parent=288078"}],"wp:term":[{"taxonomy":"category","embeddable":true,"href":"https:\/\/www.europesays.com\/fr\/wp-json\/wp\/v2\/categories?post=288078"},{"taxonomy":"post_tag","embeddable":true,"href":"https:\/\/www.europesays.com\/fr\/wp-json\/wp\/v2\/tags?post=288078"}],"curies":[{"name":"wp","href":"https:\/\/api.w.org\/{rel}","templated":true}]}}