{"id":288082,"date":"2025-08-01T03:05:10","date_gmt":"2025-08-01T03:05:10","guid":{"rendered":"https:\/\/www.europesays.com\/fr\/288082\/"},"modified":"2025-08-01T03:05:10","modified_gmt":"2025-08-01T03:05:10","slug":"tour-de-france-femmes-a-quelle-heure-et-sur-quelle-chaine-tv-voir-la-7e-etape-bourg-en-bresse-chambery","status":"publish","type":"post","link":"https:\/\/www.europesays.com\/fr\/288082\/","title":{"rendered":"Tour de France femmes : \u00e0 quelle heure et sur quelle cha\u00eene TV voir la 7e \u00e9tape Bourg-en-Bresse &#8211; Chamb\u00e9ry ?"},"content":{"rendered":"<p class=\"paragraph text_align_left lp-f-body-02\">Un petit peu de r\u00e9pit au programme. Apr\u00e8s un parcours montagnard la veille et avant de s\u2019\u00e9lancer sur l\u2019\u00e9tape reine du <a href=\"https:\/\/www.leparisien.fr\/sports\/cyclisme\/tour-de-france-feminin\/\" target=\"_self\" rel=\"noopener\">Tour de France femmes<\/a>, les coureuses pourront un peu souffler ce vendredi 1er ao\u00fbt.<\/p>\n<p class=\"paragraph text_align_left lp-f-body-02\">Apr\u00e8s 100 kilom\u00e8tres de plat, elles devront s\u2019attaque aux c\u00f4tes de Saint-Franc (3,8 km \u00e0 6,9 %) et Berland (1,2 km \u00e0 7,2 %) et finir avec le col du Granier (8,9 km \u00e0 5,4 %) avant de descendre ensuite sur Chamb\u00e9ry. Un trac\u00e9 qui devrait profiter aux grimpeuses ou aux baroudeuses. C\u00f4t\u00e9 g\u00e9n\u00e9ral, cette \u00e9tape sera un moyen de creuser, ou pas, les \u00e9carts. <\/p>\n<p class=\"paragraph text_align_left lp-f-body-02\"><b>La 7e \u00e9tape entre Bourg-en-Bresse et Chamb\u00e9ry (d\u00e9part r\u00e9el 13h40) sera \u00e0 suivre \u00e0 partir de 15h35 ce vendredi 1 ao\u00fbt sur France 2 et Eurosport 1 ainsi qu\u2019en direct comment\u00e9 sur notre site <\/b><a href=\"https:\/\/www.leparisien.fr\/\" rel=\"noopener\" target=\"_blank\"><b>leparisien.fr<\/b><\/a><b>.<\/b><\/p>\n","protected":false},"excerpt":{"rendered":"Un petit peu de r\u00e9pit au programme. Apr\u00e8s un parcours montagnard la veille et avant de s\u2019\u00e9lancer sur&hellip;\n","protected":false},"author":2,"featured_media":288083,"comment_status":"","ping_status":"","sticky":false,"template":"","format":"standard","meta":{"footnotes":""},"categories":[4],"tags":[11,207,1011,27,12,25,60,26588],"class_list":{"0":"post-288082","1":"post","2":"type-post","3":"status-publish","4":"format-standard","5":"has-post-thumbnail","7":"category-france","8":"tag-actualites","9":"tag-cyclisme","10":"tag-fr","11":"tag-france","12":"tag-news","13":"tag-republique-francaise","14":"tag-sports","15":"tag-tour-de-france-feminin"},"share_on_mastodon":{"url":"https:\/\/pubeurope.com\/@fr\/114951298946294676","error":""},"_links":{"self":[{"href":"https:\/\/www.europesays.com\/fr\/wp-json\/wp\/v2\/posts\/288082","targetHints":{"allow":["GET"]}}],"collection":[{"href":"https:\/\/www.europesays.com\/fr\/wp-json\/wp\/v2\/posts"}],"about":[{"href":"https:\/\/www.europesays.com\/fr\/wp-json\/wp\/v2\/types\/post"}],"author":[{"embeddable":true,"href":"https:\/\/www.europesays.com\/fr\/wp-json\/wp\/v2\/users\/2"}],"replies":[{"embeddable":true,"href":"https:\/\/www.europesays.com\/fr\/wp-json\/wp\/v2\/comments?post=288082"}],"version-history":[{"count":0,"href":"https:\/\/www.europesays.com\/fr\/wp-json\/wp\/v2\/posts\/288082\/revisions"}],"wp:featuredmedia":[{"embeddable":true,"href":"https:\/\/www.europesays.com\/fr\/wp-json\/wp\/v2\/media\/288083"}],"wp:attachment":[{"href":"https:\/\/www.europesays.com\/fr\/wp-json\/wp\/v2\/media?parent=288082"}],"wp:term":[{"taxonomy":"category","embeddable":true,"href":"https:\/\/www.europesays.com\/fr\/wp-json\/wp\/v2\/categories?post=288082"},{"taxonomy":"post_tag","embeddable":true,"href":"https:\/\/www.europesays.com\/fr\/wp-json\/wp\/v2\/tags?post=288082"}],"curies":[{"name":"wp","href":"https:\/\/api.w.org\/{rel}","templated":true}]}}