{"id":288088,"date":"2025-08-01T03:09:13","date_gmt":"2025-08-01T03:09:13","guid":{"rendered":"https:\/\/www.europesays.com\/fr\/288088\/"},"modified":"2025-08-01T03:09:13","modified_gmt":"2025-08-01T03:09:13","slug":"atp-jannik-sinner-en-tres-bonne-compagnie-a-lentrainement","status":"publish","type":"post","link":"https:\/\/www.europesays.com\/fr\/288088\/","title":{"rendered":"ATP > Jannik Sinner en tr\u00e8s bonne compagnie \u00e0 l&rsquo;entra\u00eenement"},"content":{"rendered":"<p>Actuellement sur les courts d\u2019en\u00adtra\u00ee\u00adne\u00adment de Monte\u2010Carlo o\u00f9 il se pr\u00e9pare pour la tourn\u00e9e am\u00e9ri\u00adcaine (Masters 1000 de Cincinnati et l\u2019US Open), Jannik Sinner s\u2019est entra\u00een\u00e9 avec un parte\u00adnaire bien connu ce jeudi, en la personne de son compa\u00adtriote, Matteo Berrettini.<\/p>\n<p>Ce dernier, tout juste de retour de bles\u00adsure, a post\u00e9 un message \u00e0 la fois rassu\u00adrant sur son \u00e9tat de sant\u00e9 et \u00e9logieux pour son ami\u00a0: <strong>\u00ab\u202f\u00c9tape par \u00e9tape avec le meilleur.\u202f\u00bb<\/strong><\/p>\n<blockquote class=\"instagram-media\" data-instgrm-captioned=\"\" data-instgrm-permalink=\"https:\/\/www.instagram.com\/p\/DMxd-SjgOWg\/?utm_source=ig_embed&amp;utm_campaign=loading\" data-instgrm-version=\"14\" style=\" background:#FFF; border:0; border-radius:3px; box-shadow:0 0 1px 0 rgba(0,0,0,0.5),0 1px 10px 0 rgba(0,0,0,0.15); margin: 1px; max-width:540px; min-width:326px; padding:0; width:99.375%; width:-webkit-calc(100% - 2px); width:calc(100% - 2px);\"\/>\n<p>Pour rappel, le tournoi de Cincinnati aura lieu du 7 au 18\u00a0ao\u00fbt.\u00a0<\/p>\n<p class=\"post-published-date\" style=\"color: silver; font-size: 75%; text-align: left;\">Publi\u00e9 le jeudi 31 juillet 2025 \u00e0 16:50<\/p>\n<p><script async src=\"\/\/www.instagram.com\/embed.js\"><\/script><\/p>\n","protected":false},"excerpt":{"rendered":"Actuellement sur les courts d\u2019en\u00adtra\u00ee\u00adne\u00adment de Monte\u2010Carlo o\u00f9 il se pr\u00e9pare pour la tourn\u00e9e am\u00e9ri\u00adcaine (Masters 1000 de&hellip;\n","protected":false},"author":2,"featured_media":288089,"comment_status":"","ping_status":"","sticky":false,"template":"","format":"standard","meta":{"footnotes":""},"categories":[1415],"tags":[5795,1011,27,2127,60,1467],"class_list":{"0":"post-288088","1":"post","2":"type-post","3":"status-publish","4":"format-standard","5":"has-post-thumbnail","7":"category-tennis","8":"tag-berrettini","9":"tag-fr","10":"tag-france","11":"tag-sinner","12":"tag-sports","13":"tag-tennis"},"share_on_mastodon":{"url":"https:\/\/pubeurope.com\/@fr\/114951314645769527","error":""},"_links":{"self":[{"href":"https:\/\/www.europesays.com\/fr\/wp-json\/wp\/v2\/posts\/288088","targetHints":{"allow":["GET"]}}],"collection":[{"href":"https:\/\/www.europesays.com\/fr\/wp-json\/wp\/v2\/posts"}],"about":[{"href":"https:\/\/www.europesays.com\/fr\/wp-json\/wp\/v2\/types\/post"}],"author":[{"embeddable":true,"href":"https:\/\/www.europesays.com\/fr\/wp-json\/wp\/v2\/users\/2"}],"replies":[{"embeddable":true,"href":"https:\/\/www.europesays.com\/fr\/wp-json\/wp\/v2\/comments?post=288088"}],"version-history":[{"count":0,"href":"https:\/\/www.europesays.com\/fr\/wp-json\/wp\/v2\/posts\/288088\/revisions"}],"wp:featuredmedia":[{"embeddable":true,"href":"https:\/\/www.europesays.com\/fr\/wp-json\/wp\/v2\/media\/288089"}],"wp:attachment":[{"href":"https:\/\/www.europesays.com\/fr\/wp-json\/wp\/v2\/media?parent=288088"}],"wp:term":[{"taxonomy":"category","embeddable":true,"href":"https:\/\/www.europesays.com\/fr\/wp-json\/wp\/v2\/categories?post=288088"},{"taxonomy":"post_tag","embeddable":true,"href":"https:\/\/www.europesays.com\/fr\/wp-json\/wp\/v2\/tags?post=288088"}],"curies":[{"name":"wp","href":"https:\/\/api.w.org\/{rel}","templated":true}]}}