{"id":288090,"date":"2025-08-01T03:11:11","date_gmt":"2025-08-01T03:11:11","guid":{"rendered":"https:\/\/www.europesays.com\/fr\/288090\/"},"modified":"2025-08-01T03:11:11","modified_gmt":"2025-08-01T03:11:11","slug":"motogp-une-saison-2026-sous-les-meilleurs-auspices-le-calendrier-complet-devoile","status":"publish","type":"post","link":"https:\/\/www.europesays.com\/fr\/288090\/","title":{"rendered":"MotoGP Une saison 2026 sous les meilleurs auspices, le calendrier complet d\u00e9voil\u00e9 !"},"content":{"rendered":"<p>Avec l\u2019arriv\u00e9e du Grand-Prix du Br\u00e9sil de MotoGP et un \u00e9t\u00e9 assez \u00e9pur\u00e9, le calendrier 2026 fait d\u00e9j\u00e0 de nombreux adeptes. En effet, le programme de la prochaine saison est d\u00e9sormais connu, avec quelques changements, des dates avanc\u00e9es et un retour de l\u2019\u00e9preuve portugaise, \u00e0 Portimao, en toute fin de championnat. A savoir, juste avant la finale de Valence. Il y aura donc bien deux dates sur le vieux continent, pour conclure la campagne \u00e0 venir\u2026<\/p>\n<blockquote class=\"twitter-tweet\">\n<p dir=\"ltr\" lang=\"en\">Hear from <a href=\"https:\/\/twitter.com\/hashtag\/MotoGP?src=hash&amp;ref_src=twsrc%5Etfw\" target=\"_blank\" rel=\"noopener\">#MotoGP<\/a> Chief Sporting Officer Carlos Ezpeleta on our return to Brazil, avoiding triple headers and making a calendar focused on fans and riders \ud83d\udc40<a href=\"https:\/\/twitter.com\/hashtag\/MotoGP2026?src=hash&amp;ref_src=twsrc%5Etfw\" target=\"_blank\" rel=\"noopener\">#MotoGP2026<\/a><a href=\"https:\/\/t.co\/YwVHaGJD22\">https:\/\/t.co\/YwVHaGJD22<\/a><\/p>\n<p>\u2014 MotoGP\u2122\ud83c\udfc1 (@MotoGP) <a href=\"https:\/\/twitter.com\/MotoGP\/status\/1948363789599899663?ref_src=twsrc%5Etfw\" target=\"_blank\" rel=\"noopener\">July 24, 2025<\/a><\/p>\n<\/blockquote>\n<p>MotoGP : le Br\u00e9sil en d\u00e9but de saison 2026 !<\/p>\n<p>Pour sa part, le Grand-Prix du Br\u00e9sil de MotoGP aura lieu en d\u00e9but de saison, juste apr\u00e8s la premi\u00e8re manche de Buriram. Voici le calendrier complet et officiel 2026.<\/p>\n<tr>\n<td width=\"47\">1<\/td>\n<td width=\"104\">1 mars<\/td>\n<td width=\"227\">Tha\u00eflande<\/td>\n<td width=\"265\">Buriram<\/td>\n<\/tr>\n<tr>\n<td width=\"47\">2<\/td>\n<td width=\"104\">22 mars<\/td>\n<td width=\"227\">Br\u00e9sil<\/td>\n<td width=\"265\">Goi\u00e2nia<\/td>\n<\/tr>\n<tr>\n<td width=\"47\">3<\/td>\n<td width=\"104\">29 mars<\/td>\n<td width=\"227\">Am\u00e9riques<\/td>\n<td width=\"265\">Austin<\/td>\n<\/tr>\n<tr>\n<td width=\"47\">4<\/td>\n<td width=\"104\">12 avril<\/td>\n<td width=\"227\">Qatar<\/td>\n<td width=\"265\">Lusail<\/td>\n<\/tr>\n<tr>\n<td width=\"47\">5<\/td>\n<td width=\"104\">26 avril<\/td>\n<td width=\"227\">Espagne<\/td>\n<td width=\"265\">Jerez<\/td>\n<\/tr>\n<tr>\n<td width=\"47\">6<\/td>\n<td width=\"104\">10 mai<\/td>\n<td width=\"227\">France<\/td>\n<td width=\"265\">Le Mans<\/td>\n<\/tr>\n<tr>\n<td width=\"47\">7<\/td>\n<td width=\"104\">17 mai<\/td>\n<td width=\"227\">Catalogne<\/td>\n<td width=\"265\">Barcelone<\/td>\n<\/tr>\n<tr>\n<td width=\"47\">8<\/td>\n<td width=\"104\">31 mai<\/td>\n<td width=\"227\">Italie<\/td>\n<td width=\"265\">Mugello<\/td>\n<\/tr>\n<tr>\n<td width=\"47\">9<\/td>\n<td width=\"104\">7 juin<\/td>\n<td width=\"227\">Hongrie<\/td>\n<td width=\"265\">Balaton<\/td>\n<\/tr>\n<tr>\n<td width=\"47\">10<\/td>\n<td width=\"104\">21 juin<\/td>\n<td width=\"227\">R\u00e9publique tch\u00e8que<\/td>\n<td width=\"265\">Brno<\/td>\n<\/tr>\n<tr>\n<td width=\"47\">11<\/td>\n<td width=\"104\">28 juin<\/td>\n<td width=\"227\">Pays-Bas<\/td>\n<td width=\"265\">Assen<\/td>\n<\/tr>\n<tr>\n<td width=\"47\">12<\/td>\n<td width=\"104\">12 juillet<\/td>\n<td width=\"227\">Allemagne<\/td>\n<td width=\"265\">Sachsenring<\/td>\n<\/tr>\n<tr>\n<td width=\"47\">13<\/td>\n<td width=\"104\">9 ao\u00fbt<\/td>\n<td width=\"227\">Grande-Bretagne<\/td>\n<td width=\"265\">Silverstone<\/td>\n<\/tr>\n<tr>\n<td width=\"47\">14<\/td>\n<td width=\"104\">30 ao\u00fbt<\/td>\n<td width=\"227\">Arag\u00f3n<\/td>\n<td width=\"265\">MotorLand<\/td>\n<\/tr>\n<tr>\n<td width=\"47\">15<\/td>\n<td width=\"104\">13 septembre<\/td>\n<td width=\"227\">Saint-Marin et de la Riviera de Rimini<\/td>\n<td width=\"265\">Misano<\/td>\n<\/tr>\n<tr>\n<td width=\"47\">16<\/td>\n<td width=\"104\">20 septembre<\/td>\n<td width=\"227\">Autriche<\/td>\n<td width=\"265\">Spielberg<\/td>\n<\/tr>\n<tr>\n<td width=\"47\">17<\/td>\n<td width=\"104\">4 octobre<\/td>\n<td width=\"227\">Japon<\/td>\n<td width=\"265\">Motegi<\/td>\n<\/tr>\n<tr>\n<td width=\"47\">18<\/td>\n<td width=\"104\">11 octobre<\/td>\n<td width=\"227\">Indon\u00e9sie<\/td>\n<td width=\"265\">Mandalika<\/td>\n<\/tr>\n<tr>\n<td width=\"47\">19<\/td>\n<td width=\"104\">25 octobre<\/td>\n<td width=\"227\">Australie<\/td>\n<td width=\"265\">Phillip Island<\/td>\n<\/tr>\n<tr>\n<td width=\"47\">20<\/td>\n<td width=\"104\">1 novembre<\/td>\n<td width=\"227\">Malaisie<\/td>\n<td width=\"265\">Sepang<\/td>\n<\/tr>\n<tr>\n<td width=\"47\">21<\/td>\n<td width=\"104\">15 novembre<\/td>\n<td width=\"227\">Portugal<\/td>\n<td width=\"265\">Portim\u00e3o<\/td>\n<\/tr>\n<tr>\n<td width=\"47\">22<\/td>\n<td width=\"104\">22 novembre<\/td>\n<td width=\"227\">Valence<\/td>\n<td width=\"265\">Cheste<\/td>\n<\/tr>\n<p>\u00a0<\/p>\n<blockquote class=\"wp-embedded-content\" data-secret=\"v9cl95XOQ3\">\n<p><a href=\"https:\/\/lemagsportauto.ouest-france.fr\/test-motogp-25-regorge-de-nouveautes-qui-en-font-un-jeu-video-epoustouflant\/103904\/\" target=\"_blank\" rel=\"noopener\">TEST. MotoGP 25 regorge de nouveaut\u00e9s qui en font un jeu vid\u00e9o \u00e9poustouflant !<\/a><\/p>\n<\/blockquote>\n<p>Article publi\u00e9 le 31\/05\/2025 \u00e0 17h26<\/p>\n<p>                                            <img loading=\"lazy\" alt=\"\" class=\"avatar avatar-100 photo lazyload\" height=\"100\" width=\"100\" decoding=\"async\" src=\"https:\/\/www.europesays.com\/fr\/wp-content\/uploads\/2025\/08\/ffbb894c35ea5189d599d4ea062c98b86ffb67cc602fa683ebcbf422a80fc47a\"  data-eio-rwidth=\"100\" data-eio-rheight=\"100\"\/><\/p>\n<p class=\"h2\">\n                                            Julien Barthet\n                                        <\/p>\n<p>R\u00e9dacteur professionnel, titulaire de la carte de presse pendant 3 ans. Fondateur\/Directeur et R\u00e9dacteur en chef Le Mag Sport Auto et LeMagJeuxHighTech.com.&#13;<br \/>\nEx-Pilote automobile : 55 courses (Formule Ford, F.Campus, Coupe 206 Sprint et Relais, Saxo, Ford Fiesta Allemagne, Mitjet) 1 Victoire. Essais F3, Nascar Euro, Caterham, F.Renault, etc.<\/p>\n<p>                                                                                                                            <a href=\"https:\/\/lemagsportauto.ouest-france.fr\/author\/lmsa_adm\/\" title=\"Julien Barthet\" target=\"_blank\" rel=\"noopener\"><br \/>\n                                                Voir les publications de l&rsquo;auteur<br \/>\n                                            <\/a><\/p>\n<p>                                <script async src=\"https:\/\/platform.twitter.com\/widgets.js\" charset=\"utf-8\"><\/script><\/p>\n","protected":false},"excerpt":{"rendered":"Avec l\u2019arriv\u00e9e du Grand-Prix du Br\u00e9sil de MotoGP et un \u00e9t\u00e9 assez \u00e9pur\u00e9, le calendrier 2026 fait d\u00e9j\u00e0&hellip;\n","protected":false},"author":2,"featured_media":288091,"comment_status":"","ping_status":"","sticky":false,"template":"","format":"standard","meta":{"footnotes":""},"categories":[1413],"tags":[525,1011,27,1457,1456,1458,60],"class_list":{"0":"post-288090","1":"post","2":"type-post","3":"status-publish","4":"format-standard","5":"has-post-thumbnail","7":"category-moto","8":"tag-calendrier","9":"tag-fr","10":"tag-france","11":"tag-moto","12":"tag-motocycle","13":"tag-motogp","14":"tag-sports"},"share_on_mastodon":{"url":"https:\/\/pubeurope.com\/@fr\/114951322586166523","error":""},"_links":{"self":[{"href":"https:\/\/www.europesays.com\/fr\/wp-json\/wp\/v2\/posts\/288090","targetHints":{"allow":["GET"]}}],"collection":[{"href":"https:\/\/www.europesays.com\/fr\/wp-json\/wp\/v2\/posts"}],"about":[{"href":"https:\/\/www.europesays.com\/fr\/wp-json\/wp\/v2\/types\/post"}],"author":[{"embeddable":true,"href":"https:\/\/www.europesays.com\/fr\/wp-json\/wp\/v2\/users\/2"}],"replies":[{"embeddable":true,"href":"https:\/\/www.europesays.com\/fr\/wp-json\/wp\/v2\/comments?post=288090"}],"version-history":[{"count":0,"href":"https:\/\/www.europesays.com\/fr\/wp-json\/wp\/v2\/posts\/288090\/revisions"}],"wp:featuredmedia":[{"embeddable":true,"href":"https:\/\/www.europesays.com\/fr\/wp-json\/wp\/v2\/media\/288091"}],"wp:attachment":[{"href":"https:\/\/www.europesays.com\/fr\/wp-json\/wp\/v2\/media?parent=288090"}],"wp:term":[{"taxonomy":"category","embeddable":true,"href":"https:\/\/www.europesays.com\/fr\/wp-json\/wp\/v2\/categories?post=288090"},{"taxonomy":"post_tag","embeddable":true,"href":"https:\/\/www.europesays.com\/fr\/wp-json\/wp\/v2\/tags?post=288090"}],"curies":[{"name":"wp","href":"https:\/\/api.w.org\/{rel}","templated":true}]}}