{"id":288099,"date":"2025-08-01T03:17:11","date_gmt":"2025-08-01T03:17:11","guid":{"rendered":"https:\/\/www.europesays.com\/fr\/288099\/"},"modified":"2025-08-01T03:17:11","modified_gmt":"2025-08-01T03:17:11","slug":"hommage-a-saissac-un-livre-illustre-devoile-lhistoire-du-village-et-les-tresors-de-la-montagne-noire","status":"publish","type":"post","link":"https:\/\/www.europesays.com\/fr\/288099\/","title":{"rendered":"Hommage \u00e0 Saissac\u00a0: un livre illustr\u00e9 d\u00e9voile l\u2019histoire du village et les tr\u00e9sors de la montagne Noire"},"content":{"rendered":"<p>\u00ab\u00a0L\u2019histoire de la montagne Noire n\u2019a pas de secrets\u00a0\u00bb, aime \u00e0 dire Paul Palau, le photographe catalan adopt\u00e9 depuis toujours par les Audois et amoureux fou de notre belle r\u00e9gion. Alors autant coucher sur le papier ses plus belles photos r\u00e9alis\u00e9es par lui et par sa compagne Nathalie Nahoum, disciple d\u2019Henri-Cartier Bresson \u00e9galement. Avec la b\u00e9n\u00e9diction du maire de Saissac Eric B\u00e9teille, l\u2019id\u00e9e un livre illustrant son village et sa r\u00e9gion est n\u00e9e il y a un an. D\u00e9j\u00e0 auteur de nombreux clich\u00e9s, le couple a travaill\u00e9 depuis l\u2019hiver sur des prises de vues dans Saissac et ses environs (lac du Lampy, rigole de la montagne Noire\u2026). Il fallait une plume, ce fut celle de Marie-Elise Gardel, arch\u00e9ologue qui a beaucoup fait de recherches sur ce village. Le livre a \u00e9t\u00e9 \u00e9dit\u00e9 en tout d\u00e9but de mois dans leur maison d\u2019\u00e9dition, \u00ab\u00a0Vu d\u2019Ici\u00a0\u00bb, \u00e0 la suite d\u2019un premier consacr\u00e9 \u00e0 Montolieu. La pr\u00e9sentation officielle a eu lieu il y a une dizaine de jours dans l\u2019enceinte m\u00eame du ch\u00e2teau de Saissac. Une r\u00e9ussite qui a r\u00e9uni pr\u00e8s de 300 personnes autour d\u2019une soir\u00e9e tr\u00e8s riche.<\/p>\n<p>Le premier tirage est d\u00e9j\u00e0 presque \u00e9puis\u00e9<\/p>\n<p>Apr\u00e8s l\u2019incontournable ap\u00e9ritif de bienvenue, le musicien local Bernard Revel et son \u00e9pouse Fr\u00e9d\u00e9rike se sont mu\u00e9s en troubadours avant que l\u2019historienne m\u00e9di\u00e9vale n\u2019encha\u00eene sur une petite conf\u00e9rence. \u00ab\u00a0Mes recherches ont permis la d\u00e9couverte du village castral en contrebas du ch\u00e2teau, qui \u00e9tait bien au-dessus du village du XIe au XIIIe\u00a0si\u00e8cle. Ce n\u2019est qu\u2019apr\u00e8s la croisade des Albigeois que le village a \u00e9t\u00e9 d\u00e9plac\u00e9 \u00e0 son emplacement actuel. Quant \u00e0 l\u2019\u00e9glise du village, c\u2019est probablement l\u2019ancienne abbatiale Sainte-Marie de Vernassonne et non Sainte-Marie de Campras, trop petite. Cette histoire et ces vestiges m\u00e9ritent d\u2019\u00eatre connus et mis en valeur\u00a0\u00bb, rapportait Marie-Elsie Gardel. La seconde partie de la soir\u00e9e a \u00e9t\u00e9 le cadre des tr\u00e8s beaux films de Paul Palau. Sept th\u00e8mes diff\u00e9rents retra\u00e7ant l\u2019histoire, le patrimoine m\u00e9di\u00e9val, l\u2019ethnographie, o\u00f9 des \u00ab\u00a0anciens\u00a0\u00bb\u00a0ont \u00e9t\u00e9 interview\u00e9s, l\u2019omnipr\u00e9sence de l\u2019eau dans la r\u00e9gion et l\u2019origine du canal du Midi.<\/p>\n<p>L\u2019ouvrage, d\u2019un peu plus de 200 pages, est illustr\u00e9 d\u2019autant de photographies magnifiques qui invitent le lecteur \u00e0 d\u00e9couvrir ou red\u00e9couvrir les tr\u00e9sors de cette partie du d\u00e9partement aux multiples facettes\u00a0: un espace naturel insoup\u00e7onn\u00e9 avec le secret de ses for\u00eats, de ses lacs, l\u2019histoire de ses moulins, de son ch\u00e2teau, des ruelles m\u00e9di\u00e9vales. Le premier tirage est d\u00e9j\u00e0 presque \u00e9puis\u00e9. Vous pouvez n\u00e9anmoins vous procurer le livre dans la boutique du ch\u00e2teau de Saissac, \u00e0 l\u2019\u00e9picerie des Tours dans le village, \u00e0 Carcassonne (librairies Breithaupt et Mots et Cie) et directement en appelant le 06\u00a030\u00a026\u00a081\u00a063 (prix public 29\u00a0\u20ac).<\/p>\n","protected":false},"excerpt":{"rendered":"\u00ab\u00a0L\u2019histoire de la montagne Noire n\u2019a pas de secrets\u00a0\u00bb, aime \u00e0 dire Paul Palau, le photographe catalan adopt\u00e9&hellip;\n","protected":false},"author":2,"featured_media":288100,"comment_status":"","ping_status":"","sticky":false,"template":"","format":"standard","meta":{"footnotes":""},"categories":[1357],"tags":[1379,58,59,1011,27,1380],"class_list":{"0":"post-288099","1":"post","2":"type-post","3":"status-publish","4":"format-standard","5":"has-post-thumbnail","7":"category-livres","8":"tag-books","9":"tag-divertissement","10":"tag-entertainment","11":"tag-fr","12":"tag-france","13":"tag-livres"},"share_on_mastodon":{"url":"https:\/\/pubeurope.com\/@fr\/114951346360825742","error":""},"_links":{"self":[{"href":"https:\/\/www.europesays.com\/fr\/wp-json\/wp\/v2\/posts\/288099","targetHints":{"allow":["GET"]}}],"collection":[{"href":"https:\/\/www.europesays.com\/fr\/wp-json\/wp\/v2\/posts"}],"about":[{"href":"https:\/\/www.europesays.com\/fr\/wp-json\/wp\/v2\/types\/post"}],"author":[{"embeddable":true,"href":"https:\/\/www.europesays.com\/fr\/wp-json\/wp\/v2\/users\/2"}],"replies":[{"embeddable":true,"href":"https:\/\/www.europesays.com\/fr\/wp-json\/wp\/v2\/comments?post=288099"}],"version-history":[{"count":0,"href":"https:\/\/www.europesays.com\/fr\/wp-json\/wp\/v2\/posts\/288099\/revisions"}],"wp:featuredmedia":[{"embeddable":true,"href":"https:\/\/www.europesays.com\/fr\/wp-json\/wp\/v2\/media\/288100"}],"wp:attachment":[{"href":"https:\/\/www.europesays.com\/fr\/wp-json\/wp\/v2\/media?parent=288099"}],"wp:term":[{"taxonomy":"category","embeddable":true,"href":"https:\/\/www.europesays.com\/fr\/wp-json\/wp\/v2\/categories?post=288099"},{"taxonomy":"post_tag","embeddable":true,"href":"https:\/\/www.europesays.com\/fr\/wp-json\/wp\/v2\/tags?post=288099"}],"curies":[{"name":"wp","href":"https:\/\/api.w.org\/{rel}","templated":true}]}}