{"id":288107,"date":"2025-08-01T03:21:14","date_gmt":"2025-08-01T03:21:14","guid":{"rendered":"https:\/\/www.europesays.com\/fr\/288107\/"},"modified":"2025-08-01T03:21:14","modified_gmt":"2025-08-01T03:21:14","slug":"il-y-a-un-age-ou-il-faut-arreter-de-boire-de-la-biere-et-un-neurologue-le-confirme","status":"publish","type":"post","link":"https:\/\/www.europesays.com\/fr\/288107\/","title":{"rendered":"Il y a un \u00e2ge o\u00f9 il faut arr\u00eater de boire de la bi\u00e8re et un neurologue le confirme"},"content":{"rendered":"<p>La consommation de boissons alcoolis\u00e9es reste profond\u00e9ment ancr\u00e9e dans les pratiques culturelles fran\u00e7aises. Pourtant, ces boissons constituent une cause importante de mortalit\u00e9 et de morbidit\u00e9 dans notre pays, et ailleurs. En 2015, selon les chiffres de Sant\u00e9 Publique France, 41 000 d\u00e9c\u00e8s ont \u00e9t\u00e9 attribuables \u00e0 l\u2019alcool, dont 16 000 d\u00e9c\u00e8s par cancers, 9 900 d\u00e9c\u00e8s par maladies cardiovasculaires, 6 800 par maladies digestives, 5 400 pour une cause externe (accident ou suicide) et plus de 3 000 pour une autre maladie (maladies mentales, troubles du comportement, etc.). Et les effets n\u00e9fastes ne s\u2019arr\u00eatent pas \u00e0 la mortalit\u00e9. La bi\u00e8re, bien que tr\u00e8s appr\u00e9ci\u00e9e, devrait \u00eatre consomm\u00e9e avec mod\u00e9ration, notamment apr\u00e8s l\u2019\u00e2ge de 65 ans. Selon le neurologue, neuropsychiatre, auteur et professeur am\u00e9ricain Richard Restak, une consommation excessive de bi\u00e8re pourrait entra\u00eener des probl\u00e8mes de m\u00e9moire, un d\u00e9clin mental, voire une d\u00e9mence.<\/p>\n<p>Le neurologue a plac\u00e9 l\u2019\u00e2ge limite \u00e0 65 ans<\/p>\n<p>Dans son livre The Complete Guide to Memory: The Science of Strengthening Your Mind, il explique que l\u2019alcool alt\u00e8re sans distinction les fonctions c\u00e9r\u00e9brales. Il s\u2019agit d\u2019une \u00ab neurotoxine tr\u00e8s faible \u00bb, qui perturbe la communication entre les neurones. Le neurologue a plac\u00e9 l\u2019\u00e2ge limite \u00e0 65 ans car il s\u2019agit d\u2019une p\u00e9riode o\u00f9 le corps perd des neurones plus rapidement. Le d\u00e9clin mental s\u2019acc\u00e9l\u00e8re, et \u00ab il est essentiel de s\u2019abstenir (&#8230;)<a href=\"https:\/\/www.topsante.com\/medecine\/maladies_neurologiques\/alzheimer\/il-y-a-un-age-ou-il-faut-arreter-de-boire-de-la-biere-et-un-neurologue-le-confirme-897638?utm_campaign=partenariat&amp;utm_source=yahoo-articles&amp;utm_medium=flux\" rel=\"nofollow noopener\" target=\"_blank\" data-ylk=\"slk:Lire la suite sur Top Sant\u00e9;elm:context_link;itc:0;sec:content-canvas\" class=\"link \">Lire la suite sur Top Sant\u00e9<\/a><a href=\"https:\/\/www.topsante.com\/medecine\/rhumatologie\/goutte\/les-chercheurs-decouvrent-une-grande-cause-de-la-goutte-et-les-malades-n-y-peuvent-rien-896874?utm_campaign=partenariat&amp;utm_source=yahoo-articles&amp;utm_medium=flux\" rel=\"nofollow noopener\" target=\"_blank\" data-ylk=\"slk:Les chercheurs d\u00e9couvrent une grande cause de la goutte, et les malades n&#039;y peuvent rien;elm:context_link;itc:0;sec:content-canvas\" class=\"link \">Les chercheurs d\u00e9couvrent une grande cause de la goutte, et les malades n&rsquo;y peuvent rien<\/a><br \/><a href=\"https:\/\/www.topsante.com\/medecine\/maladies_neurologiques\/ce-simple-test-permettrait-de-detecter-la-maladie-de-parkinson-jusqua-7-ans-avant-lapparition-des-symptomes-922629?utm_campaign=partenariat&amp;utm_source=yahoo-articles&amp;utm_medium=flux\" rel=\"nofollow noopener\" target=\"_blank\" data-ylk=\"slk:Ce simple test permettrait de d\u00e9tecter la maladie de Parkinson jusqu&#039;\u00e0 7 ans avant l&#039;apparition des sympt\u00f4mes;elm:context_link;itc:0;sec:content-canvas\" class=\"link \">Ce simple test permettrait de d\u00e9tecter la maladie de Parkinson jusqu&rsquo;\u00e0 7 ans avant l&rsquo;apparition des sympt\u00f4mes<\/a><br \/><a href=\"https:\/\/www.topsante.com\/medecine\/cancers\/le-sucre-nourrit-il-le-cancer-un-physicien-repond-une-fois-pour-de-bon-922543?utm_campaign=partenariat&amp;utm_source=yahoo-articles&amp;utm_medium=flux\" rel=\"nofollow noopener\" target=\"_blank\" data-ylk=\"slk:Le sucre nourrit-il le cancer ? Un physicien r\u00e9pond une fois pour de bon;elm:context_link;itc:0;sec:content-canvas\" class=\"link \">Le sucre nourrit-il le cancer ? Un physicien r\u00e9pond une fois pour de bon<\/a><br \/><a href=\"https:\/\/www.topsante.com\/medecine\/cancers\/cet-aliment-de-lete-potentiellement-cancerogene-pose-question-jessaie-de-nen-manger-quoccasionnellement-assure-une-dieteticienne-922600?utm_campaign=partenariat&amp;utm_source=yahoo-articles&amp;utm_medium=flux\" rel=\"nofollow noopener\" target=\"_blank\" data-ylk=\"slk:Cet aliment de l&#039;\u00e9t\u00e9, potentiellement canc\u00e9rog\u00e8ne, pose question : &quot;J&#039;essaie de n&#039;en manger qu&#039;occasionnellement&quot;, assure une di\u00e9t\u00e9ticienne;elm:context_link;itc:0;sec:content-canvas\" class=\"link \">Cet aliment de l&rsquo;\u00e9t\u00e9, potentiellement canc\u00e9rog\u00e8ne, pose question : \u00ab\u00a0J&rsquo;essaie de n&rsquo;en manger qu&rsquo;occasionnellement\u00a0\u00bb, assure une di\u00e9t\u00e9ticienne<\/a><br \/><a href=\"https:\/\/www.topsante.com\/medecine\/maladies_neurologiques\/alzheimer\/un-neurologue-alerte-si-vous-avez-ce-symptome-la-nuit-cest-un-probleme-plus-grave-quon-ne-le-pense-922590?utm_campaign=partenariat&amp;utm_source=yahoo-articles&amp;utm_medium=flux\" rel=\"nofollow noopener\" target=\"_blank\" data-ylk=\"slk:Un neurologue alerte : &quot;Si vous avez ce sympt\u00f4me la nuit, c\u2019est un probl\u00e8me plus grave qu\u2019on ne le pense&quot;;elm:context_link;itc:0;sec:content-canvas\" class=\"link \">Un neurologue alerte : \u00ab\u00a0Si vous avez ce sympt\u00f4me la nuit, c\u2019est un probl\u00e8me plus grave qu\u2019on ne le pense\u00a0\u00bb<\/a><\/p>\n","protected":false},"excerpt":{"rendered":"La consommation de boissons alcoolis\u00e9es reste profond\u00e9ment ancr\u00e9e dans les pratiques culturelles fran\u00e7aises. Pourtant, ces boissons constituent une&hellip;\n","protected":false},"author":2,"featured_media":288108,"comment_status":"","ping_status":"","sticky":false,"template":"","format":"standard","meta":{"footnotes":""},"categories":[10],"tags":[42670,1011,27,72,42672,42671,71],"class_list":{"0":"post-288107","1":"post","2":"type-post","3":"status-publish","4":"format-standard","5":"has-post-thumbnail","7":"category-sante","8":"tag-boissons-alcoolisees","9":"tag-fr","10":"tag-france","11":"tag-health","12":"tag-neurologue","13":"tag-pratiques-culturelles","14":"tag-sante"},"share_on_mastodon":{"url":"https:\/\/pubeurope.com\/@fr\/114951362211223630","error":""},"_links":{"self":[{"href":"https:\/\/www.europesays.com\/fr\/wp-json\/wp\/v2\/posts\/288107","targetHints":{"allow":["GET"]}}],"collection":[{"href":"https:\/\/www.europesays.com\/fr\/wp-json\/wp\/v2\/posts"}],"about":[{"href":"https:\/\/www.europesays.com\/fr\/wp-json\/wp\/v2\/types\/post"}],"author":[{"embeddable":true,"href":"https:\/\/www.europesays.com\/fr\/wp-json\/wp\/v2\/users\/2"}],"replies":[{"embeddable":true,"href":"https:\/\/www.europesays.com\/fr\/wp-json\/wp\/v2\/comments?post=288107"}],"version-history":[{"count":0,"href":"https:\/\/www.europesays.com\/fr\/wp-json\/wp\/v2\/posts\/288107\/revisions"}],"wp:featuredmedia":[{"embeddable":true,"href":"https:\/\/www.europesays.com\/fr\/wp-json\/wp\/v2\/media\/288108"}],"wp:attachment":[{"href":"https:\/\/www.europesays.com\/fr\/wp-json\/wp\/v2\/media?parent=288107"}],"wp:term":[{"taxonomy":"category","embeddable":true,"href":"https:\/\/www.europesays.com\/fr\/wp-json\/wp\/v2\/categories?post=288107"},{"taxonomy":"post_tag","embeddable":true,"href":"https:\/\/www.europesays.com\/fr\/wp-json\/wp\/v2\/tags?post=288107"}],"curies":[{"name":"wp","href":"https:\/\/api.w.org\/{rel}","templated":true}]}}