{"id":288117,"date":"2025-08-01T03:26:14","date_gmt":"2025-08-01T03:26:14","guid":{"rendered":"https:\/\/www.europesays.com\/fr\/288117\/"},"modified":"2025-08-01T03:26:14","modified_gmt":"2025-08-01T03:26:14","slug":"trump-exprime-une-nouvelle-fois-sa-colere-contre-la-russie-de-poutine","status":"publish","type":"post","link":"https:\/\/www.europesays.com\/fr\/288117\/","title":{"rendered":"Trump exprime une nouvelle fois sa col\u00e8re contre la Russie de Poutine"},"content":{"rendered":"<p>La frustration de <a href=\"https:\/\/www.20minutes.fr\/dossier\/donald_trump\" target=\"_blank\" class=\"color-ultramarine c-link\" rel=\"noopener\">Donald Trump<\/a> continue de monter vis-\u00e0-vis du ma\u00eetre du Kremlin. Il faut dire que malgr\u00e9 sa promesse de campagne de faire mieux que Joe Biden sur l\u2019<a href=\"https:\/\/www.20minutes.fr\/monde\/ukraine\/\" target=\"_blank\" class=\"color-ultramarine c-link\" rel=\"noopener\">Ukraine<\/a>, le locataire de la Maison-Blanche ne parvient pas \u00e0 obtenir de <a href=\"https:\/\/www.20minutes.fr\/monde\/vladimir_poutine\/\" target=\"_blank\" class=\"color-ultramarine c-link\" rel=\"noopener\">Vladimir Poutine<\/a> la fin d\u00e9finitive des combats.<\/p>\n<p>Le pr\u00e9sident des <a href=\"https:\/\/www.20minutes.fr\/monde\/etats-unis\/\" target=\"_blank\" class=\"color-ultramarine c-link\" rel=\"noopener\">Etats-Unis<\/a> a ainsi qualifi\u00e9 jeudi d&rsquo;\u00ab\u00a0\u00e9c\u0153urante\u00a0\u00bb la derni\u00e8re vague d\u2019attaques russes sur l\u2019Ukraine, apr\u00e8s des bombardements sur Kiev ayant fait au moins 16 morts.<\/p>\n<p>L\u2019\u00e9missaire sp\u00e9cial de Trump bient\u00f4t en Russie<\/p>\n<p>En col\u00e8re donc, Donald Trump en a profit\u00e9 pour confirmer qu\u2019il allait bien prendre des sanctions contre la <a href=\"https:\/\/www.20minutes.fr\/monde\/russie\/\" target=\"_blank\" class=\"color-ultramarine c-link\" rel=\"noopener\">Russie<\/a>, d\u00e9clarant\u00a0: \u00ab\u00a0Je ne sais pas si cela va avoir un impact, mais nous allons le faire.\u00a0\u00bb Mais il a aussi lanc\u00e9 que son \u00e9missaire sp\u00e9cial Steve Witkoff, en d\u00e9placement en Isra\u00ebl en ce moment, se rendrait ensuite en Russie. Celui-ci a d\u00e9j\u00e0 rencontr\u00e9 \u00e0 plusieurs reprises Vladimir Poutine.<\/p>\n<\/p>\n<p>\u00ab\u00a0Nous allons imposer des sanctions. Je ne sais pas si les sanctions le d\u00e9rangent\u00a0\u00bb, a encore d\u00e9clar\u00e9 le pr\u00e9sident am\u00e9ricain jeudi. Il a donn\u00e9 jusqu\u2019\u00e0 la fin de la semaine prochaine \u00e0 la Russie pour cesser les hostilit\u00e9s en Ukraine, sous peine de dures sanctions \u00e9conomiques.<\/p>\n<p>L\u2019Inde dans le viseur am\u00e9ricain<\/p>\n<p>Le pr\u00e9sident am\u00e9ricain envisage en particulier des sanctions dites \u00ab\u00a0secondaires\u00a0\u00bb, c\u2019est-\u00e0-dire inflig\u00e9es aux pays qui ach\u00e8tent notamment du p\u00e9trole russe, dans le but de tarir cette source de revenus essentiels pour la machine de guerre russe. Donald Trump a en particulier critiqu\u00e9 l\u2019<a href=\"https:\/\/www.20minutes.fr\/dossier\/inde\" target=\"_blank\" class=\"color-ultramarine c-link\" rel=\"noopener\">Inde<\/a> pour ses achats d\u2019hydrocarbures et d\u2019armement russes.<\/p>\n<p><a href=\"https:\/\/www.20minutes.fr\/monde\/ukraine\/\" rel=\"nofollow noopener\" class=\"c-link c-btn c-btn--primary\" target=\"_blank\">Notre dossier sur la Guerre en Ukraine<\/a><\/p>\n<p>Le r\u00e9publicain avait op\u00e9r\u00e9 peu apr\u00e8s son retour au pouvoir en janvier un rapprochement spectaculaire avec Vladimir Poutine, persuad\u00e9 que sa bonne relation avec le dirigeant russe lui permettrait d\u2019arr\u00eater rapidement la guerre en Ukraine. Cette promesse a depuis fait long feu.<\/p>\n","protected":false},"excerpt":{"rendered":"La frustration de Donald Trump continue de monter vis-\u00e0-vis du ma\u00eetre du Kremlin. Il faut dire que malgr\u00e9&hellip;\n","protected":false},"author":2,"featured_media":288118,"comment_status":"","ping_status":"","sticky":false,"template":"","format":"standard","meta":{"footnotes":""},"categories":[5],"tags":[47,11,75,73,1011,27,131,5595,14,74,12,132,133,135,134,28],"class_list":{"0":"post-288117","1":"post","2":"type-post","3":"status-publish","4":"format-standard","5":"has-post-thumbnail","7":"category-international","8":"tag-actualite","9":"tag-actualites","10":"tag-donald-trump","11":"tag-etats-unis","12":"tag-fr","13":"tag-france","14":"tag-guerre-en-ukraine","15":"tag-inde","16":"tag-international","17":"tag-monde","18":"tag-news","19":"tag-russie","20":"tag-video","21":"tag-vladimir-poutine","22":"tag-volodymyr-zelensky","23":"tag-world"},"share_on_mastodon":{"url":"https:\/\/pubeurope.com\/@fr\/114951381546269137","error":""},"_links":{"self":[{"href":"https:\/\/www.europesays.com\/fr\/wp-json\/wp\/v2\/posts\/288117","targetHints":{"allow":["GET"]}}],"collection":[{"href":"https:\/\/www.europesays.com\/fr\/wp-json\/wp\/v2\/posts"}],"about":[{"href":"https:\/\/www.europesays.com\/fr\/wp-json\/wp\/v2\/types\/post"}],"author":[{"embeddable":true,"href":"https:\/\/www.europesays.com\/fr\/wp-json\/wp\/v2\/users\/2"}],"replies":[{"embeddable":true,"href":"https:\/\/www.europesays.com\/fr\/wp-json\/wp\/v2\/comments?post=288117"}],"version-history":[{"count":0,"href":"https:\/\/www.europesays.com\/fr\/wp-json\/wp\/v2\/posts\/288117\/revisions"}],"wp:featuredmedia":[{"embeddable":true,"href":"https:\/\/www.europesays.com\/fr\/wp-json\/wp\/v2\/media\/288118"}],"wp:attachment":[{"href":"https:\/\/www.europesays.com\/fr\/wp-json\/wp\/v2\/media?parent=288117"}],"wp:term":[{"taxonomy":"category","embeddable":true,"href":"https:\/\/www.europesays.com\/fr\/wp-json\/wp\/v2\/categories?post=288117"},{"taxonomy":"post_tag","embeddable":true,"href":"https:\/\/www.europesays.com\/fr\/wp-json\/wp\/v2\/tags?post=288117"}],"curies":[{"name":"wp","href":"https:\/\/api.w.org\/{rel}","templated":true}]}}