{"id":288125,"date":"2025-08-01T03:34:12","date_gmt":"2025-08-01T03:34:12","guid":{"rendered":"https:\/\/www.europesays.com\/fr\/288125\/"},"modified":"2025-08-01T03:34:12","modified_gmt":"2025-08-01T03:34:12","slug":"jouvre-la-fenetre-je-ne-suis-pas-a-la-poncette-ce-quartier-emblematique-de-toulon-a-ete-totalement-renove","status":"publish","type":"post","link":"https:\/\/www.europesays.com\/fr\/288125\/","title":{"rendered":"\u00ab\u00a0J\u2019ouvre la fen\u00eatre, je ne suis pas \u00e0 la Poncette!\u00a0\u00bb: ce quartier embl\u00e9matique de Toulon a \u00e9t\u00e9 totalement r\u00e9nov\u00e9"},"content":{"rendered":"<p>Un city-stade, un parc pour enfants, des plantations au bas des immeubles et des b\u00e2timents r\u00e9nov\u00e9s: l\u2019op\u00e9ration Poncette a mobilis\u00e9 pr\u00e8s de six millions d\u2019euros de budget pour redonner un \u00ab\u00a0coup de frais\u00a0\u00bb \u00e0 ce quartier embl\u00e9matique de Toulon.<\/p>\n<p>Mercredi, la maire de Toulon, Jos\u00e9e Massi, a fait une visite de cl\u00f4ture du chantier au quartier de La Poncette, accompagn\u00e9e de son adjoint au logement, Mohamed Mahali, par ailleurs pr\u00e9sident de Toulon Habitat M\u00e9diterran\u00e9e (THM).<\/p>\n<p>C\u2019est justement cet organisme qui a pilot\u00e9 cette op\u00e9ration de bout en bout, d\u00e9but\u00e9e fin 2023.<\/p>\n<p>\u00ab\u00a0Je red\u00e9couvre mon quartier\u00a0\u00bb<\/p>\n<p>\u00ab\u00a0Pr\u00e8s de six millions d\u2019euros ont \u00e9t\u00e9 investis, sans augmentation de loyer pour les habitants, explique Mohamed Mahali. Cela correspond \u00e0 la prise en charge de 198 logements et la r\u00e9habilitation de plusieurs immeubles, des parties communes et des espaces verts.\u00a0\u00bb<\/p>\n<p>Durant la d\u00e9ambulation, la maire a crois\u00e9 des habitants parmi lesquels une m\u00e8re de famille pr\u00e9sente \u00e0 la Poncette depuis quarante ans! \u00ab\u00a0J\u2019ai connu ce quartier tr\u00e8s beau et puis \u00e7a s\u2019est d\u00e9grad\u00e9 au fil des ann\u00e9es. L\u00e0, je le red\u00e9couvre. Le matin, j\u2019ouvre ma fen\u00eatre, je ne suis pas \u00e0 La Poncette!\u00a0\u00bb<\/p>\n<p>              <img ci-src=\"https:\/\/www.varmatin.com\/vie-locale\/protec\/DATA_ART_16004209-YKHQPNli.jpg?vh=34bd3b&amp;ci_seal=7584954edc\" alt=\"\"\/><br \/>\n         <strong>Photo F. D..<\/strong> <\/p>\n<p>En ext\u00e9rieur, des parkings suppl\u00e9mentaires ont \u00e9t\u00e9 cr\u00e9\u00e9s (172 places existent au total). Les fa\u00e7ades ont \u00e9t\u00e9 refaites et une isolation thermique par l\u2019ext\u00e9rieur a \u00e9t\u00e9 mise en place.<\/p>\n<p>Concernant les toitures, l\u2019\u00e9tanch\u00e9it\u00e9 a \u00e9t\u00e9 revue et des garde-corps ont \u00e9t\u00e9 install\u00e9s.<\/p>\n<p>City stade flambant neuf<\/p>\n<p>Pour les parties communes, une r\u00e9ception TV par satellite collective a \u00e9t\u00e9 install\u00e9e. Cela \u00e9vite que les antennes individuelles pullulent sur les balcons. <\/p>\n<p>\u00ab\u00a0Les portes de halls et des interphones ont \u00e9t\u00e9 remplac\u00e9s pour une meilleure s\u00e9curisation des acc\u00e8s aux b\u00e2timents. Quelques-unes restent \u00e0 faire mais tout sera pr\u00eat \u00e0 la rentr\u00e9e\u00a0\u00bb, commente Philippe Catalan, directeur du d\u00e9veloppement \u00e0 THM, qui a supervis\u00e9 le projet sur place.<\/p>\n<p>Une chaudi\u00e8re individuelle \u00e0 gaz assurant la production de chauffage et d\u2019eau chaude a \u00e9t\u00e9 pos\u00e9e dans les logements et des travaux de ventilation ont \u00e9t\u00e9 entrepris. Enfin, des cam\u00e9ras de surveillance vont \u00eatre implant\u00e9es dans le quartier pour garantir davantage de s\u00e9curit\u00e9 ext\u00e9rieure.<\/p>\n<p>Dehors, des pierres apparentes d\u00e9corent les murets, notamment \u00e0 l\u2019entr\u00e9e du quartier. Mais, de prime abord, c\u2019est le parc pour les enfants qu\u2019on aper\u00e7oit d\u00e8s l\u2019entr\u00e9e. Puis, derri\u00e8re, le city stade flambant neuf plut\u00f4t r\u00e9serv\u00e9 aux ados et adultes.<\/p>\n<p>\u00ab\u00a0Cette op\u00e9ration est un succ\u00e8s. On va s\u2019en inspirer car, regardez, les habitants sont contents de cette r\u00e9novation compl\u00e8te\u00a0\u00bb, a expliqu\u00e9 la maire, Jos\u00e9e Massi en visitant.<\/p>\n<p>Prochaine priorit\u00e9 \u00e0 Toulon: le quartier de la Closerie o\u00f9 dix millions d\u2019euros ont \u00e9t\u00e9 vot\u00e9s en conseil municipal pour une r\u00e9habilitation importante dans les mois qui viennent.<\/p>\n","protected":false},"excerpt":{"rendered":"Un city-stade, un parc pour enfants, des plantations au bas des immeubles et des b\u00e2timents r\u00e9nov\u00e9s: l\u2019op\u00e9ration Poncette&hellip;\n","protected":false},"author":2,"featured_media":288126,"comment_status":"","ping_status":"","sticky":false,"template":"","format":"standard","meta":{"footnotes":""},"categories":[9619],"tags":[1111,11,1777,674,1011,27,12,882,25,2310,3366],"class_list":{"0":"post-288125","1":"post","2":"type-post","3":"status-publish","4":"format-standard","5":"has-post-thumbnail","7":"category-toulon","8":"tag-actu","9":"tag-actualites","10":"tag-eu","11":"tag-europe","12":"tag-fr","13":"tag-france","14":"tag-news","15":"tag-provence-alpes-cote-dazur","16":"tag-republique-francaise","17":"tag-toulon","18":"tag-vie-locale"},"share_on_mastodon":{"url":"https:\/\/pubeurope.com\/@fr\/114951413033204252","error":""},"_links":{"self":[{"href":"https:\/\/www.europesays.com\/fr\/wp-json\/wp\/v2\/posts\/288125","targetHints":{"allow":["GET"]}}],"collection":[{"href":"https:\/\/www.europesays.com\/fr\/wp-json\/wp\/v2\/posts"}],"about":[{"href":"https:\/\/www.europesays.com\/fr\/wp-json\/wp\/v2\/types\/post"}],"author":[{"embeddable":true,"href":"https:\/\/www.europesays.com\/fr\/wp-json\/wp\/v2\/users\/2"}],"replies":[{"embeddable":true,"href":"https:\/\/www.europesays.com\/fr\/wp-json\/wp\/v2\/comments?post=288125"}],"version-history":[{"count":0,"href":"https:\/\/www.europesays.com\/fr\/wp-json\/wp\/v2\/posts\/288125\/revisions"}],"wp:featuredmedia":[{"embeddable":true,"href":"https:\/\/www.europesays.com\/fr\/wp-json\/wp\/v2\/media\/288126"}],"wp:attachment":[{"href":"https:\/\/www.europesays.com\/fr\/wp-json\/wp\/v2\/media?parent=288125"}],"wp:term":[{"taxonomy":"category","embeddable":true,"href":"https:\/\/www.europesays.com\/fr\/wp-json\/wp\/v2\/categories?post=288125"},{"taxonomy":"post_tag","embeddable":true,"href":"https:\/\/www.europesays.com\/fr\/wp-json\/wp\/v2\/tags?post=288125"}],"curies":[{"name":"wp","href":"https:\/\/api.w.org\/{rel}","templated":true}]}}