{"id":288145,"date":"2025-08-01T03:52:29","date_gmt":"2025-08-01T03:52:29","guid":{"rendered":"https:\/\/www.europesays.com\/fr\/288145\/"},"modified":"2025-08-01T03:52:29","modified_gmt":"2025-08-01T03:52:29","slug":"pres-de-nice-cette-boite-de-nuit-fermee-apres-un-gravissime-accident","status":"publish","type":"post","link":"https:\/\/www.europesays.com\/fr\/288145\/","title":{"rendered":"Pr\u00e8s de Nice. Cette bo\u00eete de nuit ferm\u00e9e apr\u00e8s un gravissime accident"},"content":{"rendered":"<p>            Par<br \/>\n        <strong><br \/>\n            <a href=\"https:\/\/actu.fr\/auteur\/ugo-maillard\" title=\"Consulter tous les articles de Ugo Maillard\" rel=\"nofollow noopener\" target=\"_blank\">Ugo Maillard<\/a><br \/>\n        <\/strong><\/p>\n<p>        Publi\u00e9 le<\/p>\n<p>            31 juil. 2025 \u00e0 16h35        <\/p>\n<p>Un accident dramatique qui n\u2019est pas sans cons\u00e9quence. Dans la nuit du samedi\u00a026 au dimanche 27\u00a0juillet 2025, une jeune femme a \u00e9t\u00e9 <strong>gravement br\u00fbl\u00e9e<\/strong> alors qu\u2019elle se trouvait dans une <strong>bo\u00eete de nuit<\/strong>, le You, situ\u00e9 \u00e0 Juan-les-Pins (<a href=\"https:\/\/actu.fr\/provence-alpes-cote-d-azur\/alpes-maritimes_06\" rel=\"nofollow noopener\" target=\"_blank\">Alpes-Maritimes<\/a>). Selon les premiers \u00e9l\u00e9ments recueillis par les enqu\u00eateurs, la victime a \u00e9t\u00e9 touch\u00e9e par des flammes \u00ab\u2009apr\u00e8s que le barman a enflamm\u00e9 le comptoir avec de l\u2019alcool dans le cadre d\u2019une prestation de shots enflamm\u00e9s\u2009\u00bb, indiquent les services de la pr\u00e9fecture \u00e0 <a href=\"https:\/\/actu.fr\/nice\/\" rel=\"nofollow noopener\" target=\"_blank\">actu Nice<\/a>.<\/p>\n<p class=\" wall-content\">Les pompiers sont arriv\u00e9s aux alentours de 2\u2009h40 du matin devant la discoth\u00e8que pour prendre en charge la jeune femme. Le mercredi 31 juillet, soit quatre jours apr\u00e8s les faits, elle est toujours <strong>plac\u00e9e dans un coma artificiel<\/strong>.<\/p>\n<p>    <a href=\"https:\/\/www.google.com\/maps\/embed?pb=!1m18!1m12!1m3!1d2890.850562609246!2d7.110797275907808!3d43.567996871106345!2m3!1f0!2f0!3f0!3m2!1i1024!2i768!4f13.1!3m3!1m2!1s0x12ce7f8e0cbf61a9%3A0xf65fa7d878390da2!2sYOU%20CLUB!5e0!3m2!1sfr!2sfr!4v1753965234863!5m2!1sfr!2sfr\" title=\"Ouvrie le lien\" rel=\"nofollow noopener\" target=\"_blank\">Cliquez ici pour visualiser le contenu<\/a><\/p>\n<p class=\" wall-content\">\u00ab\u2009La jeune fille a subi des br\u00fblures au deuxi\u00e8me et troisi\u00e8me degr\u00e9s sur 20% du corps\u2009\u00bb, compl\u00e8te la pr\u00e9fecture des Alpes-Maritimes.<\/p>\n<p>La bo\u00eete de nuit ferm\u00e9e<\/p>\n<p class=\" wall-content\">Hormis la jeune femme hospitalis\u00e9e, trois personnes\u00a0ont \u00e9galement \u00e9t\u00e9 l\u00e9g\u00e8rement br\u00fbl\u00e9es au visage lors de cet incident.<\/p>\n<blockquote class=\"ac-article-quote wall-content\">\n<p>Les \u00e9l\u00e9ments de l\u2019enqu\u00eate indiquent \u00e0 ce stade que cette prestation, non propos\u00e9e \u00e0 la carte de l\u2019\u00e9tablissement, a \u00e9t\u00e9 r\u00e9alis\u00e9 par le barman sans aucune protection pr\u00e9alable.<\/p>\n<p>    <strong>Pr\u00e9fecture des Alpes-Maritimes<\/strong>\n            <\/p><\/blockquote>\n<p class=\" wall-content\">Les premiers \u00e9l\u00e9ments recueillis par les forces de l\u2019ordre en charge des investigations ont permis d\u2019apprendre que le g\u00e9rant de la discoth\u00e8que, seul r\u00e9f\u00e9rent incendie de l\u2019\u00e9tablissement, n\u2019\u00e9tait pas pr\u00e9sent lors des faits.<\/p>\n<p class=\" wall-content\">Dernier probl\u00e8me, les cam\u00e9ras de surveillance n\u2019enregistraient pas au moment de l\u2019accident. En raison de ces diff\u00e9rentes irr\u00e9gularit\u00e9s, la justice a prononc\u00e9 la <strong>fermeture temporaire de l\u2019\u00e9tablissement<\/strong>.<\/p>\n<blockquote class=\"ac-article-quote wall-content\">\n<p>Face \u00e0 cette tr\u00e8s forte n\u00e9gligence et au manquement aux obligations en mati\u00e8re de s\u00e9curit\u00e9 et pr\u00e9vention des risques dans un \u00e9tablissement recevant du public, Jean-Claude Geney, sous-pr\u00e9fet de Grasse a prononc\u00e9 la fermeture administrative de l\u2019\u00e9tablissement pour une dur\u00e9e de six mois, d\u00e9lai de fermeture maximum qui peut \u00eatre prononc\u00e9 administrativement.<\/p>\n<p>    <strong>Pr\u00e9fecture des Alpes-Maritimes<\/strong>\n            <\/p><\/blockquote>\n<p>Une enqu\u00eate toujours en cours<\/p>\n<p class=\" wall-content\">Cette fermeture entra\u00eene automatiquement l\u2019annulation du permis d\u2019exploitation de l\u2019\u00e9tablissement.<\/p>\n<p class=\" wall-content\">\u00c0 noter qu\u2019une enqu\u00eate judiciaire pour blessures involontaires ayant entra\u00een\u00e9 une ITT sup\u00e9rieure \u00e0 trois mois, a \u00e9t\u00e9 ouverte par le Procureur de la R\u00e9publique du Tribunal judiciaire de Grasse. Enqu\u00eate toujours en cours.<\/p>\n<p class=\" wall-content\">Suivez toute l\u2019actualit\u00e9 de vos villes et m\u00e9dias favoris en vous inscrivant \u00e0 <a href=\"https:\/\/moncompte.actu.fr\" title=\"D\u00e9couvez Mon Actu\" rel=\"nofollow noopener\" data-trk=\"{&quot;cta&quot;:{&quot;action&quot;:&quot;https:\\\/\\\/moncompte.actu.fr&quot;,&quot;category&quot;:&quot;mon compte&quot;,&quot;from&quot;:&quot;article footer&quot;,&quot;name&quot;:&quot;Mon actu&quot;,&quot;type&quot;:&quot;cta&quot;}}\" target=\"_blank\">Mon Actu<\/a>.<\/p>\n","protected":false},"excerpt":{"rendered":"Par Ugo Maillard Publi\u00e9 le 31 juil. 2025 \u00e0 16h35 Un accident dramatique qui n\u2019est pas sans cons\u00e9quence.&hellip;\n","protected":false},"author":2,"featured_media":288146,"comment_status":"","ping_status":"","sticky":false,"template":"","format":"standard","meta":{"footnotes":""},"categories":[2819],"tags":[1111,11,1777,674,118,1011,27,303,12,2401,882,25],"class_list":{"0":"post-288145","1":"post","2":"type-post","3":"status-publish","4":"format-standard","5":"has-post-thumbnail","7":"category-nice","8":"tag-actu","9":"tag-actualites","10":"tag-eu","11":"tag-europe","12":"tag-faits-divers","13":"tag-fr","14":"tag-france","15":"tag-justice","16":"tag-news","17":"tag-nice","18":"tag-provence-alpes-cote-dazur","19":"tag-republique-francaise"},"share_on_mastodon":{"url":"https:\/\/pubeurope.com\/@fr\/114951483951680545","error":""},"_links":{"self":[{"href":"https:\/\/www.europesays.com\/fr\/wp-json\/wp\/v2\/posts\/288145","targetHints":{"allow":["GET"]}}],"collection":[{"href":"https:\/\/www.europesays.com\/fr\/wp-json\/wp\/v2\/posts"}],"about":[{"href":"https:\/\/www.europesays.com\/fr\/wp-json\/wp\/v2\/types\/post"}],"author":[{"embeddable":true,"href":"https:\/\/www.europesays.com\/fr\/wp-json\/wp\/v2\/users\/2"}],"replies":[{"embeddable":true,"href":"https:\/\/www.europesays.com\/fr\/wp-json\/wp\/v2\/comments?post=288145"}],"version-history":[{"count":0,"href":"https:\/\/www.europesays.com\/fr\/wp-json\/wp\/v2\/posts\/288145\/revisions"}],"wp:featuredmedia":[{"embeddable":true,"href":"https:\/\/www.europesays.com\/fr\/wp-json\/wp\/v2\/media\/288146"}],"wp:attachment":[{"href":"https:\/\/www.europesays.com\/fr\/wp-json\/wp\/v2\/media?parent=288145"}],"wp:term":[{"taxonomy":"category","embeddable":true,"href":"https:\/\/www.europesays.com\/fr\/wp-json\/wp\/v2\/categories?post=288145"},{"taxonomy":"post_tag","embeddable":true,"href":"https:\/\/www.europesays.com\/fr\/wp-json\/wp\/v2\/tags?post=288145"}],"curies":[{"name":"wp","href":"https:\/\/api.w.org\/{rel}","templated":true}]}}