{"id":288154,"date":"2025-08-01T03:57:12","date_gmt":"2025-08-01T03:57:12","guid":{"rendered":"https:\/\/www.europesays.com\/fr\/288154\/"},"modified":"2025-08-01T03:57:12","modified_gmt":"2025-08-01T03:57:12","slug":"les-previsions-de-meteo-france-2","status":"publish","type":"post","link":"https:\/\/www.europesays.com\/fr\/288154\/","title":{"rendered":"les pr\u00e9visions de M\u00e9t\u00e9o France"},"content":{"rendered":"<p>            Par<br \/>\n        <strong><br \/>\n            <a href=\"https:\/\/actu.fr\/auteur\/lucie-2\" title=\"Consulter tous les articles de Lucie Fraisse\" rel=\"nofollow noopener\" target=\"_blank\">Lucie Fraisse<\/a><br \/>\n        <\/strong><\/p>\n<p>        Publi\u00e9 le<\/p>\n<p>            1 ao\u00fbt 2025 \u00e0 5h12        <\/p>\n<p>Quelles seront les couleurs du ciel ce vendredi 1er ao\u00fbt, \u00e0 <a href=\"https:\/\/actu.fr\/toulouse\/\" rel=\"nofollow noopener\" target=\"_blank\">Toulouse<\/a> et en<strong> Occitanie<\/strong> ? Voici les pr\u00e9visions de M\u00e9t\u00e9o France pour ce premier jour du mois d\u2019ao\u00fbt 2025.<\/p>\n<p>Passages nuageux \u00e0 Toulouse\u00a0<\/p>\n<p class=\" wall-content\">Dans la Ville rose, le ciel sera troubl\u00e9 par quelques passages nuageux en matin\u00e9e. L\u2019apr\u00e8s-midi, en revanche, le temps sera largement ensoleill\u00e9. Il fera 25 degr\u00e9s vers 14 heures et 27 degr\u00e9s au plus chaud de la journ\u00e9e.\u00a0<\/p>\n<p>Ciel d\u00e9gag\u00e9 sur le littoral\u00a0<\/p>\n<p class=\" wall-content\">L\u2019Occitanie sera partag\u00e9e en deux ce vendredi 1er ao\u00fbt. Avec sur une grande partie de la r\u00e9gion, \u00e0 l\u2019ouest, des passages nuageux et m\u00eame quelques petites pluies sur le sud de la Haute-Garonne. Le ciel sera en revanche parfaitement d\u00e9gag\u00e9 sur le littoral et la Loz\u00e8re.<\/p>\n<p class=\" wall-content\">L\u2019apr\u00e8s-midi, le ciel brille g\u00e9n\u00e9reusement partout. Quelques orages sont cependant annonc\u00e9s en montagne du c\u00f4t\u00e9 des Pyr\u00e9n\u00e9es-Orientales.<\/p>\n<p>    <img   decoding=\"async\" loading=\"lazy\" src=\"https:\/\/www.europesays.com\/fr\/wp-content\/uploads\/2025\/08\/meteovendrdi1aout-960x640.jpg\" alt=\"Les pr\u00e9visions de M\u00e9t\u00e9o France en Occitanie pour ce vendredi 1er ao\u00fbt 2025.\" width=\"960\" height=\"640\"\/><br \/>\n    Les pr\u00e9visions de M\u00e9t\u00e9o France en Occitanie pour ce vendredi 1er ao\u00fbt 2025. (\u00a9M\u00e9t\u00e9o France)<\/p>\n<p class=\" wall-content\">.<\/p>\n<p>Vid\u00e9os : en ce moment sur Actu<\/p>\n<p class=\" wall-content\">Suivez toute l\u2019actualit\u00e9 de vos villes et m\u00e9dias favoris en vous inscrivant \u00e0 <a href=\"https:\/\/moncompte.actu.fr\" title=\"D\u00e9couvez Mon Actu\" rel=\"nofollow noopener\" data-trk=\"{&quot;cta&quot;:{&quot;action&quot;:&quot;https:\\\/\\\/moncompte.actu.fr&quot;,&quot;category&quot;:&quot;mon compte&quot;,&quot;from&quot;:&quot;article footer&quot;,&quot;name&quot;:&quot;Mon actu&quot;,&quot;type&quot;:&quot;cta&quot;}}\" target=\"_blank\">Mon Actu<\/a>.<\/p>\n","protected":false},"excerpt":{"rendered":"Par Lucie Fraisse Publi\u00e9 le 1 ao\u00fbt 2025 \u00e0 5h12 Quelles seront les couleurs du ciel ce vendredi&hellip;\n","protected":false},"author":2,"featured_media":288155,"comment_status":"","ping_status":"","sticky":false,"template":"","format":"standard","meta":{"footnotes":""},"categories":[2816],"tags":[1111,11,1777,674,1011,27,2487,2357,12,2680,25,2312],"class_list":{"0":"post-288154","1":"post","2":"type-post","3":"status-publish","4":"format-standard","5":"has-post-thumbnail","7":"category-toulouse","8":"tag-actu","9":"tag-actualites","10":"tag-eu","11":"tag-europe","12":"tag-fr","13":"tag-france","14":"tag-meteo","15":"tag-meteo-france","16":"tag-news","17":"tag-occitanie","18":"tag-republique-francaise","19":"tag-toulouse"},"share_on_mastodon":{"url":"https:\/\/pubeurope.com\/@fr\/114951503661865250","error":""},"_links":{"self":[{"href":"https:\/\/www.europesays.com\/fr\/wp-json\/wp\/v2\/posts\/288154","targetHints":{"allow":["GET"]}}],"collection":[{"href":"https:\/\/www.europesays.com\/fr\/wp-json\/wp\/v2\/posts"}],"about":[{"href":"https:\/\/www.europesays.com\/fr\/wp-json\/wp\/v2\/types\/post"}],"author":[{"embeddable":true,"href":"https:\/\/www.europesays.com\/fr\/wp-json\/wp\/v2\/users\/2"}],"replies":[{"embeddable":true,"href":"https:\/\/www.europesays.com\/fr\/wp-json\/wp\/v2\/comments?post=288154"}],"version-history":[{"count":0,"href":"https:\/\/www.europesays.com\/fr\/wp-json\/wp\/v2\/posts\/288154\/revisions"}],"wp:featuredmedia":[{"embeddable":true,"href":"https:\/\/www.europesays.com\/fr\/wp-json\/wp\/v2\/media\/288155"}],"wp:attachment":[{"href":"https:\/\/www.europesays.com\/fr\/wp-json\/wp\/v2\/media?parent=288154"}],"wp:term":[{"taxonomy":"category","embeddable":true,"href":"https:\/\/www.europesays.com\/fr\/wp-json\/wp\/v2\/categories?post=288154"},{"taxonomy":"post_tag","embeddable":true,"href":"https:\/\/www.europesays.com\/fr\/wp-json\/wp\/v2\/tags?post=288154"}],"curies":[{"name":"wp","href":"https:\/\/api.w.org\/{rel}","templated":true}]}}