{"id":288162,"date":"2025-08-01T04:01:10","date_gmt":"2025-08-01T04:01:10","guid":{"rendered":"https:\/\/www.europesays.com\/fr\/288162\/"},"modified":"2025-08-01T04:01:10","modified_gmt":"2025-08-01T04:01:10","slug":"a-lestaque-le-camembert-de-cousteau-echappe-a-la-demolition-et-reprend-des-couleurs","status":"publish","type":"post","link":"https:\/\/www.europesays.com\/fr\/288162\/","title":{"rendered":"\u00c0 l&rsquo;Estaque, le \u00ab\u00a0camembert\u00a0\u00bb de Cousteau \u00e9chappe \u00e0 la d\u00e9molition et reprend des couleurs"},"content":{"rendered":"<p>\t    \u00c0 l&rsquo;Estaque, le \u00ab\u00a0camembert\u00a0\u00bb de Cousteau \u00e9chappe \u00e0 la d\u00e9molition et reprend des couleurs &#8211; Marsactu<\/p>\n<p>&#13;<br \/>\n\t\t&#13;<br \/>\n\t\tNous utilisons des cookies pour vous garantir la meilleure exp\u00e9rience sur notre site. Vous pouvez choisir de refuser les cookies.<a href=\"#\" id=\"cn-accept-cookie\" data-cookie-set=\"accept\" class=\"cn-set-cookie cn-button cn-button-custom button\" aria-label=\"J'accepte\">J&rsquo;accepte<\/a><a href=\"#\" id=\"cn-refuse-cookie\" data-cookie-set=\"refuse\" class=\"cn-set-cookie cn-button cn-button-custom button\" aria-label=\"Non\">Non<\/a><a href=\"https:\/\/marsactu.fr\/societe\/cgu\/\" target=\"_blank\" id=\"cn-more-info\" class=\"cn-more-info cn-button cn-button-custom button\" aria-label=\"En savoir plus\" rel=\"noopener\">En savoir plus<\/a><\/p>\n<p>\t\t&#13;<\/p>\n","protected":false},"excerpt":{"rendered":"\u00c0 l&rsquo;Estaque, le \u00ab\u00a0camembert\u00a0\u00bb de Cousteau \u00e9chappe \u00e0 la d\u00e9molition et reprend des couleurs &#8211; Marsactu &#13; &#13;&hellip;\n","protected":false},"author":2,"featured_media":288163,"comment_status":"","ping_status":"","sticky":false,"template":"","format":"standard","meta":{"footnotes":""},"categories":[2814],"tags":[1111,11,30770,1777,674,1011,27,26239,42674,884,12,882,25,10600,4772],"class_list":{"0":"post-288162","1":"post","2":"type-post","3":"status-publish","4":"format-standard","5":"has-post-thumbnail","7":"category-marseille","8":"tag-actu","9":"tag-actualites","10":"tag-estaque","11":"tag-eu","12":"tag-europe","13":"tag-fr","14":"tag-france","15":"tag-gpmm","16":"tag-hervemenchon","17":"tag-marseille","18":"tag-news","19":"tag-provence-alpes-cote-dazur","20":"tag-republique-francaise","21":"tag-saga","22":"tag-zalu"},"share_on_mastodon":{"url":"https:\/\/pubeurope.com\/@fr\/114951519239783543","error":""},"_links":{"self":[{"href":"https:\/\/www.europesays.com\/fr\/wp-json\/wp\/v2\/posts\/288162","targetHints":{"allow":["GET"]}}],"collection":[{"href":"https:\/\/www.europesays.com\/fr\/wp-json\/wp\/v2\/posts"}],"about":[{"href":"https:\/\/www.europesays.com\/fr\/wp-json\/wp\/v2\/types\/post"}],"author":[{"embeddable":true,"href":"https:\/\/www.europesays.com\/fr\/wp-json\/wp\/v2\/users\/2"}],"replies":[{"embeddable":true,"href":"https:\/\/www.europesays.com\/fr\/wp-json\/wp\/v2\/comments?post=288162"}],"version-history":[{"count":0,"href":"https:\/\/www.europesays.com\/fr\/wp-json\/wp\/v2\/posts\/288162\/revisions"}],"wp:featuredmedia":[{"embeddable":true,"href":"https:\/\/www.europesays.com\/fr\/wp-json\/wp\/v2\/media\/288163"}],"wp:attachment":[{"href":"https:\/\/www.europesays.com\/fr\/wp-json\/wp\/v2\/media?parent=288162"}],"wp:term":[{"taxonomy":"category","embeddable":true,"href":"https:\/\/www.europesays.com\/fr\/wp-json\/wp\/v2\/categories?post=288162"},{"taxonomy":"post_tag","embeddable":true,"href":"https:\/\/www.europesays.com\/fr\/wp-json\/wp\/v2\/tags?post=288162"}],"curies":[{"name":"wp","href":"https:\/\/api.w.org\/{rel}","templated":true}]}}