{"id":288164,"date":"2025-08-01T04:02:13","date_gmt":"2025-08-01T04:02:13","guid":{"rendered":"https:\/\/www.europesays.com\/fr\/288164\/"},"modified":"2025-08-01T04:02:13","modified_gmt":"2025-08-01T04:02:13","slug":"la-tendance-du-seins-nus-revient-en-force-sur-les-plages","status":"publish","type":"post","link":"https:\/\/www.europesays.com\/fr\/288164\/","title":{"rendered":"la tendance du seins-nus revient en force sur les plages"},"content":{"rendered":"<p>            Par<br \/>\n        <strong><br \/>\n            <a href=\"https:\/\/actu.fr\/auteur\/redaction-marseille\" title=\"Consulter tous les articles de R\u00e9daction Marseille\" target=\"_blank\" rel=\"noopener\">R\u00e9daction Marseille<\/a><br \/>\n        <\/strong><\/p>\n<p>        Publi\u00e9 le<\/p>\n<p>            1 ao\u00fbt 2025 \u00e0 5h58        <\/p>\n<p>Ils sont nombreux, Marseillaises, Marseillais, touristes fran\u00e7ais ou d\u2019ailleurs \u00e0 chercher \u00e0 profiter du <strong>soleil<\/strong> qu\u2019offre le c\u0153ur de la saison estivale, ici, dans la cit\u00e9 phoc\u00e9enne. Si pour certains, se poser en terrasse suffit, d\u2019autres ont cet appel de la <a href=\"https:\/\/actu.fr\/tag\/mediterranee\" target=\"_blank\" rel=\"noopener\">M\u00e9diterran\u00e9e<\/a> ancr\u00e9 au maillot de bain. Et sur toutes les plages, des Catalans au <a href=\"https:\/\/actu.fr\/tag\/plage-du-prophete\" target=\"_blank\" rel=\"noopener\">Proph\u00e8te<\/a>, en passant par le <a href=\"https:\/\/actu.fr\/tag\/prado\" target=\"_blank\" rel=\"noopener\">Prado<\/a> ou l\u2019anse de Maldorm\u00e9, le constat est le m\u00eame\u2009: <strong>une ancienne tendance refait surface.<\/strong> Pour de nombreuses femmes, les hauts de bikini ont disparu.<\/p>\n<p>Une pratique \u00e0 l\u2019abandon ?<\/p>\n<p class=\" wall-content\">Presque impossible de le rater, <strong>le topless<\/strong>, traduit litt\u00e9ralement \u00ab\u2009sans haut\u2009\u00bb, mais plus courant sous le terme \u00ab\u2009seins nus\u2009\u00bb, en fran\u00e7ais, est de retour. Cette pratique populaire des ann\u00e9es 1980 au d\u00e9but des ann\u00e9es 2000 avait <strong>progressivement disparu<\/strong> des <a href=\"https:\/\/actu.fr\/tag\/plages\" target=\"_blank\" rel=\"noopener\">plages<\/a> fran\u00e7aises.<\/p>\n<p class=\" wall-content\">D\u2019apr\u00e8s <a href=\"https:\/\/www.voyageavecnous.fr\/topless-femmes-plages\/\" target=\"_blank\" rel=\"noopener\">une \u00e9tude Ifop<\/a> de 2023 men\u00e9e pour le site <a href=\"https:\/\/www.voyageavecnous.fr\/\" target=\"_blank\" rel=\"noopener\">voyageavecnous.fr<\/a>, seulement <strong>25%<\/strong> des Fran\u00e7aises \u00e2g\u00e9es de moins de 50 ans enl\u00e8vent le haut du maillot habituellement ou occasionnellement aujourd\u2019hui. Contre 43% il y a 40 ans. Chez les 18-24 ans, la proportion actuelle tombe \u00e0 <strong>10%<\/strong>.<\/p>\n<p class=\" wall-content\">\u00c0 Marseille, qui ne fait d\u00e9cid\u00e9ment rien comme les autres villes, les femmes y semblent\u00a0beaucoup plus nombreuses \u00e0 le faire, <strong>sans vraiment de distinction d\u2019\u00e2ge<\/strong>.<\/p>\n<p>Un sujet qui ne devrait pas en \u00eatre un<\/p>\n<p class=\" wall-content\">Bien que cela puisse para\u00eetre \u00e9tonnant d\u2019un point de vue ext\u00e9rieur, pour beaucoup de ses adeptes, le topless est <strong>parfaitement anodin<\/strong>. \u00ab\u2009Je le pratique partout, je n\u2019y r\u00e9fl\u00e9chis m\u00eame plus\u2009\u00bb, t\u00e9moigne Ma\u00ebva, Marseillaise de 24\u00a0ans pr\u00e9sente avec trois de ses amies \u00e0 l\u2019anse de Maldorm\u00e9.<\/p>\n<p>    <img   decoding=\"async\" loading=\"lazy\" src=\"https:\/\/www.europesays.com\/fr\/wp-content\/uploads\/2025\/08\/design-sans-titre-6-2-960x640.png\" alt=\"topless seins nus marseille\" width=\"960\" height=\"640\"\/><br \/>\n    A Marseille, de plus en plus de femmes laisse tomber le haut du bikini. (\u00a9Document remis \u00e0 actu Marseille)<\/p>\n<p class=\" wall-content\">Pour d\u2019autres, c\u2019est une autre paire de manches\u2009: \u00ab\u2009il n\u2019y a qu\u2019\u00e0 Marseille que je me sens de le faire\u2009\u00bb, raconte A\u00efda, rencontr\u00e9e plage des Catalans.<\/p>\n<blockquote class=\"ac-article-quote wall-content\">\n<p>C\u2019est un feeling diff\u00e9rent ici, peut-\u00eatre car on est plus entre jeunes qu\u2019ailleurs dans la r\u00e9gion.<\/p>\n<p>    <strong>A\u00efda<\/strong>\n            <\/p><\/blockquote>\n<p class=\" wall-content\">Dans le groupe de Ma\u00ebva, se trouve aussi Camille, qui \u00ab\u2009ne sait pas si c\u2019est sp\u00e9cifique \u00e0 ici\u2009\u00bb. En tout cas, \u00ab\u2009personne ne nous fait de r\u00e9flexion\u2009\u00bb. \u00ab\u2009On a juste entendu deux touristes parler dans notre dos \u00e0 voix haute, \u00e7a ne doit pas \u00eatre dans leurs m\u0153urs ou ce n\u2019est peut-\u00eatre pas courant chez eux. Pour les autres, c\u2019est une tenue normale de plage, \u00e7a se voit.\u2009\u00bb, assure la jeune femme.<\/p>\n<p>Des freins multiples<\/p>\n<p class=\" wall-content\">Dans ce quatuor, seule Cassandre garde son maillot en entier, ce qu\u2019elle r\u00e9sume en ces termes\u2009: \u00ab\u2009je reste classique\u2009\u00bb. \u00ab\u2009Je n\u2019ai pas envie que le regard des autres se porte sur moi, je ne veux pas <strong>devenir l\u2019attraction de la plage<\/strong>\u2009\u00bb, avance-t-elle.<\/p>\n<p class=\" wall-content\">D\u2019apr\u00e8s l\u2019\u00e9tude Ifop, la raison la plus \u00e9voqu\u00e9e pour garder son maillot complet est \u00ab\u2009le risque que l\u2019exposition au soleil repr\u00e9sente pour la peau\u2009\u00bb\u2009: 53\u2009% des femmes l\u2019\u00e9voquent. Chez celles de moins de 30\u00a0ans, c\u2019est avant tout \u00ab\u2009<strong>le regard concupiscent des hommes<\/strong> sur [leurs] poitrines\u2009\u00bb qui leur fait conserver le haut.<\/p>\n<p class=\" wall-content\">Cela concerne <strong>54\u2009%<\/strong> de celles qui ont \u00e9t\u00e9 interrog\u00e9es.<\/p>\n<p class=\" wall-content\">Viennent ensuite, p\u00eale-m\u00eale, la peur qu\u2019une photo ne se retrouve sur les r\u00e9seaux sociaux, \u00ab\u2009la crainte de faire l\u2019objet d\u2019une <strong>agression verbale, physique ou sexuelle<\/strong>\u2009\u00bb, l\u2019id\u00e9e que \u00ab\u2009c\u2019est un manque de respect envers les autres\u2009\u00bb et l\u2019appr\u00e9hension de recevoir des critiques sur son physique.<\/p>\n<p>Le mim\u00e9tisme relance une mode<\/p>\n<p class=\" wall-content\">Les freins sont donc nombreux \u00e0 la pratique, qui ne semble en effet pas \u00e9vidente \u00e0 appr\u00e9hender, \u00ab\u2009il faut se lancer une fois et apr\u00e8s on y pense plus\u2009\u00bb, admet Ma\u00ebva qui a depuis converti plusieurs de ses amies, dont certaines pr\u00e9sentes \u00e0 ses c\u00f4t\u00e9s.<\/p>\n<p class=\" wall-content\">Et le ph\u00e9nom\u00e8ne pourrait encore se r\u00e9pandre par le biais du <strong>mim\u00e9tisme<\/strong>. Pour Juliette, photographe de 32 ans de passage \u00e0 Marseille, \u00ab\u2009c\u2019est en voyant les autres filles de [s]on \u00e2ge le faire\u2009\u00bb qu\u2019elle a, elle aussi, d\u00e9tach\u00e9 le n\u0153ud de son maillot. \u00ab\u2009En v\u00e9rit\u00e9, \u00e7a ne change rien, c\u2019est plus <strong>un \u00e9tat d\u2019esprit, une mode\u2009\u00bb, tranche-t-elle.<\/strong><\/p>\n<p class=\" wall-content\">Le 26 ao\u00fbt prochain c\u00e9l\u00e9brera d\u2019ailleurs la Journ\u00e9e internationale du topless, en relation avec la journ\u00e9e de l\u2019\u00e9galit\u00e9 homme-femme aux \u00c9tats-Unis.<\/p>\n<p class=\" wall-content\">Suivez toute l\u2019actualit\u00e9 de vos villes et m\u00e9dias favoris en vous inscrivant \u00e0 <a href=\"https:\/\/moncompte.actu.fr\" title=\"D\u00e9couvez Mon Actu\" rel=\"nofollow noopener\" data-trk=\"{&quot;cta&quot;:{&quot;action&quot;:&quot;https:\\\/\\\/moncompte.actu.fr&quot;,&quot;category&quot;:&quot;mon compte&quot;,&quot;from&quot;:&quot;article footer&quot;,&quot;name&quot;:&quot;Mon actu&quot;,&quot;type&quot;:&quot;cta&quot;}}\" target=\"_blank\">Mon Actu<\/a>.<\/p>\n","protected":false},"excerpt":{"rendered":"Par R\u00e9daction Marseille Publi\u00e9 le 1 ao\u00fbt 2025 \u00e0 5h58 Ils sont nombreux, Marseillaises, Marseillais, touristes fran\u00e7ais ou&hellip;\n","protected":false},"author":2,"featured_media":288165,"comment_status":"","ping_status":"","sticky":false,"template":"","format":"standard","meta":{"footnotes":""},"categories":[2814],"tags":[1111,11,1777,674,1011,27,884,12,5346,8302,13098,882,25,104],"class_list":{"0":"post-288164","1":"post","2":"type-post","3":"status-publish","4":"format-standard","5":"has-post-thumbnail","7":"category-marseille","8":"tag-actu","9":"tag-actualites","10":"tag-eu","11":"tag-europe","12":"tag-fr","13":"tag-france","14":"tag-marseille","15":"tag-news","16":"tag-plage-du-prophete","17":"tag-plages","18":"tag-prado","19":"tag-provence-alpes-cote-dazur","20":"tag-republique-francaise","21":"tag-societe"},"share_on_mastodon":{"url":"https:\/\/pubeurope.com\/@fr\/114951523180998034","error":""},"_links":{"self":[{"href":"https:\/\/www.europesays.com\/fr\/wp-json\/wp\/v2\/posts\/288164","targetHints":{"allow":["GET"]}}],"collection":[{"href":"https:\/\/www.europesays.com\/fr\/wp-json\/wp\/v2\/posts"}],"about":[{"href":"https:\/\/www.europesays.com\/fr\/wp-json\/wp\/v2\/types\/post"}],"author":[{"embeddable":true,"href":"https:\/\/www.europesays.com\/fr\/wp-json\/wp\/v2\/users\/2"}],"replies":[{"embeddable":true,"href":"https:\/\/www.europesays.com\/fr\/wp-json\/wp\/v2\/comments?post=288164"}],"version-history":[{"count":0,"href":"https:\/\/www.europesays.com\/fr\/wp-json\/wp\/v2\/posts\/288164\/revisions"}],"wp:featuredmedia":[{"embeddable":true,"href":"https:\/\/www.europesays.com\/fr\/wp-json\/wp\/v2\/media\/288165"}],"wp:attachment":[{"href":"https:\/\/www.europesays.com\/fr\/wp-json\/wp\/v2\/media?parent=288164"}],"wp:term":[{"taxonomy":"category","embeddable":true,"href":"https:\/\/www.europesays.com\/fr\/wp-json\/wp\/v2\/categories?post=288164"},{"taxonomy":"post_tag","embeddable":true,"href":"https:\/\/www.europesays.com\/fr\/wp-json\/wp\/v2\/tags?post=288164"}],"curies":[{"name":"wp","href":"https:\/\/api.w.org\/{rel}","templated":true}]}}