{"id":288168,"date":"2025-08-01T04:04:10","date_gmt":"2025-08-01T04:04:10","guid":{"rendered":"https:\/\/www.europesays.com\/fr\/288168\/"},"modified":"2025-08-01T04:04:10","modified_gmt":"2025-08-01T04:04:10","slug":"comment-lauvergne-rhone-alpes-a-retourne-la-situation-et-seduit-safran","status":"publish","type":"post","link":"https:\/\/www.europesays.com\/fr\/288168\/","title":{"rendered":"Comment l&rsquo;Auvergne-Rh\u00f4ne-Alpes a retourn\u00e9 la situation et s\u00e9duit Safran"},"content":{"rendered":"<p>&#13;<br \/>\n\tLe Pipa \u00e9tait en concurrence avec le territoire de Belfort, et surtout avec le Qu\u00e9bec, \u00abpuisque le Canada promettait une \u00e9nergie \u00e0 bas co\u00fbt gr\u00e2ce \u00e0 ses centrales hydro\u00e9lectriques amorties depuis longtemps\u00bb, d\u00e9voile Laurent Wauquiez, qui a suivi le dossier de pr\u00e8s.<\/p>\n<p>&#13;<br \/>\n\tRaccordement \u00e9lectrique acc\u00e9l\u00e9r\u00e9 et subventionn\u00e9<\/p>\n<p>&#13;<br \/>\n\t<a title=\"Safran : Actualit\u00e9s du groupe mondial en a\u00e9rospacial, d\u00e9fense et s\u00e9curit\u00e9\" href=\"https:\/\/www.usinenouvelle.com\/safran\/\" rel=\"nofollow noopener\" target=\"\" class=\"lien-contextuel\">Safran<\/a> \u00e0 30 minutes de Lyon : c&rsquo;\u00e9tait loin d&rsquo;\u00eatre gagn\u00e9. Pour rappel, la m\u00e9tropole de Lyon avait r\u00e9serv\u00e9 une friche de 15 hectares \u00e0 l&rsquo;industriel d\u00e9j\u00e0 pr\u00e9sent \u00e0 Villeurbanne. Mais celui-ci avait mis son projet d&rsquo;usine entre parenth\u00e8ses \u00e0 l&rsquo;automne 2022. Quelques mois plus tard, lass\u00e9 de geler ce terrain, Bruno Bernard, pr\u00e9sident \u00e9cologiste de la m\u00e9tropole de Lyon, avait annonc\u00e9 qu&rsquo;il r\u00e9cup\u00e9rait ces terres pour y implanter un village d&rsquo;entreprises autour de la chimie durable, des mat\u00e9riaux et de l&rsquo;environnement. La m\u00e9tropole esp\u00e8re ainsi g\u00e9n\u00e9rer 700 emplois \u00e0 l&rsquo;horizon 2027-2028. Du c\u00f4t\u00e9 de Safran, pas de r\u00e9action officielle \u00e0 ce changement de cap, \u00e0 l&rsquo;\u00e9poque. Mais cette rupture a sans doute aliment\u00e9 <a href=\"https:\/\/www.usinenouvelle.com\/editorial\/tomates-et-turbines-faut-il-bannir-les-usines-des-villes-ecologistes.N2230806\" target=\"_blank\" rel=\"nofollow noopener\">l&rsquo;agacement d&rsquo;Olivier Andri\u00e8s \u00e0 l&rsquo;\u00e9gard des villes dirig\u00e9es par les \u00e9cologistes<\/a>.<\/p>\n<p>&#13;<br \/>\n\tCes derniers mois, le Territoire de Belfort et surtout le Canada semblaient favoris. Selon le gouvernement, la France a mis dans la balance un \u00ab\u00a0effort consid\u00e9rable\u00a0\u00bb sur le raccordement \u00e9lectrique par une subvention de 15 millions d&rsquo;euros, alors que la r\u00e9gion s&rsquo;engage sur environ 16 millions d&rsquo;euros. Le d\u00e9lai du raccordement aux r\u00e9seaux de transport d&rsquo;\u00e9lectricit\u00e9 RTE, point cl\u00e9 pour Safran, a \u00e9t\u00e9 raccourci \u00e0 45 mois pour ce projet contre 60 mois habituellement.<\/p>\n<p>&#13;<br \/>\n\tMod\u00e9ration fiscale<\/p>\n<p>&#13;<br \/>\n\tEnfin, le Parc industriel de la plaine de l&rsquo;Ain (Pipa), qui est la plus grande zone industrielle de la premi\u00e8re r\u00e9gion industrielle de France, dispose encore d&rsquo;une r\u00e9serve fonci\u00e8re alors que la r\u00e9gion lyonnaise voisine n&rsquo;en a plus, hormis des friches. De plus, elle vante sa mod\u00e9ration fiscale. \u00abSeules nos bases \u00e9voluent, les taux sont les m\u00eames depuis la cr\u00e9ation du parc\u00bb, assure Jean-Louis Guyader, pr\u00e9sident (DVD) de la communaut\u00e9 de communes de la Plaine de l&rsquo;Ain, un amoureux de l&rsquo;industrie qui a fond\u00e9 un bureau d&rsquo;\u00e9tudes dans l&rsquo;acoustique. \u00abLa r\u00e9gion AURA n&rsquo;a pas appliqu\u00e9 non plus le versement mobilit\u00e9 ouvert aux r\u00e9gions, alors que la r\u00e9gion <a title=\"Elargissez votre recherche de l&#039;actualit\u00e9 industrielle dans la r\u00e9gion Bourgogne.\" href=\"https:\/\/www.usinenouvelle.com\/bourgogne\/\" rel=\"nofollow noopener\" target=\"\" class=\"lien-contextuel\">Bourgogne<\/a> Franche Comt\u00e9 l&rsquo;a fait\u00bb, souligne Laurent Wauquiez.<\/p>\n<p>&#13;<br \/>\n\tIl restera \u00e0 r\u00e9gler la desserte de ce secteur qui accueille quelque 9000 salari\u00e9s, qui viennent essentiellement en voiture. \u00abNous esp\u00e9rons obtenir un nouvel \u00e9changeur sur l&rsquo;A42 ainsi qu&rsquo;une augmentation de capacit\u00e9 du pont de Loyettes qui relie les d\u00e9partements de l&rsquo;Ain et de l&rsquo;Is\u00e8re\u00bb, dit Daniel Fabre, maire (Horizons) d&rsquo;Amb\u00e9rieu-en-Bugey, vice-pr\u00e9sident \u00e9conomie de l&rsquo;intercommunalit\u00e9.<\/p>\n<p>&#13;<br \/>\n\tEnfin, concernant les recrutements, la r\u00e9gion et la CCPA ont mis en place un campus de l&rsquo;a\u00e9ronautique au lyc\u00e9e d&rsquo;Amb\u00e9rieu-en-Bugey, valid\u00e9 par le Rectorat, et qui dispense d\u00e9j\u00e0 des formations. Cela devrait faciliter la vie des RH de Safran, d&rsquo;autant que le d\u00e9fi est de taille. Avec la mont\u00e9e en puissance des EPR 2 au Bugey, et la pr\u00e9sence de 180 entreprises sur le Pipa, ce bassin de vie est quasiment au plein emploi. Le taux de ch\u00f4mage est inf\u00e9rieur \u00e0 5%. \u00abLa r\u00e9gion accompagnera les dispositifs de formation, y compris financi\u00e8rement\u00bb, promet Laurent Wauquiez.<\/p>\n","protected":false},"excerpt":{"rendered":"&#13; Le Pipa \u00e9tait en concurrence avec le territoire de Belfort, et surtout avec le Qu\u00e9bec, \u00abpuisque le&hellip;\n","protected":false},"author":2,"featured_media":288169,"comment_status":"","ping_status":"","sticky":false,"template":"","format":"standard","meta":{"footnotes":""},"categories":[1889],"tags":[1111,11,670,2738,2430,11291,1777,674,1011,27,2428,12,25,6056],"class_list":{"0":"post-288168","1":"post","2":"type-post","3":"status-publish","4":"format-standard","5":"has-post-thumbnail","7":"category-lyon","8":"tag-actu","9":"tag-actualites","10":"tag-aero-spatial","11":"tag-ain","12":"tag-auvergne-rhone-alpes","13":"tag-eco-social","14":"tag-eu","15":"tag-europe","16":"tag-fr","17":"tag-france","18":"tag-lyon","19":"tag-news","20":"tag-republique-francaise","21":"tag-safran"},"share_on_mastodon":{"url":"https:\/\/pubeurope.com\/@fr\/114951530925389853","error":""},"_links":{"self":[{"href":"https:\/\/www.europesays.com\/fr\/wp-json\/wp\/v2\/posts\/288168","targetHints":{"allow":["GET"]}}],"collection":[{"href":"https:\/\/www.europesays.com\/fr\/wp-json\/wp\/v2\/posts"}],"about":[{"href":"https:\/\/www.europesays.com\/fr\/wp-json\/wp\/v2\/types\/post"}],"author":[{"embeddable":true,"href":"https:\/\/www.europesays.com\/fr\/wp-json\/wp\/v2\/users\/2"}],"replies":[{"embeddable":true,"href":"https:\/\/www.europesays.com\/fr\/wp-json\/wp\/v2\/comments?post=288168"}],"version-history":[{"count":0,"href":"https:\/\/www.europesays.com\/fr\/wp-json\/wp\/v2\/posts\/288168\/revisions"}],"wp:featuredmedia":[{"embeddable":true,"href":"https:\/\/www.europesays.com\/fr\/wp-json\/wp\/v2\/media\/288169"}],"wp:attachment":[{"href":"https:\/\/www.europesays.com\/fr\/wp-json\/wp\/v2\/media?parent=288168"}],"wp:term":[{"taxonomy":"category","embeddable":true,"href":"https:\/\/www.europesays.com\/fr\/wp-json\/wp\/v2\/categories?post=288168"},{"taxonomy":"post_tag","embeddable":true,"href":"https:\/\/www.europesays.com\/fr\/wp-json\/wp\/v2\/tags?post=288168"}],"curies":[{"name":"wp","href":"https:\/\/api.w.org\/{rel}","templated":true}]}}