{"id":288177,"date":"2025-08-01T04:10:11","date_gmt":"2025-08-01T04:10:11","guid":{"rendered":"https:\/\/www.europesays.com\/fr\/288177\/"},"modified":"2025-08-01T04:10:11","modified_gmt":"2025-08-01T04:10:11","slug":"trend-tiktok-bouche-a-oreille-le-succes-inattendu-et-international-de-la-bijouterie-la-perlerie-22-a-paris","status":"publish","type":"post","link":"https:\/\/www.europesays.com\/fr\/288177\/","title":{"rendered":"Trend Tiktok, bouche \u00e0 oreille&#8230; Le succ\u00e8s inattendu et international de la bijouterie la Perlerie 22 \u00e0 Paris"},"content":{"rendered":"<p>            Par<br \/>\n        <strong><br \/>\n            <a href=\"https:\/\/actu.fr\/auteur\/augustin-delaporte\" title=\"Consulter tous les articles de Augustin Delaporte\" rel=\"nofollow noopener\" target=\"_blank\">Augustin Delaporte<\/a><br \/>\n        <\/strong><\/p>\n<p>        Publi\u00e9 le<\/p>\n<p>            1 ao\u00fbt 2025 \u00e0 6h04        <\/p>\n<p>Une file d\u2019attente que l\u2019on rep\u00e8re de loin et des vid\u00e9os virales sur <a href=\"https:\/\/www.tiktok.com\/@actu.paris\" rel=\"nofollow noopener\" target=\"_blank\">TikTok<\/a>. Depuis quelques mois, l\u2019entreprise familiale situ\u00e9e rue du Temple \u00e0 <a href=\"https:\/\/actu.fr\/paris\/\" rel=\"nofollow noopener\" target=\"_blank\">Paris<\/a> (4e), <strong>La Perlerie 22<\/strong>, conna\u00eet une hausse de fr\u00e9quentation importante. Un boom qu\u2019elle doit autant \u00e0 des publications d\u2019anonymes et d\u2019influenceuses sur les r\u00e9seaux sociaux, qu\u2019au retour de DIY (Do it yourself) sur le devant de la sc\u00e8ne.<\/p>\n<p>Des clients venant des quatre coins du globe<\/p>\n<p class=\" wall-content\">\u00ab\u00a0Presque tous les clients \u00e0 qui je demande comment ils ont connu le magasin me r\u00e9pondent que c\u2019est gr\u00e2ce \u00e0 une influenceuse\u00a0\u00bb, nous confie un employ\u00e9 de la marque, autrefois uniquement grossiste pour les professionnels du secteur et aujourd\u2019hui devenue, en plus, un <strong>commerce de d\u00e9tail pour les particuliers<\/strong> qui souhaitent cr\u00e9er leur bijoux.<\/p>\n<p>    <img   decoding=\"async\" loading=\"lazy\" src=\"https:\/\/www.europesays.com\/fr\/wp-content\/uploads\/2025\/08\/img-3668-960x640.jpg\" alt=\"La-Perlerie-22-Paris\" width=\"960\" height=\"640\"\/><br \/>\n    L\u2019\u00e9choppe ne manque pas de choix.\u00a0 (\u00a9AD \/ actu Paris)<\/p>\n<p class=\" wall-content\">Le dernier en date \u00e0 qu\u2019il a pos\u00e9 la question ? \u00ab\u00a0Une femme venue du Kazakhstan\u00a0\u00bb, pr\u00e9cise-t-il. Et d\u2019ajouter : \u00ab\u00a0Il y a \u00e9galement des touristes d\u2019Asie, du Maghreb, de Scandinavie\u2026 Il y a le monde entier\u00a0\u00bb.\u00a0Le brouhaha du lieu, o\u00f9 langues et accents s\u2019entrechoquent, apporte de l\u2019eau \u00e0 son moulin. Pas si \u00e9tonnant, non plus, en plein c\u0153ur <a href=\"https:\/\/actu.fr\/tag\/le-marais\" rel=\"nofollow noopener\" target=\"_blank\">du Marais<\/a>, sugg\u00e8re un autre : \u00ab\u00a0C\u2019est une <strong>client\u00e8le tr\u00e8s li\u00e9e au tourisme<\/strong>, dit-il. Avec une p\u00e9riode de rush juste apr\u00e8s le d\u00e9jeuner.\u00a0\u00bb<\/p>\n<p>Une tendance insuffl\u00e9e par Taylor Swift ?<\/p>\n<p class=\" wall-content\">Derri\u00e8re sa caisse, la responsable s\u2019\u00e9tonne : \u00ab\u00a0On ne sait pas vraiment ce qui a provoqu\u00e9 \u00e7a. On n\u2019est pas une entreprise nouvelle qui vient de se lancer et qui a march\u00e9 tout de suite. Pas du tout. On fait \u00e7a depuis une vingtaine d\u2019ann\u00e9es\u2026 On a d\u2019abord pens\u00e9 \u00e0 <a href=\"https:\/\/actu.fr\/ile-de-france\/paris_75056\/un-engouement-exceptionnel-un-an-apres-les-jo-la-belle-sante-des-clubs-de-paris-et-de-la-petite-couronne_62882977.html\" rel=\"nofollow noopener\" target=\"_blank\">l\u2019effet des JO<\/a>, puis on s\u2019est dit que Taylor Swift avait relanc\u00e9 la trend [<a href=\"https:\/\/actu.fr\/ile-de-france\/nanterre_92050\/en-images-genial-et-hyper-surprenant-le-concert-survolte-de-taylor-swift-a-paris_61047464.html\" rel=\"nofollow noopener\" target=\"_blank\">Lors des concerts de la star<\/a>, les fans s\u2019\u00e9changent des bracelets d\u2019amiti\u00e9 qu\u2019ils ont fabriqu\u00e9s].\u00a0\u00bb<\/p>\n<p>    <img   decoding=\"async\" loading=\"lazy\" src=\"https:\/\/www.europesays.com\/fr\/wp-content\/uploads\/2025\/08\/img-3669-960x640.jpg\" alt=\"La-Perlerie-22-Paris\" width=\"960\" height=\"640\"\/><br \/>\n    De toutes les nationalit\u00e9s et de tous les \u00e2ges. (\u00a9AD \/ actu Paris)<\/p>\n<p class=\" wall-content\">Sur place, quelques employ\u00e9s ont tent\u00e9 de comprendre et pensent que les vid\u00e9os des influenceuses <strong>Sarah Harouri et Yanman Lin<\/strong> ont jou\u00e9 un grand r\u00f4le dans ce regain de popularit\u00e9 notable. En parall\u00e8le, le bouche-\u00e0-oreille a particip\u00e9 \u00e0 transform\u00e9 l\u2019essai.\u00a0<\/p>\n<p>Des prix \u00ab\u00a0imbattables\u00a0\u00bb<\/p>\n<p class=\" wall-content\">\u00ab\u00a0Sur TikTok, le nom de La Perlerie 22 ressort tr\u00e8s vite. En quelques mois, j\u2019ai vraiment vu le nombre de clients augmenter\u00a0\u00bb, juge une habitu\u00e9e de l\u2019adresse depuis trois ans. M\u00eame son de cloche du c\u00f4t\u00e9 de la communication du lieu : \u00ab\u00a0On \u00e9tait tr\u00e8s peu pr\u00e9sent sur les r\u00e9seaux mais ces vid\u00e9os nous ont fait de la pub, \u00e7a a fait un effet boule de neige.\u00a0\u00bb<\/p>\n<blockquote class=\"tiktok-embed\" cite=\"https:\/\/www.tiktok.com\/@sarahharouri\/video\/7366301487263190305\" data-video-id=\"7366301487263190305\" data-embed-from=\"oembed\" style=\"max-width:605px; min-width:325px;\"><p>\n<a target=\"_blank\" title=\"@sarahharouri\" href=\"https:\/\/www.tiktok.com\/@sarahharouri?refer=embed\" rel=\"nofollow noopener\">@sarahharouri<\/a> <\/p>\n<p>\ud83d\udccdLa Perlerie 22, 22 rue du Temple, 75004 Paris  Avis aux amateurs de bijoux et de DIY, aujourd\u2019hui je vous partage une adresse qui a de grandes chances de vous plaire! \ud83e\udef6\ud83c\udffc <a title=\"diy\" target=\"_blank\" href=\"https:\/\/www.tiktok.com\/tag\/diy?refer=embed\" rel=\"nofollow noopener\">#diy<\/a><a title=\"charmsnecklace\" target=\"_blank\" href=\"https:\/\/www.tiktok.com\/tag\/charmsnecklace?refer=embed\" rel=\"nofollow noopener\">#charmsnecklace<\/a><a title=\"collierpersonnalis\u00e9\" target=\"_blank\" href=\"https:\/\/www.tiktok.com\/tag\/collierpersonnalis%C3%A9?refer=embed\" rel=\"nofollow noopener\">#collierpersonnalis\u00e9<\/a><a title=\"bijoux\" target=\"_blank\" href=\"https:\/\/www.tiktok.com\/tag\/bijoux?refer=embed\" rel=\"nofollow noopener\">#bijoux<\/a><a title=\"bonplan\" target=\"_blank\" href=\"https:\/\/www.tiktok.com\/tag\/bonplan?refer=embed\" rel=\"nofollow noopener\">#bonplan<\/a><a title=\"bijouxfaitmain\" target=\"_blank\" href=\"https:\/\/www.tiktok.com\/tag\/bijouxfaitmain?refer=embed\" rel=\"nofollow noopener\">#bijouxfaitmain<\/a><a title=\"handmadejewelry\" target=\"_blank\" href=\"https:\/\/www.tiktok.com\/tag\/handmadejewelry?refer=embed\" rel=\"nofollow noopener\">#handmadejewelry<\/a><a title=\"vlog\" target=\"_blank\" href=\"https:\/\/www.tiktok.com\/tag\/vlog?refer=embed\" rel=\"nofollow noopener\">#vlog<\/a><a title=\"acierinoxydable\" target=\"_blank\" href=\"https:\/\/www.tiktok.com\/tag\/acierinoxydable?refer=embed\" rel=\"nofollow noopener\">#acierinoxydable<\/a><a title=\"collierabreloques\" target=\"_blank\" href=\"https:\/\/www.tiktok.com\/tag\/collierabreloques?refer=embed\" rel=\"nofollow noopener\">#collierabreloques<\/a><a title=\"faitmain\" target=\"_blank\" href=\"https:\/\/www.tiktok.com\/tag\/faitmain?refer=embed\" rel=\"nofollow noopener\">#faitmain<\/a>  *collaboration \u2013 produits offerts <\/p>\n<p> <a target=\"_blank\" title=\"\u266c son original - Sarah\" href=\"https:\/\/www.tiktok.com\/music\/son-original-7366301568427199265?refer=embed\" rel=\"nofollow noopener\">\u266c son original \u2013 Sarah<\/a> <\/p>\n<\/blockquote>\n<p class=\" wall-content\">Sur le pas de la porte, un agent de s\u00e9curit\u00e9 g\u00e8re d\u00e9sormais le flux, entre autres. \u00ab\u00a0On ajuste, mais, globalement, on laisse une vingtaine de personnes dans l\u2019espace. C\u2019est un peu petit et il faut du temps pour cr\u00e9er son bijou. Donc, en fonction de la m\u00e9t\u00e9o, c\u2019est s\u00fbr qu\u2019il peut y avoir une grand queue dehors\u00a0\u00bb, d\u00e9taille-t-il.\u00a0<\/p>\n<p class=\" wall-content\">Celui-ci a aussi \u00e9t\u00e9 engag\u00e9 \u00e0 cause des nombreux vols et de clients qui \u00ab\u00a0for\u00e7aient pour entrer\u00a0\u00bb. Pourtant, les prix aussi sont visiblement tr\u00e8s attractifs. En sortant, une cliente montre son ticket de caisse \u00e0 l\u2019agent et l\u00e2che dans un grand sourire : \u00ab\u00a0dans ma bijouterie rue Rambuteau, j\u2019en avais pour 15 euros pour un pendentif !\u00a0\u00bb Aujourd\u2019hui, elle a d\u00e9bours\u00e9 moins de cinq euros et elle en a obtenu deux.\u00a0<\/p>\n<p class=\" wall-content\">Suivez toute l\u2019actualit\u00e9 de vos villes et m\u00e9dias favoris en vous inscrivant \u00e0 <a href=\"https:\/\/moncompte.actu.fr\" title=\"D\u00e9couvez Mon Actu\" rel=\"nofollow noopener\" data-trk=\"{&quot;cta&quot;:{&quot;action&quot;:&quot;https:\\\/\\\/moncompte.actu.fr&quot;,&quot;category&quot;:&quot;mon compte&quot;,&quot;from&quot;:&quot;article footer&quot;,&quot;name&quot;:&quot;Mon actu&quot;,&quot;type&quot;:&quot;cta&quot;}}\" target=\"_blank\">Mon Actu<\/a>.<\/p>\n<p>                    <script async src=\"\/\/www.tiktok.com\/embed.js\"><\/script><\/p>\n","protected":false},"excerpt":{"rendered":"Par Augustin Delaporte Publi\u00e9 le 1 ao\u00fbt 2025 \u00e0 6h04 Une file d\u2019attente que l\u2019on rep\u00e8re de loin&hellip;\n","protected":false},"author":2,"featured_media":288178,"comment_status":"","ping_status":"","sticky":false,"template":"","format":"standard","meta":{"footnotes":""},"categories":[1888],"tags":[11,215,1777,674,1011,27,1305,12,626,25],"class_list":{"0":"post-288177","1":"post","2":"type-post","3":"status-publish","4":"format-standard","5":"has-post-thumbnail","7":"category-paris","8":"tag-actualites","9":"tag-commerce","10":"tag-eu","11":"tag-europe","12":"tag-fr","13":"tag-france","14":"tag-lifestyle","15":"tag-news","16":"tag-paris","17":"tag-republique-francaise"},"share_on_mastodon":{"url":"https:\/\/pubeurope.com\/@fr\/114951554994040100","error":""},"_links":{"self":[{"href":"https:\/\/www.europesays.com\/fr\/wp-json\/wp\/v2\/posts\/288177","targetHints":{"allow":["GET"]}}],"collection":[{"href":"https:\/\/www.europesays.com\/fr\/wp-json\/wp\/v2\/posts"}],"about":[{"href":"https:\/\/www.europesays.com\/fr\/wp-json\/wp\/v2\/types\/post"}],"author":[{"embeddable":true,"href":"https:\/\/www.europesays.com\/fr\/wp-json\/wp\/v2\/users\/2"}],"replies":[{"embeddable":true,"href":"https:\/\/www.europesays.com\/fr\/wp-json\/wp\/v2\/comments?post=288177"}],"version-history":[{"count":0,"href":"https:\/\/www.europesays.com\/fr\/wp-json\/wp\/v2\/posts\/288177\/revisions"}],"wp:featuredmedia":[{"embeddable":true,"href":"https:\/\/www.europesays.com\/fr\/wp-json\/wp\/v2\/media\/288178"}],"wp:attachment":[{"href":"https:\/\/www.europesays.com\/fr\/wp-json\/wp\/v2\/media?parent=288177"}],"wp:term":[{"taxonomy":"category","embeddable":true,"href":"https:\/\/www.europesays.com\/fr\/wp-json\/wp\/v2\/categories?post=288177"},{"taxonomy":"post_tag","embeddable":true,"href":"https:\/\/www.europesays.com\/fr\/wp-json\/wp\/v2\/tags?post=288177"}],"curies":[{"name":"wp","href":"https:\/\/api.w.org\/{rel}","templated":true}]}}