{"id":288183,"date":"2025-08-01T04:13:18","date_gmt":"2025-08-01T04:13:18","guid":{"rendered":"https:\/\/www.europesays.com\/fr\/288183\/"},"modified":"2025-08-01T04:13:18","modified_gmt":"2025-08-01T04:13:18","slug":"les-etats-unis-imposent-a-la-suisse-des-droits-de-douane-de-39-rts-ch","status":"publish","type":"post","link":"https:\/\/www.europesays.com\/fr\/288183\/","title":{"rendered":"Les Etats-Unis imposent \u00e0 la Suisse des droits de douane de 39% &#8211; rts.ch"},"content":{"rendered":"<p>Le pr\u00e9sident am\u00e9ricain Donald Trump a sign\u00e9 jeudi soir le d\u00e9cret instaurant les nouveaux droits de douane qui toucheront les produits de plusieurs dizaines de pays. Ces surtaxes prendront cependant effet le 7 ao\u00fbt, et non le 1er ao\u00fbt comme attendu initialement.<\/p>\n<p>Les pays ayant sign\u00e9 un accord commercial avant la date fatidique subissent les droits de douane annonc\u00e9s. L&rsquo;Union europ\u00e9enne (UE), le Japon ou la Cor\u00e9e du Sud verront donc leurs produits \u00eatre tax\u00e9s \u00e0 hauteur de 15%, et le Royaume-Uni de 10%.<\/p>\n<p>Tous les pays n&rsquo;ayant pas r\u00e9ussi \u00e0 se mettre d&rsquo;accord avec Washington voient les droits de douane appliqu\u00e9s \u00e0 leurs produits s&rsquo;\u00e9chelonner entre 10% et 41%, pour la Syrie.<\/p>\n<p>Dans un d\u00e9cret \u00e0 part, le Canada voit passer ses droits de douane sur ses produits import\u00e9s aux Etats-Unis de 25% \u00e0 35% \u00e0 compter du 1er ao\u00fbt. Cette hausse concerne uniquement les produits ne transitant pas dans le cadre de l&rsquo;accord de libre-\u00e9change nord-am\u00e9ricain (ACEUM).<\/p>\n<p>Dans un document publi\u00e9 sur son site internet, la Maison Blanche explique que les hausses de taxes annonc\u00e9es visent \u00e0 \u00ab\u00a0restructurer le commerce mondial au b\u00e9n\u00e9fice des travailleurs am\u00e9ricains\u00a0\u00bb<\/p>\n","protected":false},"excerpt":{"rendered":"Le pr\u00e9sident am\u00e9ricain Donald Trump a sign\u00e9 jeudi soir le d\u00e9cret instaurant les nouveaux droits de douane qui&hellip;\n","protected":false},"author":2,"featured_media":288184,"comment_status":"","ping_status":"","sticky":false,"template":"","format":"standard","meta":{"footnotes":""},"categories":[1589],"tags":[34131,14343,11,2160,75,33,6359,73,1866,14344,12,316,2543,3067,1864,1865,1863,308],"class_list":{"0":"post-288183","1":"post","2":"type-post","3":"status-publish","4":"format-standard","5":"has-post-thumbnail","7":"category-etats-unis","8":"tag-accord-q32183951","9":"tag-accords-commerciaux","10":"tag-actualites","11":"tag-commerce-international","12":"tag-donald-trump","13":"tag-economie","14":"tag-economie-et-finances","15":"tag-etats-unis","16":"tag-etats-unis-damerique","17":"tag-karin-keller-sutter","18":"tag-news","19":"tag-politique","20":"tag-relations-internationales","21":"tag-suisse","22":"tag-united-states","23":"tag-united-states-of-america","24":"tag-us","25":"tag-usa"},"share_on_mastodon":{"url":"https:\/\/pubeurope.com\/@fr\/114951566359561049","error":""},"_links":{"self":[{"href":"https:\/\/www.europesays.com\/fr\/wp-json\/wp\/v2\/posts\/288183","targetHints":{"allow":["GET"]}}],"collection":[{"href":"https:\/\/www.europesays.com\/fr\/wp-json\/wp\/v2\/posts"}],"about":[{"href":"https:\/\/www.europesays.com\/fr\/wp-json\/wp\/v2\/types\/post"}],"author":[{"embeddable":true,"href":"https:\/\/www.europesays.com\/fr\/wp-json\/wp\/v2\/users\/2"}],"replies":[{"embeddable":true,"href":"https:\/\/www.europesays.com\/fr\/wp-json\/wp\/v2\/comments?post=288183"}],"version-history":[{"count":0,"href":"https:\/\/www.europesays.com\/fr\/wp-json\/wp\/v2\/posts\/288183\/revisions"}],"wp:featuredmedia":[{"embeddable":true,"href":"https:\/\/www.europesays.com\/fr\/wp-json\/wp\/v2\/media\/288184"}],"wp:attachment":[{"href":"https:\/\/www.europesays.com\/fr\/wp-json\/wp\/v2\/media?parent=288183"}],"wp:term":[{"taxonomy":"category","embeddable":true,"href":"https:\/\/www.europesays.com\/fr\/wp-json\/wp\/v2\/categories?post=288183"},{"taxonomy":"post_tag","embeddable":true,"href":"https:\/\/www.europesays.com\/fr\/wp-json\/wp\/v2\/tags?post=288183"}],"curies":[{"name":"wp","href":"https:\/\/api.w.org\/{rel}","templated":true}]}}