{"id":288185,"date":"2025-08-01T04:14:20","date_gmt":"2025-08-01T04:14:20","guid":{"rendered":"https:\/\/www.europesays.com\/fr\/288185\/"},"modified":"2025-08-01T04:14:20","modified_gmt":"2025-08-01T04:14:20","slug":"le-royaume-uni-se-place-dans-le-sillage-de-la-france","status":"publish","type":"post","link":"https:\/\/www.europesays.com\/fr\/288185\/","title":{"rendered":"le Royaume-Uni se place dans le sillage de la France"},"content":{"rendered":"<p>                         <img loading=\"lazy\" decoding=\"async\" src=\"https:\/\/www.europesays.com\/fr\/wp-content\/uploads\/2025\/08\/1f9e202_upload-1-38med9l42jf0-008810.jpg\" alt=\"Le premier ministre britannique, Keir Starmer, au 10\u00a0Downing Street, \u00e0 Londres, le 29\u00a0juillet 2025.\"   width=\"664\" height=\"443\"\/>    Le premier ministre britannique, Keir Starmer, au 10\u00a0Downing Street, \u00e0 Londres, le 29\u00a0juillet 2025.  TOBY MELVILLE \/ REUTERS                 <\/p>\n<p class=\"article__paragraph  \">Le ministre des affaires \u00e9trang\u00e8res, Jean-No\u00ebl Barrot, \u00e9tait \u00e0 la tribune de l\u2019ONU, mardi 29\u00a0juillet, occup\u00e9 \u00e0 ressusciter la solution \u00e0 deux Etats pour esquisser la voie d\u2019une paix entre Isra\u00ebl et la Palestine. Au m\u00eame moment, le premier ministre britannique, Keir Starmer, s\u2019engageait, depuis l\u2019Ecosse, \u00e0 quelques r\u00e9serves pr\u00e8s, \u00e0 reconna\u00eetre, lors de la prochaine Assembl\u00e9e g\u00e9n\u00e9rale de l\u2019ONU, en septembre, l\u2019Etat de Palestine.<\/p>\n<p class=\"article__paragraph  \">Par ce geste, Keir Starmer se place dans le sillage d<a href=\"https:\/\/www.lemonde.fr\/international\/article\/2025\/07\/25\/emmanuel-macron-se-resout-a-reconnaitre-l-etat-de-palestine-devant-l-impasse-diplomatique-et-le-desastre-humanitaire-a-gaza_6623627_3210.html\" rel=\"nofollow noopener\" target=\"_blank\">\u2019Emmanuel Macron, qui avait fait la m\u00eame promesse cinq jours plus t\u00f4t.<\/a> Le locataire du 10\u00a0Downing Street a certes pr\u00e9cis\u00e9, dans sa d\u00e9claration, qu\u2019il pourrait se raviser si le gouvernement isra\u00e9lien prenait \u00ab\u00a0des, mesures substantielles pour mettre fin \u00e0 la situation \u00e9pouvantable \u00e0 Gaza\u00a0\u00bb, convenait \u00ab\u00a0d\u2019un cessez-le-feu\u00a0\u00bb et s\u2019engageait \u00ab\u00a0dans une paix durable et \u00e0 long terme, ravivant la perspective d\u2019une solution \u00e0 deux Etats\u00a0\u00bb.<\/p>\n<p class=\"article__paragraph  \">Mais la perspective que la coalition d\u2019extr\u00eame droite au pouvoir en Isra\u00ebl consente \u00e0 un tel revirement para\u00eet peu probable. Le premier ministre isra\u00e9lien, Benyamin N\u00e9tanyahou, a d\u2019ailleurs vivement r\u00e9agi, estimant que \u00ab\u00a0Starmer r\u00e9compense le terrorisme monstrueux du Hamas et punit ses victimes\u00a0\u00bb, des formules d\u00e9j\u00e0 utilis\u00e9es \u00e0 l\u2019endroit d\u2019Emmanuel Macron.<\/p>\n<p class=\"reading-mode-only \"><strong>Il vous reste 72.32% de cet article \u00e0 lire. La suite est r\u00e9serv\u00e9e aux abonn\u00e9s.<\/strong><\/p>\n","protected":false},"excerpt":{"rendered":"Le premier ministre britannique, Keir Starmer, au 10\u00a0Downing Street, \u00e0 Londres, le 29\u00a0juillet 2025. TOBY MELVILLE \/ REUTERS&hellip;\n","protected":false},"author":2,"featured_media":288186,"comment_status":"","ping_status":"","sticky":false,"template":"","format":"standard","meta":{"footnotes":""},"categories":[1588],"tags":[11,1777,674,12,473,1853,1851,1850,1852],"class_list":{"0":"post-288185","1":"post","2":"type-post","3":"status-publish","4":"format-standard","5":"has-post-thumbnail","7":"category-royaume-uni","8":"tag-actualites","9":"tag-eu","10":"tag-europe","11":"tag-news","12":"tag-royaume-uni","13":"tag-royaume-uni-de-grande-bretagne-et-dirlande-du-nord","14":"tag-uk","15":"tag-united-kingdom","16":"tag-united-kingdom-of-great-britain-and-northern-ireland"},"share_on_mastodon":{"url":"https:\/\/pubeurope.com\/@fr\/114951570358923551","error":""},"_links":{"self":[{"href":"https:\/\/www.europesays.com\/fr\/wp-json\/wp\/v2\/posts\/288185","targetHints":{"allow":["GET"]}}],"collection":[{"href":"https:\/\/www.europesays.com\/fr\/wp-json\/wp\/v2\/posts"}],"about":[{"href":"https:\/\/www.europesays.com\/fr\/wp-json\/wp\/v2\/types\/post"}],"author":[{"embeddable":true,"href":"https:\/\/www.europesays.com\/fr\/wp-json\/wp\/v2\/users\/2"}],"replies":[{"embeddable":true,"href":"https:\/\/www.europesays.com\/fr\/wp-json\/wp\/v2\/comments?post=288185"}],"version-history":[{"count":0,"href":"https:\/\/www.europesays.com\/fr\/wp-json\/wp\/v2\/posts\/288185\/revisions"}],"wp:featuredmedia":[{"embeddable":true,"href":"https:\/\/www.europesays.com\/fr\/wp-json\/wp\/v2\/media\/288186"}],"wp:attachment":[{"href":"https:\/\/www.europesays.com\/fr\/wp-json\/wp\/v2\/media?parent=288185"}],"wp:term":[{"taxonomy":"category","embeddable":true,"href":"https:\/\/www.europesays.com\/fr\/wp-json\/wp\/v2\/categories?post=288185"},{"taxonomy":"post_tag","embeddable":true,"href":"https:\/\/www.europesays.com\/fr\/wp-json\/wp\/v2\/tags?post=288185"}],"curies":[{"name":"wp","href":"https:\/\/api.w.org\/{rel}","templated":true}]}}